{"id":19687,"date":"2025-04-12T11:21:24","date_gmt":"2025-04-12T11:21:24","guid":{"rendered":"https:\/\/www.europesays.com\/fr\/19687\/"},"modified":"2025-04-12T11:21:24","modified_gmt":"2025-04-12T11:21:24","slug":"a-sciences-po-strasbourg-la-police-met-fin-au-blocage-actualites","status":"publish","type":"post","link":"https:\/\/www.europesays.com\/fr\/19687\/","title":{"rendered":"A Sciences Po Strasbourg, la police met fin au blocage : Actualit\u00e9s"},"content":{"rendered":"<p class=\"lead \">Le blocage de Sciences Po Strasbourg par des \u00e9tudiants, entam\u00e9 mercredi apr\u00e8s un vote du conseil d&rsquo;administration maintenant un partenariat controvers\u00e9 avec une universit\u00e9 isra\u00e9lienne, contre l&rsquo;avis d&rsquo;un comit\u00e9 paritaire interne, a \u00e9t\u00e9 lev\u00e9 jeudi matin par les forces de l&rsquo;ordre, a constat\u00e9 l&rsquo;AFP.<\/p>\n<p class=\"lead \">Une cinquantaine d&rsquo;agents des CRS sont intervenus en milieu de matin\u00e9e alors que des \u00e9tudiants suivaient un cours sur le parvis de l&rsquo;\u00e9tablissement. Apr\u00e8s sommations, les CRS ont pu r\u00e9tablir l&rsquo;acc\u00e8s au b\u00e2timent sans heurts.<\/p>\n<p class=\"lead \">C&rsquo;est la nouvelle pr\u00e9sidente de l&rsquo;universit\u00e9 de Strasbourg, Fr\u00e9d\u00e9rique Berrod, qui a sollicit\u00e9 l&rsquo;intervention des forces de l&rsquo;ordre, a indiqu\u00e9 \u00e0 l&rsquo;AFP le service de communication de l&rsquo;Universit\u00e9. <\/p>\n<p class=\"lead \">Mercredi, Mme Berrod avait appel\u00e9 lors d&rsquo;une conf\u00e9rence de presse \u00e0 la \u00ab\u00a0lev\u00e9e du blocage\u00a0\u00bb. La d\u00e9cision de maintenir le partenariat entre Sciences Po Strasbourg et la Lauder School of Government de l&rsquo;Universit\u00e9 Reichman en Isra\u00ebl &#8211; que les \u00e9tudiants accusent de soutenir la politique du gouvernement isra\u00e9lien \u00e0 Gaza &#8211; \u00ab\u00a0est prise\u00a0\u00bb et \u00ab\u00a0il me semble, a \u00e9t\u00e9 la plus d\u00e9mocratique possible\u00a0\u00bb, avait-elle observ\u00e9.<\/p>\n<p class=\"lead \">Mardi soir, le Conseil d&rsquo;administration a approuv\u00e9 le maintien du partenariat par 16 voix pour, 14 contre et trois abstentions. Il a ainsi d\u00e9cid\u00e9 de ne pas suivre les conclusions d&rsquo;un \u00ab\u00a0comit\u00e9 d&rsquo;examen du partenariat\u00a0\u00bb de 10 membres (cinq \u00e9tudiants et cinq enseignants) mis en place en mars pour tenter de d\u00e9gager une solution consensuelle et ainsi mettre fin aux blocages qui s&rsquo;\u00e9taient tenus depuis janvier.<\/p>\n<p class=\"lead \">Ce comit\u00e9 a pr\u00e9conis\u00e9 de mettre un terme aux \u00e9changes d&rsquo;\u00e9tudiants entre l&rsquo;IEP Strasbourg et la Lauder School of Government, et de rechercher un \u00ab\u00a0partenariat alternatif\u00a0\u00bb avec une autre universit\u00e9 isra\u00e9lienne.<\/p>\n<p class=\"lead \">Le partenariat avait initialement \u00e9t\u00e9 suspendu lors d&rsquo;un vote du conseil d&rsquo;administration en juin tenu \u00e0 l&rsquo;initiative du syndicat Alternative \u00c9tudiante. Un nouveau vote, lors d&rsquo;une r\u00e9union du conseil d&rsquo;administration en d\u00e9cembre, avait ensuite r\u00e9tabli le partenariat et provoqu\u00e9 des blocages.<\/p>\n<p class=\"small font-weight-bold text-gray3 \"> publi\u00e9 le 10 avril \u00e0 12h44, AFP<\/p>\n<p>                             Partager<\/p>\n","protected":false},"excerpt":{"rendered":"Le blocage de Sciences Po Strasbourg par des \u00e9tudiants, entam\u00e9 mercredi apr\u00e8s un vote du conseil d&rsquo;administration maintenant&hellip;\n","protected":false},"author":2,"featured_media":19688,"comment_status":"","ping_status":"","sticky":false,"template":"","format":"standard","meta":{"footnotes":""},"categories":[2820],"tags":[7619,7620,1111,11,2120,1777,674,1011,27,775,3819,12,7621,25,640],"class_list":{"0":"post-19687","1":"post","2":"type-post","3":"status-publish","4":"format-standard","5":"has-post-thumbnail","7":"category-strasbourg","8":"tag-ducation","9":"tag-tudiants","10":"tag-actu","11":"tag-actualites","12":"tag-conflit","13":"tag-eu","14":"tag-europe","15":"tag-fr","16":"tag-france","17":"tag-grand-est","18":"tag-isral","19":"tag-news","20":"tag-palestiniens","21":"tag-republique-francaise","22":"tag-strasbourg"},"share_on_mastodon":{"url":"https:\/\/pubeurope.com\/@fr\/114324732866999587","error":""},"_links":{"self":[{"href":"https:\/\/www.europesays.com\/fr\/wp-json\/wp\/v2\/posts\/19687","targetHints":{"allow":["GET"]}}],"collection":[{"href":"https:\/\/www.europesays.com\/fr\/wp-json\/wp\/v2\/posts"}],"about":[{"href":"https:\/\/www.europesays.com\/fr\/wp-json\/wp\/v2\/types\/post"}],"author":[{"embeddable":true,"href":"https:\/\/www.europesays.com\/fr\/wp-json\/wp\/v2\/users\/2"}],"replies":[{"embeddable":true,"href":"https:\/\/www.europesays.com\/fr\/wp-json\/wp\/v2\/comments?post=19687"}],"version-history":[{"count":0,"href":"https:\/\/www.europesays.com\/fr\/wp-json\/wp\/v2\/posts\/19687\/revisions"}],"wp:featuredmedia":[{"embeddable":true,"href":"https:\/\/www.europesays.com\/fr\/wp-json\/wp\/v2\/media\/19688"}],"wp:attachment":[{"href":"https:\/\/www.europesays.com\/fr\/wp-json\/wp\/v2\/media?parent=19687"}],"wp:term":[{"taxonomy":"category","embeddable":true,"href":"https:\/\/www.europesays.com\/fr\/wp-json\/wp\/v2\/categories?post=19687"},{"taxonomy":"post_tag","embeddable":true,"href":"https:\/\/www.europesays.com\/fr\/wp-json\/wp\/v2\/tags?post=19687"}],"curies":[{"name":"wp","href":"https:\/\/api.w.org\/{rel}","templated":true}]}}