{"id":196881,"date":"2025-06-22T23:24:11","date_gmt":"2025-06-22T23:24:11","guid":{"rendered":"https:\/\/www.europesays.com\/fr\/196881\/"},"modified":"2025-06-22T23:24:11","modified_gmt":"2025-06-22T23:24:11","slug":"un-grand-bublik-bat-medvedev-en-finale-a-halle-et-decroche-son-5e-titre-en-carriere","status":"publish","type":"post","link":"https:\/\/www.europesays.com\/fr\/196881\/","title":{"rendered":"un grand Bublik bat Medvedev en finale \u00e0 Halle et d\u00e9croche son 5e titre en carri\u00e8re"},"content":{"rendered":"<p>Alexander Bublik a remport\u00e9 le tournoi de Halle en prenant le meilleur sur Daniil Medvedev, adversaire qu\u2019il n\u2019avait jamais battu en six confrontations jusqu\u2019ici. Le Kazakh a gagn\u00e9 en deux sets et 1h22 de jeu.<\/p>\n<p class=\"fig-paragraph\">Le Kazakh Alexander Bublik, tombeur du\u00a0<a href=\"http:\/\/www.lefigaro.fr\/sports\/tennis\/tennis-en-video-l-improbable-duo-entre-jannik-sinner-et-le-chanteur-lyrique-andrea-bocelli-20250620\" data-fig-type=\"NewsFlash\" data-gtm-custom-categorie=\"navigation\" data-gtm-custom-action=\"crossclick\" data-gtm-custom-label=\"Contextuel\" data-gtm-event=\"customEventSPE\" data-fig-domain=\"LEFIGARO\" target=\"_blank\" rel=\"noopener\">n\u00b01 mondial Jannik Sinner<\/a>\u00a0en huiti\u00e8mes de finale, a domin\u00e9 dimanche\u00a0<a href=\"http:\/\/www.lefigaro.fr\/sports\/tennis\/tennis-medvedev-s-offre-zverev-a-halle-et-une-premiere-finale-en-15-mois-20250621\" data-fig-type=\"NewsFlash\" data-gtm-custom-categorie=\"navigation\" data-gtm-custom-action=\"crossclick\" data-gtm-custom-label=\"Contextuel\" data-gtm-event=\"customEventSPE\" data-fig-domain=\"LEFIGARO\" target=\"_blank\" rel=\"noopener\">Daniil Medvedev<\/a>\u00a0en finale du tournoi ATP 500 de Halle (ouest de l&rsquo;Allemagne) sur gazon, trouvant enfin la solution face \u00e0 sa b\u00eate noire.<\/p>\n<p class=\"fig-paragraph\">Apr\u00e8s six d\u00e9faites en autant de rencontres face \u00e0 au Russe Daniil Medvedev sur le circuit ATP, Alexander Bublik s&rsquo;est impos\u00e9 en deux sets 6-3, 7-6 (7\/4), et 1h22 pour remporter leur premi\u00e8re confrontation sur gazon, le tout \u00e0 une semaine du d\u00e9but de Wimbledon (30 juin-13 juillet).<\/p>\n<p>Bublik fait un bond au classement ATP<\/p>\n<p class=\"fig-paragraph\">Gr\u00e2ce \u00e0 ce titre, le deuxi\u00e8me \u00e0 Halle apr\u00e8s 2023 et le cinqui\u00e8me dans sa carri\u00e8re, Bublik va passer de la 45e \u00e0 la 30e place au classement ATP de lundi, alors que Medvedev, qui disputait sa premi\u00e8re finale depuis 15 mois, occupera la 9e place mondiale.<\/p>\n<p class=\"fig-paragraph\">Ancien n\u00b01 mondial (fin f\u00e9vrier et d\u00e9but mars 2022, puis de mi-juin \u00e0 fin septembre 2022), Medvedev a perdu sa sixi\u00e8me finale cons\u00e9cutive, son 20e et dernier titre remontant au Masters 1000 de Rome en mai 2023 (terre battue).<\/p>\n","protected":false},"excerpt":{"rendered":"Alexander Bublik a remport\u00e9 le tournoi de Halle en prenant le meilleur sur Daniil Medvedev, adversaire qu\u2019il n\u2019avait&hellip;\n","protected":false},"author":2,"featured_media":196882,"comment_status":"","ping_status":"","sticky":false,"template":"","format":"standard","meta":{"footnotes":""},"categories":[1415],"tags":[47,4169,525,1981,4178,3252,4179,1011,27,1114,20859,3996,4177,4176,4174,4175,1980,4171,60,1467,4172,4173,4170],"class_list":{"0":"post-196881","1":"post","2":"type-post","3":"status-publish","4":"format-standard","5":"has-post-thumbnail","7":"category-tennis","8":"tag-actualite","9":"tag-atp","10":"tag-calendrier","11":"tag-classement","12":"tag-coupe-davis","13":"tag-daniil-medvedev","14":"tag-fed-cup","15":"tag-fr","16":"tag-france","17":"tag-infos","18":"tag-jannik-sinner","19":"tag-jeux-olympiques","20":"tag-masters-1000","21":"tag-masters-500","22":"tag-masters-series","23":"tag-open-daustralie","24":"tag-resultats","25":"tag-roland-garros","26":"tag-sports","27":"tag-tennis","28":"tag-us-open","29":"tag-wimbledon","30":"tag-wta"},"share_on_mastodon":{"url":"https:\/\/pubeurope.com\/@fr\/114729599966132892","error":""},"_links":{"self":[{"href":"https:\/\/www.europesays.com\/fr\/wp-json\/wp\/v2\/posts\/196881","targetHints":{"allow":["GET"]}}],"collection":[{"href":"https:\/\/www.europesays.com\/fr\/wp-json\/wp\/v2\/posts"}],"about":[{"href":"https:\/\/www.europesays.com\/fr\/wp-json\/wp\/v2\/types\/post"}],"author":[{"embeddable":true,"href":"https:\/\/www.europesays.com\/fr\/wp-json\/wp\/v2\/users\/2"}],"replies":[{"embeddable":true,"href":"https:\/\/www.europesays.com\/fr\/wp-json\/wp\/v2\/comments?post=196881"}],"version-history":[{"count":0,"href":"https:\/\/www.europesays.com\/fr\/wp-json\/wp\/v2\/posts\/196881\/revisions"}],"wp:featuredmedia":[{"embeddable":true,"href":"https:\/\/www.europesays.com\/fr\/wp-json\/wp\/v2\/media\/196882"}],"wp:attachment":[{"href":"https:\/\/www.europesays.com\/fr\/wp-json\/wp\/v2\/media?parent=196881"}],"wp:term":[{"taxonomy":"category","embeddable":true,"href":"https:\/\/www.europesays.com\/fr\/wp-json\/wp\/v2\/categories?post=196881"},{"taxonomy":"post_tag","embeddable":true,"href":"https:\/\/www.europesays.com\/fr\/wp-json\/wp\/v2\/tags?post=196881"}],"curies":[{"name":"wp","href":"https:\/\/api.w.org\/{rel}","templated":true}]}}