{"id":196907,"date":"2025-06-22T23:38:09","date_gmt":"2025-06-22T23:38:09","guid":{"rendered":"https:\/\/www.europesays.com\/fr\/196907\/"},"modified":"2025-06-22T23:38:09","modified_gmt":"2025-06-22T23:38:09","slug":"jetais-ruinee-et-infidele-quand-jetais-cocue-flavie-flament-repond-aux-rumeurs-dans-un-message-sans-aucune-ambiguite","status":"publish","type":"post","link":"https:\/\/www.europesays.com\/fr\/196907\/","title":{"rendered":"\u00ab\u00a0J\u2019\u00e9tais ruin\u00e9e et infid\u00e8le quand j\u2019\u00e9tais cocue\u00a0\u00bb : Flavie Flament r\u00e9pond aux rumeurs dans un message sans aucune ambigu\u00eft\u00e9"},"content":{"rendered":"<p>L\u2019ambiance ne semble pas vraiment au beau fixe sur T\u00e9l\u00e9matin.<br \/>\nPour commencer, m\u00eame si l\u2019\u00e9mission reste leader dans son genre, les<br \/>\naudiences sont \u00e0 la baisse. En effet, l\u2019\u00e9cart avec \u201cBonjour<br \/>\n!\u201d, la matinale de TF1, se resserre de plus en plus.<br \/>\nR\u00e9cemment, <a href=\"https:\/\/www.telestar.fr\/actu_tv\/telematin-les-audiences-decevantes-thierry-beccaro-a-sa-petite-idee-1727959\" target=\"_blank\" rel=\"noopener\"><br \/>\nThierry Beccaro<\/a> n\u2019avait pas h\u00e9sit\u00e9 \u00e0 remettre en cause le<br \/>\ntalent de <a href=\"https:\/\/www.closermag.fr\/tv_tele_realite\/flavie-flament-et-julien-arnaud-deux-solistes-les-langues-se-delient-sur-le-nouveau-duo-de-telematin-de-premieres-tensions-en-vues-3516291\" target=\"_blank\" rel=\"noopener\"><br \/>\nJulien Arnaud et Flavie Flament<\/a>, le duo form\u00e9 depuis la rentr\u00e9e<br \/>\n2024.<\/p>\n<p>Face \u00e0 des r\u00e9sultats jug\u00e9s d\u00e9cevants, il se pourrait qu\u2019un<br \/>\nremaniement ait lieu en septembre 2025. D\u2019autant plus que si on en<br \/>\ncroit les bruits de couloirs, l\u2019entente entre les deux animateurs<br \/>\nne serait que fa\u00e7ade. Certains disent m\u00eame que Flavie Flament<br \/>\nserait sur le d\u00e9part. Dimanche 22 juin, l\u2019animatrice de T\u00e9l\u00e9matin<br \/>\nr\u00e9pond dans un message clair.<\/p>\n<p>Flavie Flament poste un message qui ne laisse aucun place au<br \/>\ndoute<\/p>\n<p>C\u2019est sur Instagram que Flavie Flament a choisi de r\u00e9pondre \u00e0<br \/>\ntoutes les rumeurs qui circulent \u00e0 son sujet. Et le ton semble<br \/>\nassez cynique : \u201cJe suis d\u00e9j\u00e0 morte 2 fois, j\u2019ai eu le VIH et<br \/>\n<strong>je devrais aujourd\u2019hui \u00eatre m\u00e8re de 6 enfants !<\/strong> On<br \/>\nm\u2019a d\u00e9clar\u00e9e vir\u00e9e quand je venais de signer un contrat, seule<br \/>\nquand j\u2019\u00e9tais entour\u00e9e, heureuse quand ma vie \u00e9tait un d\u00e9sastre,<br \/>\nriche quand j\u2019\u00e9tais ruin\u00e9e et infid\u00e8le quand j\u2019\u00e9tais cocue\u201d,<br \/>\ncommence l\u2019animatrice de T\u00e9l\u00e9matin.<\/p>\n<p>S\u00fbrement las d\u2019entendre de nombreuses fausset\u00e9 \u00e0 son sujet, et<br \/>\nde faire face des \u2018on-dit\u2019 la concernant, elle poursuit en \u00e9crivant<br \/>\n: \u201cOn m\u2019a vue l\u00e0\u2026 quand j\u2019\u00e9tais l\u00e0-bas ! On m\u2019assure mordicus<br \/>\nque j\u2019ai dit \u00e7a, et puis \u00e7a. Pas la peine de penser, d\u2019aucuns le<br \/>\nfont si bien pour moi\u2026 On me dit f\u00e2ch\u00e9e avec ceux que j\u2019aime et<br \/>\namie avec d\u2019autres\u2026 que je n\u2019ai jamais rencontr\u00e9s. On pr\u00e9tend<br \/>\nconna\u00eetre mes ambitions, percer mes secrets, d\u00e9chiffrer mes<br \/>\nv\u0153ux.\u201d<\/p>\n<p>Flavie Flament garde le sourire<\/p>\n<p>Enfin, Flavie Flament semblerait vouloir faire taire tout le<br \/>\nmonde et montrer qu\u2019elle est plus forte que tout cela. Elle conclut<br \/>\nde la mani\u00e8re suivante : \u201cAux petites langues de vip marchandes<br \/>\nde putaclics<strong>: mon sourire et mes valeurs survivront<br \/>\nlongtemps<\/strong> \u00e0 votre derni\u00e8re goutte de fiel. C\u2019est vous<br \/>\ndire!!! Bisous\u201d.<\/p>\n<p>Pour accompagner ses propos, <a href=\"https:\/\/www.closermag.fr\/people\/flavie-flament-ce-deuil-qui-a-ravive-les-flashs-des-viols-quelle-a-subis-3425410\" target=\"_blank\" rel=\"noopener\"><br \/>\nl\u2019animatrice de T\u00e9l\u00e9matin<\/a> a post\u00e9 un carrousel de photo. Sur<br \/>\nles images, dont cinq selfies d\u2019elle, en train de faire un bisou<br \/>\ndans le train, dans la piscine ou encore au bord de la mer. Enfin,<br \/>\nle dernier repr\u00e9sente un c\u0153ur dessin\u00e9 dans le sable. Un message<br \/>\nclair, qui mettra peut-\u00eatre fin aux rumeurs concernant son d\u00e9part.<br \/>\nQuoi qu\u2019il en soit, France T\u00e9l\u00e9visions n\u2019a pas encore communiqu\u00e9 \u00e0<br \/>\nce sujet.<\/p>\n","protected":false},"excerpt":{"rendered":"L\u2019ambiance ne semble pas vraiment au beau fixe sur T\u00e9l\u00e9matin. Pour commencer, m\u00eame si l\u2019\u00e9mission reste leader dans&hellip;\n","protected":false},"author":2,"featured_media":196908,"comment_status":"","ping_status":"","sticky":false,"template":"","format":"standard","meta":{"footnotes":""},"categories":[8],"tags":[548,58,59,7844,1011,27],"class_list":{"0":"post-196907","1":"post","2":"type-post","3":"status-publish","4":"format-standard","5":"has-post-thumbnail","7":"category-divertissement","8":"tag-article-simple","9":"tag-divertissement","10":"tag-entertainment","11":"tag-flavie-flament","12":"tag-fr","13":"tag-france"},"share_on_mastodon":{"url":"https:\/\/pubeurope.com\/@fr\/114729654920007509","error":""},"_links":{"self":[{"href":"https:\/\/www.europesays.com\/fr\/wp-json\/wp\/v2\/posts\/196907","targetHints":{"allow":["GET"]}}],"collection":[{"href":"https:\/\/www.europesays.com\/fr\/wp-json\/wp\/v2\/posts"}],"about":[{"href":"https:\/\/www.europesays.com\/fr\/wp-json\/wp\/v2\/types\/post"}],"author":[{"embeddable":true,"href":"https:\/\/www.europesays.com\/fr\/wp-json\/wp\/v2\/users\/2"}],"replies":[{"embeddable":true,"href":"https:\/\/www.europesays.com\/fr\/wp-json\/wp\/v2\/comments?post=196907"}],"version-history":[{"count":0,"href":"https:\/\/www.europesays.com\/fr\/wp-json\/wp\/v2\/posts\/196907\/revisions"}],"wp:featuredmedia":[{"embeddable":true,"href":"https:\/\/www.europesays.com\/fr\/wp-json\/wp\/v2\/media\/196908"}],"wp:attachment":[{"href":"https:\/\/www.europesays.com\/fr\/wp-json\/wp\/v2\/media?parent=196907"}],"wp:term":[{"taxonomy":"category","embeddable":true,"href":"https:\/\/www.europesays.com\/fr\/wp-json\/wp\/v2\/categories?post=196907"},{"taxonomy":"post_tag","embeddable":true,"href":"https:\/\/www.europesays.com\/fr\/wp-json\/wp\/v2\/tags?post=196907"}],"curies":[{"name":"wp","href":"https:\/\/api.w.org\/{rel}","templated":true}]}}