{"id":196925,"date":"2025-06-22T23:50:10","date_gmt":"2025-06-22T23:50:10","guid":{"rendered":"https:\/\/www.europesays.com\/fr\/196925\/"},"modified":"2025-06-22T23:50:10","modified_gmt":"2025-06-22T23:50:10","slug":"previsions-du-lundi-23-juin-2025-2","status":"publish","type":"post","link":"https:\/\/www.europesays.com\/fr\/196925\/","title":{"rendered":"pr\u00e9visions du lundi 23 juin 2025"},"content":{"rendered":"<p>Un splendide soleil brillera sur Montpellier, o\u00f9 la journ\u00e9e sera des plus agr\u00e9ables. Ce sera un bel \u00e9t\u00e9 : les temp\u00e9ratures s&rsquo;\u00e9chelonneront entre 21 et 32\u00b0C. Attention \u00e0 la vague de chaud dans la matin\u00e9e. Des valeurs de 24 \u00e0 31\u00b0C sont attendues. Un modeste vent de nord sera ressenti par les habitants. La m\u00e9t\u00e9o va se r\u00e9chauffer l&rsquo;apr\u00e8s-midi avec une augmentation de quelques degr\u00e9s pour un \u00e9t\u00e9 chaud. Les grosses chaleurs sont pr\u00e9sentes. Avec des temp\u00e9ratures comprises entre 31 et 32\u00b0C. La ville va souffrir d&rsquo;importantes chaleurs avec des valeurs qui pourraient monter jusqu&rsquo;\u00e0 31\u00b0C le soir. Une nuit claire vous attendra entre lundi et mardi.<\/p>\n<p>C&rsquo;est un soleil \u00e9clatant qui va se montrer demain sur Montpellier. C&rsquo;est une hausse de quelques degr\u00e9s que vont conna\u00eetre les temp\u00e9ratures pour un temps de plus en plus estival. De tr\u00e8s fortes chaleurs (entre 23\u00b0C et 33\u00b0C) sont pr\u00e9vues. Les temp\u00e9ratures afficheront entre 23 et 33\u00b0C, un temps bel et bien de saison. La matin\u00e9e va se trouver tr\u00e8s suffocante : pr\u00e8s de 33\u00b0C. Une l\u00e9g\u00e8re brise de nord-ouest soufflera. La ville va conna\u00eetre, demain apr\u00e8s-midi, une vague de grosses chaleurs avec des valeurs qui atteindront parfois les 33\u00b0C. Un vent de sud soufflera l\u00e9g\u00e8rement, avec 10 km\/h dans la soir\u00e9e.<\/p>\n<p>La m\u00e9t\u00e9o restera stable les jours \u00e0 venir. On anticipe des journ\u00e9es ensoleill\u00e9es, accompagn\u00e9es par des temp\u00e9ratures dans les 31\u00b0C en moyenne.<\/p>\n<p>V\u00e9rifiez si votre ville est en vigilance canicule. Dans tous les cas, il convient de prendre quelques pr\u00e9cautions pour se pr\u00e9munir contre la chaleur : buvez beaucoup et \u00e9vitez d&rsquo;aller au soleil pendant les heures les plus chaudes.<\/p>\n","protected":false},"excerpt":{"rendered":"Un splendide soleil brillera sur Montpellier, o\u00f9 la journ\u00e9e sera des plus agr\u00e9ables. Ce sera un bel \u00e9t\u00e9&hellip;\n","protected":false},"author":2,"featured_media":196926,"comment_status":"","ping_status":"","sticky":false,"template":"","format":"standard","meta":{"footnotes":""},"categories":[9599],"tags":[1111,11,1777,674,1011,27,7089,2681,2208,12,2680,2119,25],"class_list":{"0":"post-196925","1":"post","2":"type-post","3":"status-publish","4":"format-standard","5":"has-post-thumbnail","7":"category-montpellier","8":"tag-actu","9":"tag-actualites","10":"tag-eu","11":"tag-europe","12":"tag-fr","13":"tag-france","14":"tag-herault","15":"tag-languedoc-roussillon","16":"tag-montpellier","17":"tag-news","18":"tag-occitanie","19":"tag-previsions-meteo","20":"tag-republique-francaise"},"share_on_mastodon":{"url":"https:\/\/pubeurope.com\/@fr\/114729702095433195","error":""},"_links":{"self":[{"href":"https:\/\/www.europesays.com\/fr\/wp-json\/wp\/v2\/posts\/196925","targetHints":{"allow":["GET"]}}],"collection":[{"href":"https:\/\/www.europesays.com\/fr\/wp-json\/wp\/v2\/posts"}],"about":[{"href":"https:\/\/www.europesays.com\/fr\/wp-json\/wp\/v2\/types\/post"}],"author":[{"embeddable":true,"href":"https:\/\/www.europesays.com\/fr\/wp-json\/wp\/v2\/users\/2"}],"replies":[{"embeddable":true,"href":"https:\/\/www.europesays.com\/fr\/wp-json\/wp\/v2\/comments?post=196925"}],"version-history":[{"count":0,"href":"https:\/\/www.europesays.com\/fr\/wp-json\/wp\/v2\/posts\/196925\/revisions"}],"wp:featuredmedia":[{"embeddable":true,"href":"https:\/\/www.europesays.com\/fr\/wp-json\/wp\/v2\/media\/196926"}],"wp:attachment":[{"href":"https:\/\/www.europesays.com\/fr\/wp-json\/wp\/v2\/media?parent=196925"}],"wp:term":[{"taxonomy":"category","embeddable":true,"href":"https:\/\/www.europesays.com\/fr\/wp-json\/wp\/v2\/categories?post=196925"},{"taxonomy":"post_tag","embeddable":true,"href":"https:\/\/www.europesays.com\/fr\/wp-json\/wp\/v2\/tags?post=196925"}],"curies":[{"name":"wp","href":"https:\/\/api.w.org\/{rel}","templated":true}]}}