{"id":196929,"date":"2025-06-22T23:57:09","date_gmt":"2025-06-22T23:57:09","guid":{"rendered":"https:\/\/www.europesays.com\/fr\/196929\/"},"modified":"2025-06-22T23:57:09","modified_gmt":"2025-06-22T23:57:09","slug":"previsions-du-lundi-23-juin-2025-3","status":"publish","type":"post","link":"https:\/\/www.europesays.com\/fr\/196929\/","title":{"rendered":"pr\u00e9visions du lundi 23 juin 2025"},"content":{"rendered":"<p>Il va faire environ 19\u00b0C \u00e0 Rennes, aujourd&rsquo;hui. Le soleil se montrerait plus t\u00f4t dans la matin\u00e9e si des nuages ne g\u00eanaient pas son arriv\u00e9e. Des pluies \u00e9parses vont tomber sur la ville. Le thermom\u00e8tre affichera 20\u00b0C en moyenne. Un vent d&rsquo;ouest rafra\u00eechira un peu l&rsquo;atmosph\u00e8re. Le soleil sera au rendez-vous : un bel apr\u00e8s-midi se pr\u00e9sente ! Les temp\u00e9ratures vont conna\u00eetre une hausse de plusieurs degr\u00e9s. Les valeurs s&rsquo;\u00e9chelonneront de 24 \u00e0 27\u00b0C. Un vent de nord-ouest soufflera \u00e0 20 km\/h. Dans la soir\u00e9e, les temp\u00e9ratures tourneront autour des 18\u00b0C. On passera de lundi \u00e0 mardi par une nuit claire.<\/p>\n<p>Demain, un important soleil brillera sur Rennes. Le temps va se r\u00e9chauffer avec une augmentation de quelques degr\u00e9s. Les fortes chaleurs sont pr\u00e9sentes. Avec des temp\u00e9ratures \u00e9chelonn\u00e9es entre 10 et 31\u00b0C. Les valeurs s&rsquo;\u00e9chelonneront entre 10 et 31\u00b0C. Un vent de sud-ouest soufflera l\u00e9g\u00e8rement, avec 8 km\/h dans la matin\u00e9e. Les temp\u00e9ratures vont monter pendant l&rsquo;apr\u00e8s-midi de plusieurs degr\u00e9s. La ville va souffrir des grosses chaleurs avec des temp\u00e9ratures qui pourraient grimper jusqu&rsquo;\u00e0 31\u00b0C. Les valeurs seront de 28\u00b0C au plus bas et de 31\u00b0C au plus haut. Les temp\u00e9ratures avoisineront les 22\u00b0C dans la soir\u00e9e. Un petit vent de nord sera ressenti par les habitants.<\/p>\n<p>Le temps des journ\u00e9es qui suivent va se d\u00e9grader. Pr\u00e9voyez 29\u00b0C en moyenne qui accompagneront des journ\u00e9es pluvieuses.<\/p>\n<p><\/p>\n","protected":false},"excerpt":{"rendered":"Il va faire environ 19\u00b0C \u00e0 Rennes, aujourd&rsquo;hui. Le soleil se montrerait plus t\u00f4t dans la matin\u00e9e si&hellip;\n","protected":false},"author":2,"featured_media":196930,"comment_status":"","ping_status":"","sticky":false,"template":"","format":"standard","meta":{"footnotes":""},"categories":[2821],"tags":[1111,11,829,1777,674,1011,27,848,12,2119,584,25],"class_list":{"0":"post-196929","1":"post","2":"type-post","3":"status-publish","4":"format-standard","5":"has-post-thumbnail","7":"category-rennes","8":"tag-actu","9":"tag-actualites","10":"tag-bretagne","11":"tag-eu","12":"tag-europe","13":"tag-fr","14":"tag-france","15":"tag-ille-et-vilaine","16":"tag-news","17":"tag-previsions-meteo","18":"tag-rennes","19":"tag-republique-francaise"},"share_on_mastodon":{"url":"https:\/\/pubeurope.com\/@fr\/114729729749685170","error":""},"_links":{"self":[{"href":"https:\/\/www.europesays.com\/fr\/wp-json\/wp\/v2\/posts\/196929","targetHints":{"allow":["GET"]}}],"collection":[{"href":"https:\/\/www.europesays.com\/fr\/wp-json\/wp\/v2\/posts"}],"about":[{"href":"https:\/\/www.europesays.com\/fr\/wp-json\/wp\/v2\/types\/post"}],"author":[{"embeddable":true,"href":"https:\/\/www.europesays.com\/fr\/wp-json\/wp\/v2\/users\/2"}],"replies":[{"embeddable":true,"href":"https:\/\/www.europesays.com\/fr\/wp-json\/wp\/v2\/comments?post=196929"}],"version-history":[{"count":0,"href":"https:\/\/www.europesays.com\/fr\/wp-json\/wp\/v2\/posts\/196929\/revisions"}],"wp:featuredmedia":[{"embeddable":true,"href":"https:\/\/www.europesays.com\/fr\/wp-json\/wp\/v2\/media\/196930"}],"wp:attachment":[{"href":"https:\/\/www.europesays.com\/fr\/wp-json\/wp\/v2\/media?parent=196929"}],"wp:term":[{"taxonomy":"category","embeddable":true,"href":"https:\/\/www.europesays.com\/fr\/wp-json\/wp\/v2\/categories?post=196929"},{"taxonomy":"post_tag","embeddable":true,"href":"https:\/\/www.europesays.com\/fr\/wp-json\/wp\/v2\/tags?post=196929"}],"curies":[{"name":"wp","href":"https:\/\/api.w.org\/{rel}","templated":true}]}}