{"id":196932,"date":"2025-06-22T23:59:10","date_gmt":"2025-06-22T23:59:10","guid":{"rendered":"https:\/\/www.europesays.com\/fr\/196932\/"},"modified":"2025-06-22T23:59:10","modified_gmt":"2025-06-22T23:59:10","slug":"previsions-du-lundi-23-juin-2025-4","status":"publish","type":"post","link":"https:\/\/www.europesays.com\/fr\/196932\/","title":{"rendered":"pr\u00e9visions du lundi 23 juin 2025"},"content":{"rendered":"<p>\u00c0 Strasbourg, les temp\u00e9ratures seront de 17\u00b0C au minimum et de 28\u00b0C au plus haut la journ\u00e9e. Une brise de sud-ouest soufflera doucement. Le ciel sera couvert dans la matin\u00e9e. Des pluies \u00e9parses tomberont. Les valeurs avoisineront les 25\u00b0C. L&rsquo;apr\u00e8s-midi, un beau soleil rayonnera. Les temp\u00e9ratures afficheront entre 24 et 28\u00b0C. Une nuit claire vous attendra entre lundi et mardi.<\/p>\n<p>Demain, les Strasbourgeois vont pouvoir profiter d&rsquo;un soleil radieux. Une diminution du mercure est \u00e0 craindre. Les valeurs seront comprises entre 14 et 29\u00b0C. Le matin, on anticipe des temp\u00e9ratures d&rsquo;environ 22\u00b0C. Un l\u00e9ger vent de sud-ouest soufflera. La m\u00e9t\u00e9o va se r\u00e9chauffer demain apr\u00e8s-midi avec une hausse de plusieurs degr\u00e9s. Les valeurs s&rsquo;\u00e9chelonneront entre 27 et 29\u00b0C. Demain soir, une petite brise de nord-ouest sera ressentie par les habitants.<\/p>\n<p>Les conditions m\u00e9t\u00e9orologiques des journ\u00e9es qui suivent vont changer progressivement. Apr\u00e8s un temps similaire mercredi, la situation changera jeudi.<\/p>\n<p><\/p>\n","protected":false},"excerpt":{"rendered":"\u00c0 Strasbourg, les temp\u00e9ratures seront de 17\u00b0C au minimum et de 28\u00b0C au plus haut la journ\u00e9e. Une&hellip;\n","protected":false},"author":2,"featured_media":196933,"comment_status":"","ping_status":"","sticky":false,"template":"","format":"standard","meta":{"footnotes":""},"categories":[2820],"tags":[1111,11,2389,2649,1777,674,1011,27,775,12,2119,25,640],"class_list":{"0":"post-196932","1":"post","2":"type-post","3":"status-publish","4":"format-standard","5":"has-post-thumbnail","7":"category-strasbourg","8":"tag-actu","9":"tag-actualites","10":"tag-alsace","11":"tag-bas-rhin","12":"tag-eu","13":"tag-europe","14":"tag-fr","15":"tag-france","16":"tag-grand-est","17":"tag-news","18":"tag-previsions-meteo","19":"tag-republique-francaise","20":"tag-strasbourg"},"share_on_mastodon":{"url":"https:\/\/pubeurope.com\/@fr\/114729737664311473","error":""},"_links":{"self":[{"href":"https:\/\/www.europesays.com\/fr\/wp-json\/wp\/v2\/posts\/196932","targetHints":{"allow":["GET"]}}],"collection":[{"href":"https:\/\/www.europesays.com\/fr\/wp-json\/wp\/v2\/posts"}],"about":[{"href":"https:\/\/www.europesays.com\/fr\/wp-json\/wp\/v2\/types\/post"}],"author":[{"embeddable":true,"href":"https:\/\/www.europesays.com\/fr\/wp-json\/wp\/v2\/users\/2"}],"replies":[{"embeddable":true,"href":"https:\/\/www.europesays.com\/fr\/wp-json\/wp\/v2\/comments?post=196932"}],"version-history":[{"count":0,"href":"https:\/\/www.europesays.com\/fr\/wp-json\/wp\/v2\/posts\/196932\/revisions"}],"wp:featuredmedia":[{"embeddable":true,"href":"https:\/\/www.europesays.com\/fr\/wp-json\/wp\/v2\/media\/196933"}],"wp:attachment":[{"href":"https:\/\/www.europesays.com\/fr\/wp-json\/wp\/v2\/media?parent=196932"}],"wp:term":[{"taxonomy":"category","embeddable":true,"href":"https:\/\/www.europesays.com\/fr\/wp-json\/wp\/v2\/categories?post=196932"},{"taxonomy":"post_tag","embeddable":true,"href":"https:\/\/www.europesays.com\/fr\/wp-json\/wp\/v2\/tags?post=196932"}],"curies":[{"name":"wp","href":"https:\/\/api.w.org\/{rel}","templated":true}]}}