{"id":196936,"date":"2025-06-23T00:01:09","date_gmt":"2025-06-23T00:01:09","guid":{"rendered":"https:\/\/www.europesays.com\/fr\/196936\/"},"modified":"2025-06-23T00:01:09","modified_gmt":"2025-06-23T00:01:09","slug":"previsions-du-lundi-23-juin-2025-5","status":"publish","type":"post","link":"https:\/\/www.europesays.com\/fr\/196936\/","title":{"rendered":"pr\u00e9visions du lundi 23 juin 2025"},"content":{"rendered":"<p>Nice va \u00eatre baign\u00e9e de soleil au cours de cette journ\u00e9e. Les temp\u00e9ratures tourneront autour des 24\u00b0C. Le matin, on pr\u00e9voit des valeurs avoisinant 25\u00b0C. Une brise de sud-est soufflera l\u00e9g\u00e8rement. Les maximales pourront atteindre 26\u00b0C dans l&rsquo;apr\u00e8s-midi et les minimales seront de 25\u00b0C. Il fera 23\u00b0C en moyenne le soir. Une nuit claire vous attendra entre lundi et mardi.<\/p>\n<p>C&rsquo;est un soleil magnifique qui va briller demain sur Nice. Le thermom\u00e8tre affichera 24\u00b0C en moyenne. Un petit vent de sud-est sera ressenti par les habitants. Les temp\u00e9ratures afficheront entre 23 et 26\u00b0C durant la matin\u00e9e. Les valeurs seront comprises entre 25\u00b0C et 26\u00b0C dans l&rsquo;apr\u00e8s-midi. Les temp\u00e9ratures s&rsquo;\u00e9chelonneront entre 23 et 24\u00b0C demain soir.<\/p>\n<p>Les jours passent et se ressemblent. Il va faire un temps plut\u00f4t ensoleill\u00e9 avec des temp\u00e9ratures d&rsquo;environ 27\u00b0C.<\/p>\n<p><\/p>\n","protected":false},"excerpt":{"rendered":"Nice va \u00eatre baign\u00e9e de soleil au cours de cette journ\u00e9e. Les temp\u00e9ratures tourneront autour des 24\u00b0C. Le&hellip;\n","protected":false},"author":2,"featured_media":196937,"comment_status":"","ping_status":"","sticky":false,"template":"","format":"standard","meta":{"footnotes":""},"categories":[2819],"tags":[1111,11,2898,1777,674,1011,27,12,2401,883,2119,882,25],"class_list":{"0":"post-196936","1":"post","2":"type-post","3":"status-publish","4":"format-standard","5":"has-post-thumbnail","7":"category-nice","8":"tag-actu","9":"tag-actualites","10":"tag-alpes-maritimes","11":"tag-eu","12":"tag-europe","13":"tag-fr","14":"tag-france","15":"tag-news","16":"tag-nice","17":"tag-paca","18":"tag-previsions-meteo","19":"tag-provence-alpes-cote-dazur","20":"tag-republique-francaise"},"share_on_mastodon":{"url":"https:\/\/pubeurope.com\/@fr\/114729745343177597","error":""},"_links":{"self":[{"href":"https:\/\/www.europesays.com\/fr\/wp-json\/wp\/v2\/posts\/196936","targetHints":{"allow":["GET"]}}],"collection":[{"href":"https:\/\/www.europesays.com\/fr\/wp-json\/wp\/v2\/posts"}],"about":[{"href":"https:\/\/www.europesays.com\/fr\/wp-json\/wp\/v2\/types\/post"}],"author":[{"embeddable":true,"href":"https:\/\/www.europesays.com\/fr\/wp-json\/wp\/v2\/users\/2"}],"replies":[{"embeddable":true,"href":"https:\/\/www.europesays.com\/fr\/wp-json\/wp\/v2\/comments?post=196936"}],"version-history":[{"count":0,"href":"https:\/\/www.europesays.com\/fr\/wp-json\/wp\/v2\/posts\/196936\/revisions"}],"wp:featuredmedia":[{"embeddable":true,"href":"https:\/\/www.europesays.com\/fr\/wp-json\/wp\/v2\/media\/196937"}],"wp:attachment":[{"href":"https:\/\/www.europesays.com\/fr\/wp-json\/wp\/v2\/media?parent=196936"}],"wp:term":[{"taxonomy":"category","embeddable":true,"href":"https:\/\/www.europesays.com\/fr\/wp-json\/wp\/v2\/categories?post=196936"},{"taxonomy":"post_tag","embeddable":true,"href":"https:\/\/www.europesays.com\/fr\/wp-json\/wp\/v2\/tags?post=196936"}],"curies":[{"name":"wp","href":"https:\/\/api.w.org\/{rel}","templated":true}]}}