{"id":196944,"date":"2025-06-23T00:06:09","date_gmt":"2025-06-23T00:06:09","guid":{"rendered":"https:\/\/www.europesays.com\/fr\/196944\/"},"modified":"2025-06-23T00:06:09","modified_gmt":"2025-06-23T00:06:09","slug":"previsions-du-lundi-23-juin-2025-7","status":"publish","type":"post","link":"https:\/\/www.europesays.com\/fr\/196944\/","title":{"rendered":"pr\u00e9visions du lundi 23 juin 2025"},"content":{"rendered":"<p>Un beau soleil est attendu aujourd&rsquo;hui \u00e0 Bordeaux. Les temp\u00e9ratures afficheront entre 16 et 31\u00b0C. Le matin, un vent de nord-est rafra\u00eechira quelque peu l&rsquo;atmosph\u00e8re. Les temp\u00e9ratures vont monter pendant l&rsquo;apr\u00e8s-midi de plusieurs degr\u00e9s. Les valeurs maximums attendues sont importantes, avec 31\u00b0C. Les temp\u00e9ratures seront comprises entre 29\u00b0C et 31\u00b0C. Durant la nuit de lundi \u00e0 mardi, le ciel sera clair.<\/p>\n<p>C&rsquo;est un soleil magnifique qui va se montrer demain sur Bordeaux. Une m\u00e9t\u00e9o plus chaude est \u00e0 pr\u00e9voir \u00e9tant donn\u00e9 que le mercure va enregistrer une hausse. Les fortes chaleurs sont pr\u00e9sentes. Avec des valeurs situ\u00e9es entre 15 et 37\u00b0C. Les temp\u00e9ratures s&rsquo;\u00e9chelonneront entre 15 et 37\u00b0C. La matin\u00e9e va \u00eatre tr\u00e8s suffocante : jusqu&rsquo;\u00e0 32\u00b0C. Un l\u00e9ger vent d&rsquo;est sera ressenti par les habitants. Les temp\u00e9ratures vont conna\u00eetre une augmentation de plusieurs degr\u00e9s dans l&rsquo;apr\u00e8s-midi. De tr\u00e8s grosses chaleurs (entre 34\u00b0C et 37\u00b0C) sont pr\u00e9vues. D\u00e8s demain soir, les valeurs \u00e9volueront entre 28 et 35\u2009\u00b0C. Une petite brise d&rsquo;est soufflera.<\/p>\n<p>Les jours qui suivent s&rsquo;annoncent identiques. Il fera 32\u00b0C en moyenne pour des journ\u00e9es avec un ciel ensoleill\u00e9.<\/p>\n<p><\/p>\n","protected":false},"excerpt":{"rendered":"Un beau soleil est attendu aujourd&rsquo;hui \u00e0 Bordeaux. Les temp\u00e9ratures afficheront entre 16 et 31\u00b0C. Le matin, un&hellip;\n","protected":false},"author":2,"featured_media":196945,"comment_status":"","ping_status":"","sticky":false,"template":"","format":"standard","meta":{"footnotes":""},"categories":[2817],"tags":[1111,11,3177,1997,1777,674,1011,27,2905,12,2219,2119,25],"class_list":{"0":"post-196944","1":"post","2":"type-post","3":"status-publish","4":"format-standard","5":"has-post-thumbnail","7":"category-bordeaux","8":"tag-actu","9":"tag-actualites","10":"tag-aquitaine","11":"tag-bordeaux","12":"tag-eu","13":"tag-europe","14":"tag-fr","15":"tag-france","16":"tag-gironde","17":"tag-news","18":"tag-nouvelle-aquitaine","19":"tag-previsions-meteo","20":"tag-republique-francaise"},"share_on_mastodon":{"url":"https:\/\/pubeurope.com\/@fr\/114729765056626867","error":""},"_links":{"self":[{"href":"https:\/\/www.europesays.com\/fr\/wp-json\/wp\/v2\/posts\/196944","targetHints":{"allow":["GET"]}}],"collection":[{"href":"https:\/\/www.europesays.com\/fr\/wp-json\/wp\/v2\/posts"}],"about":[{"href":"https:\/\/www.europesays.com\/fr\/wp-json\/wp\/v2\/types\/post"}],"author":[{"embeddable":true,"href":"https:\/\/www.europesays.com\/fr\/wp-json\/wp\/v2\/users\/2"}],"replies":[{"embeddable":true,"href":"https:\/\/www.europesays.com\/fr\/wp-json\/wp\/v2\/comments?post=196944"}],"version-history":[{"count":0,"href":"https:\/\/www.europesays.com\/fr\/wp-json\/wp\/v2\/posts\/196944\/revisions"}],"wp:featuredmedia":[{"embeddable":true,"href":"https:\/\/www.europesays.com\/fr\/wp-json\/wp\/v2\/media\/196945"}],"wp:attachment":[{"href":"https:\/\/www.europesays.com\/fr\/wp-json\/wp\/v2\/media?parent=196944"}],"wp:term":[{"taxonomy":"category","embeddable":true,"href":"https:\/\/www.europesays.com\/fr\/wp-json\/wp\/v2\/categories?post=196944"},{"taxonomy":"post_tag","embeddable":true,"href":"https:\/\/www.europesays.com\/fr\/wp-json\/wp\/v2\/tags?post=196944"}],"curies":[{"name":"wp","href":"https:\/\/api.w.org\/{rel}","templated":true}]}}