{"id":196950,"date":"2025-06-23T00:09:10","date_gmt":"2025-06-23T00:09:10","guid":{"rendered":"https:\/\/www.europesays.com\/fr\/196950\/"},"modified":"2025-06-23T00:09:10","modified_gmt":"2025-06-23T00:09:10","slug":"previsions-du-lundi-23-juin-2025-8","status":"publish","type":"post","link":"https:\/\/www.europesays.com\/fr\/196950\/","title":{"rendered":"pr\u00e9visions du lundi 23 juin 2025"},"content":{"rendered":"<p>Le soleil sera dominant, la garantie d&rsquo;une magnifique journ\u00e9e \u00e0 Toulouse ! La chaleur estivale sera bien l\u00e0 puisque les valeurs seront quand m\u00eame de 18\u00b0C au minimum et de 32\u00b0C au maximum. Un vent de nord-ouest soufflera l\u00e9g\u00e8rement, avec 11 km\/h. Les temp\u00e9ratures vont enregistrer une augmentation de plusieurs degr\u00e9s dans l&rsquo;apr\u00e8s-midi. Les touristes comme les locaux pourront sortir sandales et chapeau. Les grosses chaleurs sont pr\u00e9sentes. Avec des temp\u00e9ratures comprises entre 30 et 32\u00b0C. La p\u00e9riode de fortes chaleurs est bien l\u00e0, avec des valeurs qui risqueront de monter jusqu&rsquo;\u00e0 30\u00b0C le soir. Les temp\u00e9ratures seront de 27\u00b0C. Durant la nuit de lundi \u00e0 mardi, le ciel sera limpide.<\/p>\n<p>Demain, un beau soleil brillera sur Toulouse. C&rsquo;est une hausse de quelques degr\u00e9s que vont conna\u00eetre les temp\u00e9ratures pour un temps de plus en plus estival. La ville va conna\u00eetre un passage d&rsquo;importantes chaleurs avec des valeurs qui rejoindront parfois les 36\u00b0C. Les temp\u00e9ratures s&rsquo;\u00e9chelonneront entre 19 et 36\u00b0C, un temps bel et bien de saison. D\u00e8s le matin, les valeurs \u00e9volueront entre 22 et 32\u2009\u00b0C. Une petite brise d&rsquo;est soufflera. Une m\u00e9t\u00e9o plus chaude est pr\u00e9vue demain apr\u00e8s-midi \u00e9tant donn\u00e9 que les temp\u00e9ratures vont enregistrer une augmentation, remplissant les terrasses d&rsquo;habitants et de vacanciers venus appr\u00e9cier l&rsquo;\u00e9t\u00e9. La ville va souffrir des grosses chaleurs avec des temp\u00e9ratures qui devraient grimper \u00e0 36\u00b0C. La soir\u00e9e va \u00eatre tr\u00e8s suffocante : pr\u00e8s de 31\u00b0C. Un vent de sud-ouest soufflera doucement.<\/p>\n<p>Les jours passent et ne changent pas. Pr\u00e9voyez 34\u00b0C en moyenne qui accompagneront des journ\u00e9es ensoleill\u00e9es.<\/p>\n<p>Sachez que la chaleur induit l&rsquo;affaiblissement : \u00e9vitez tout effort physique pendant la journ\u00e9e, principalement entre midi et 16h. Dans tous les cas, buvez de l&rsquo;eau r\u00e9guli\u00e8rement, sans attendre d&rsquo;avoir soif !<\/p>\n","protected":false},"excerpt":{"rendered":"Le soleil sera dominant, la garantie d&rsquo;une magnifique journ\u00e9e \u00e0 Toulouse ! La chaleur estivale sera bien l\u00e0&hellip;\n","protected":false},"author":2,"featured_media":196951,"comment_status":"","ping_status":"","sticky":false,"template":"","format":"standard","meta":{"footnotes":""},"categories":[2816],"tags":[1111,11,1777,674,1011,27,2722,2721,12,2680,2119,25,2312],"class_list":{"0":"post-196950","1":"post","2":"type-post","3":"status-publish","4":"format-standard","5":"has-post-thumbnail","7":"category-toulouse","8":"tag-actu","9":"tag-actualites","10":"tag-eu","11":"tag-europe","12":"tag-fr","13":"tag-france","14":"tag-haute-garonne","15":"tag-midi-pyrenees","16":"tag-news","17":"tag-occitanie","18":"tag-previsions-meteo","19":"tag-republique-francaise","20":"tag-toulouse"},"share_on_mastodon":{"url":"https:\/\/pubeurope.com\/@fr\/114729776806089530","error":""},"_links":{"self":[{"href":"https:\/\/www.europesays.com\/fr\/wp-json\/wp\/v2\/posts\/196950","targetHints":{"allow":["GET"]}}],"collection":[{"href":"https:\/\/www.europesays.com\/fr\/wp-json\/wp\/v2\/posts"}],"about":[{"href":"https:\/\/www.europesays.com\/fr\/wp-json\/wp\/v2\/types\/post"}],"author":[{"embeddable":true,"href":"https:\/\/www.europesays.com\/fr\/wp-json\/wp\/v2\/users\/2"}],"replies":[{"embeddable":true,"href":"https:\/\/www.europesays.com\/fr\/wp-json\/wp\/v2\/comments?post=196950"}],"version-history":[{"count":0,"href":"https:\/\/www.europesays.com\/fr\/wp-json\/wp\/v2\/posts\/196950\/revisions"}],"wp:featuredmedia":[{"embeddable":true,"href":"https:\/\/www.europesays.com\/fr\/wp-json\/wp\/v2\/media\/196951"}],"wp:attachment":[{"href":"https:\/\/www.europesays.com\/fr\/wp-json\/wp\/v2\/media?parent=196950"}],"wp:term":[{"taxonomy":"category","embeddable":true,"href":"https:\/\/www.europesays.com\/fr\/wp-json\/wp\/v2\/categories?post=196950"},{"taxonomy":"post_tag","embeddable":true,"href":"https:\/\/www.europesays.com\/fr\/wp-json\/wp\/v2\/tags?post=196950"}],"curies":[{"name":"wp","href":"https:\/\/api.w.org\/{rel}","templated":true}]}}