{"id":196952,"date":"2025-06-23T00:10:10","date_gmt":"2025-06-23T00:10:10","guid":{"rendered":"https:\/\/www.europesays.com\/fr\/196952\/"},"modified":"2025-06-23T00:10:10","modified_gmt":"2025-06-23T00:10:10","slug":"previsions-du-lundi-23-juin-2025-9","status":"publish","type":"post","link":"https:\/\/www.europesays.com\/fr\/196952\/","title":{"rendered":"pr\u00e9visions du lundi 23 juin 2025"},"content":{"rendered":"<p>\u00c0 Lille les temp\u00e9ratures afficheront entre 14 et 22\u00b0C aujourd&rsquo;hui. Un vent de sud-ouest soufflera \u00e0 23 km\/h. Les nuages \u00e0 pr\u00e9voir le matin, et un ciel encore maussade. Des pluies \u00e9parses tomberont. Cet apr\u00e8s-midi sera synonyme de beau soleil. Les valeurs s&rsquo;\u00e9chelonneront entre 20 et 22\u00b0C. Le ciel sera d\u00e9pourvu de nuages dans la nuit de lundi \u00e0 mardi.<\/p>\n<p>L&rsquo;air ambiant va se r\u00e9chauffer demain \u00e0 Lille avec une augmentation de quelques degr\u00e9s. Le mercure affichera 19\u00b0C en moyenne. Un vent de sud-ouest, atteignant 20 km\/h, soufflera. Petits et grands pourront appr\u00e9cier leur matin\u00e9e sous un ciel un peu nuageux. Les temp\u00e9ratures seront de 20\u00b0C. Le soleil se montrerait plus t\u00f4t dans l&rsquo;apr\u00e8s-midi si des nuages n&rsquo;\u00e9taient pas pr\u00e9sents dans le ciel. Le ciel va progressivement se voiler avec l&rsquo;apparition de nuages. Les temp\u00e9ratures iront de 21 \u00e0 25\u00b0C. La m\u00e9t\u00e9o devrait s&rsquo;am\u00e9liorer pendant la soir\u00e9e. On pr\u00e9voit des valeurs d&rsquo;environ 21\u00b0C.<\/p>\n<p>Peu d&rsquo;\u00e9volutions au fil des jours. Le temps sera ensoleill\u00e9 avec des temp\u00e9ratures avoisinant 27\u00b0C.<\/p>\n<p><\/p>\n","protected":false},"excerpt":{"rendered":"\u00c0 Lille les temp\u00e9ratures afficheront entre 14 et 22\u00b0C aujourd&rsquo;hui. Un vent de sud-ouest soufflera \u00e0 23 km\/h.&hellip;\n","protected":false},"author":2,"featured_media":196953,"comment_status":"","ping_status":"","sticky":false,"template":"","format":"standard","meta":{"footnotes":""},"categories":[2815],"tags":[1111,11,1777,674,1011,27,811,1307,12,1308,1309,2119,25],"class_list":{"0":"post-196952","1":"post","2":"type-post","3":"status-publish","4":"format-standard","5":"has-post-thumbnail","7":"category-lille","8":"tag-actu","9":"tag-actualites","10":"tag-eu","11":"tag-europe","12":"tag-fr","13":"tag-france","14":"tag-hauts-de-france","15":"tag-lille","16":"tag-news","17":"tag-nord","18":"tag-nord-pas-de-calais","19":"tag-previsions-meteo","20":"tag-republique-francaise"},"share_on_mastodon":{"url":"https:\/\/pubeurope.com\/@fr\/114729780812683502","error":""},"_links":{"self":[{"href":"https:\/\/www.europesays.com\/fr\/wp-json\/wp\/v2\/posts\/196952","targetHints":{"allow":["GET"]}}],"collection":[{"href":"https:\/\/www.europesays.com\/fr\/wp-json\/wp\/v2\/posts"}],"about":[{"href":"https:\/\/www.europesays.com\/fr\/wp-json\/wp\/v2\/types\/post"}],"author":[{"embeddable":true,"href":"https:\/\/www.europesays.com\/fr\/wp-json\/wp\/v2\/users\/2"}],"replies":[{"embeddable":true,"href":"https:\/\/www.europesays.com\/fr\/wp-json\/wp\/v2\/comments?post=196952"}],"version-history":[{"count":0,"href":"https:\/\/www.europesays.com\/fr\/wp-json\/wp\/v2\/posts\/196952\/revisions"}],"wp:featuredmedia":[{"embeddable":true,"href":"https:\/\/www.europesays.com\/fr\/wp-json\/wp\/v2\/media\/196953"}],"wp:attachment":[{"href":"https:\/\/www.europesays.com\/fr\/wp-json\/wp\/v2\/media?parent=196952"}],"wp:term":[{"taxonomy":"category","embeddable":true,"href":"https:\/\/www.europesays.com\/fr\/wp-json\/wp\/v2\/categories?post=196952"},{"taxonomy":"post_tag","embeddable":true,"href":"https:\/\/www.europesays.com\/fr\/wp-json\/wp\/v2\/tags?post=196952"}],"curies":[{"name":"wp","href":"https:\/\/api.w.org\/{rel}","templated":true}]}}