{"id":196956,"date":"2025-06-23T00:12:13","date_gmt":"2025-06-23T00:12:13","guid":{"rendered":"https:\/\/www.europesays.com\/fr\/196956\/"},"modified":"2025-06-23T00:12:13","modified_gmt":"2025-06-23T00:12:13","slug":"previsions-du-lundi-23-juin-2025-10","status":"publish","type":"post","link":"https:\/\/www.europesays.com\/fr\/196956\/","title":{"rendered":"pr\u00e9visions du lundi 23 juin 2025"},"content":{"rendered":"<p>C&rsquo;est une belle journ\u00e9e dont va profiter Marseille, o\u00f9 le soleil va briller intens\u00e9ment. Il fera 26\u00b0C en moyenne. Un modeste vent de sud-ouest sera ressenti par les habitants. L&rsquo;\u00e9t\u00e9 s&rsquo;est d\u00e9finitivement install\u00e9 puisque les valeurs s&rsquo;\u00e9chelonneront de 25 \u00e0 28\u00b0C sur l&rsquo;ensemble de la matin\u00e9e. L&rsquo;apr\u00e8s-midi, les temp\u00e9ratures s&rsquo;\u00e9chelonneront entre 27 et 28\u00b0C, un temps vraiment de saison. Il va faire en moyenne 26\u00b0C, le soir. C&rsquo;est un ciel d\u00e9pourvu de nuages que conna\u00eetra la nuit de lundi \u00e0 mardi.<\/p>\n<p>Demain, les Marseillais comme les touristes vont pouvoir b\u00e9n\u00e9ficier d&rsquo;un soleil radieux. L&rsquo;air ambiant va se r\u00e9chauffer avec une hausse de quelques degr\u00e9s pour un \u00e9t\u00e9 chaud. La ville va souffrir d&rsquo;importantes chaleurs avec des valeurs qui pourraient monter \u00e0 31\u00b0C. Ce sera un bel \u00e9t\u00e9 : les temp\u00e9ratures seront comprises entre 24 et 31\u00b0C. Attention \u00e0 la vague de chaleur au cours de la matin\u00e9e. Des valeurs de 26 \u00e0 31\u00b0C sont pr\u00e9vues. Il va faire chaud avec des temp\u00e9ratures qui afficheront entre 26 et 31\u00b0C. La ville sera touch\u00e9e par un vent de nord-ouest de 22 km\/h. D\u00e8s demain apr\u00e8s-midi, les valeurs \u00e9volueront entre 28 et 31\u2009\u00b0C. Les temp\u00e9ratures s&rsquo;\u00e9chelonneront entre 28\u00b0C et 31\u00b0C, donnant aux habitants l&rsquo;occasion de profiter de la p\u00e9riode estivale. Une brise d&rsquo;ouest soufflera l\u00e9g\u00e8rement. Les maximales pourront atteindre 27\u00b0C dans la soir\u00e9e et les minimales seront de 26\u00b0C : c&rsquo;est donc un superbe \u00e9t\u00e9. Un l\u00e9ger vent de sud-est soufflera.<\/p>\n<p>Peu de changements au fil des jours. Il va faire un temps relativement ensoleill\u00e9 avec des temp\u00e9ratures avoisinant 30\u00b0C.<\/p>\n<p><\/p>\n","protected":false},"excerpt":{"rendered":"C&rsquo;est une belle journ\u00e9e dont va profiter Marseille, o\u00f9 le soleil va briller intens\u00e9ment. Il fera 26\u00b0C en&hellip;\n","protected":false},"author":2,"featured_media":196957,"comment_status":"","ping_status":"","sticky":false,"template":"","format":"standard","meta":{"footnotes":""},"categories":[2814],"tags":[1111,11,1777,674,1011,27,884,12,2119,882,25],"class_list":{"0":"post-196956","1":"post","2":"type-post","3":"status-publish","4":"format-standard","5":"has-post-thumbnail","7":"category-marseille","8":"tag-actu","9":"tag-actualites","10":"tag-eu","11":"tag-europe","12":"tag-fr","13":"tag-france","14":"tag-marseille","15":"tag-news","16":"tag-previsions-meteo","17":"tag-provence-alpes-cote-dazur","18":"tag-republique-francaise"},"share_on_mastodon":{"url":"https:\/\/pubeurope.com\/@fr\/114729788578930442","error":""},"_links":{"self":[{"href":"https:\/\/www.europesays.com\/fr\/wp-json\/wp\/v2\/posts\/196956","targetHints":{"allow":["GET"]}}],"collection":[{"href":"https:\/\/www.europesays.com\/fr\/wp-json\/wp\/v2\/posts"}],"about":[{"href":"https:\/\/www.europesays.com\/fr\/wp-json\/wp\/v2\/types\/post"}],"author":[{"embeddable":true,"href":"https:\/\/www.europesays.com\/fr\/wp-json\/wp\/v2\/users\/2"}],"replies":[{"embeddable":true,"href":"https:\/\/www.europesays.com\/fr\/wp-json\/wp\/v2\/comments?post=196956"}],"version-history":[{"count":0,"href":"https:\/\/www.europesays.com\/fr\/wp-json\/wp\/v2\/posts\/196956\/revisions"}],"wp:featuredmedia":[{"embeddable":true,"href":"https:\/\/www.europesays.com\/fr\/wp-json\/wp\/v2\/media\/196957"}],"wp:attachment":[{"href":"https:\/\/www.europesays.com\/fr\/wp-json\/wp\/v2\/media?parent=196956"}],"wp:term":[{"taxonomy":"category","embeddable":true,"href":"https:\/\/www.europesays.com\/fr\/wp-json\/wp\/v2\/categories?post=196956"},{"taxonomy":"post_tag","embeddable":true,"href":"https:\/\/www.europesays.com\/fr\/wp-json\/wp\/v2\/tags?post=196956"}],"curies":[{"name":"wp","href":"https:\/\/api.w.org\/{rel}","templated":true}]}}