{"id":196958,"date":"2025-06-23T00:13:12","date_gmt":"2025-06-23T00:13:12","guid":{"rendered":"https:\/\/www.europesays.com\/fr\/196958\/"},"modified":"2025-06-23T00:13:12","modified_gmt":"2025-06-23T00:13:12","slug":"aucun-metro-a-marseille-ce-lundi-en-raison-de-la-poursuite-dun-mouvement-social","status":"publish","type":"post","link":"https:\/\/www.europesays.com\/fr\/196958\/","title":{"rendered":"Aucun m\u00e9tro \u00e0 Marseille ce lundi en raison de la poursuite d&rsquo;un mouvement social"},"content":{"rendered":"<p>\u00ab\u00a0En raison d&rsquo;un mouvement social \u00e0 l&rsquo;initiative d&rsquo;une organisation syndicale (FO), risque de fortes perturbations sur l&rsquo;exploitation du m\u00e9tro.\u00a0La RTM pr\u00e9sente ses excuses \u00e0 sa client\u00e8le et l&rsquo;invite \u00e0 privil\u00e9gier les autres modes de transport\u00a0\u00bb, peut-on lire sur le site de la R\u00e9gie des Transports M\u00e9tropolitains (<a href=\"https:\/\/www.rtm.fr\/infos-trafic\/1371052370744285748\" target=\"_blank\" rel=\"noopener\">RTM<\/a>).<\/p>\n<p>Une mobilisation qui pourrait durer<\/p>\n<p>Cette mobilisation a d\u00e9but\u00e9 ce dimanche et les Marseillais ont d\u00e9j\u00e0 d\u00fb trouver des alternatives au transport toute la journ\u00e9e. Dans une publication post\u00e9e sur Facebook, FO d\u00e9nonce \u00ab\u00a0une ing\u00e9rence aussi inadmissible que dangereuse s&rsquo;est immisc\u00e9e dans la gestion de la s\u00e9curit\u00e9 de l&rsquo;exploitation en temps r\u00e9el\u00a0\u00bb.<\/p>\n<p>\u00ab\u00a0Dans ce m\u00eame cadre nous avons alert\u00e9 \u00e0 de nombreuses reprises la direction, faisant le constat de postes essentiels \u00e0 la s\u00e9curit\u00e9 incendie rest\u00e9s vacants, sans r\u00e9action\u00a0\u00bb, poursuit le syndicat.<\/p>\n<p>\u00ab\u00a0Le m\u00e9tro ne r\u00e9ouvrira pas tant que nous ne serons pas \u00e9cout\u00e9s\u00a0\u00bb, assure Force Ouvri\u00e8re.<\/p>\n","protected":false},"excerpt":{"rendered":"\u00ab\u00a0En raison d&rsquo;un mouvement social \u00e0 l&rsquo;initiative d&rsquo;une organisation syndicale (FO), risque de fortes perturbations sur l&rsquo;exploitation du&hellip;\n","protected":false},"author":2,"featured_media":196959,"comment_status":"","ping_status":"","sticky":false,"template":"","format":"standard","meta":{"footnotes":""},"categories":[2814],"tags":[17,1111,11,28706,2837,1777,674,1011,27,9865,884,4047,12,33645,882,13637,25,104],"class_list":{"0":"post-196958","1":"post","2":"type-post","3":"status-publish","4":"format-standard","5":"has-post-thumbnail","7":"category-marseille","8":"tag-17","9":"tag-actu","10":"tag-actualites","11":"tag-aucun","12":"tag-dun","13":"tag-eu","14":"tag-europe","15":"tag-fr","16":"tag-france","17":"tag-lundi","18":"tag-marseille","19":"tag-metro","20":"tag-news","21":"tag-poursuite","22":"tag-provence-alpes-cote-dazur","23":"tag-raison","24":"tag-republique-francaise","25":"tag-societe"},"share_on_mastodon":{"url":"https:\/\/pubeurope.com\/@fr\/114729793944267282","error":""},"_links":{"self":[{"href":"https:\/\/www.europesays.com\/fr\/wp-json\/wp\/v2\/posts\/196958","targetHints":{"allow":["GET"]}}],"collection":[{"href":"https:\/\/www.europesays.com\/fr\/wp-json\/wp\/v2\/posts"}],"about":[{"href":"https:\/\/www.europesays.com\/fr\/wp-json\/wp\/v2\/types\/post"}],"author":[{"embeddable":true,"href":"https:\/\/www.europesays.com\/fr\/wp-json\/wp\/v2\/users\/2"}],"replies":[{"embeddable":true,"href":"https:\/\/www.europesays.com\/fr\/wp-json\/wp\/v2\/comments?post=196958"}],"version-history":[{"count":0,"href":"https:\/\/www.europesays.com\/fr\/wp-json\/wp\/v2\/posts\/196958\/revisions"}],"wp:featuredmedia":[{"embeddable":true,"href":"https:\/\/www.europesays.com\/fr\/wp-json\/wp\/v2\/media\/196959"}],"wp:attachment":[{"href":"https:\/\/www.europesays.com\/fr\/wp-json\/wp\/v2\/media?parent=196958"}],"wp:term":[{"taxonomy":"category","embeddable":true,"href":"https:\/\/www.europesays.com\/fr\/wp-json\/wp\/v2\/categories?post=196958"},{"taxonomy":"post_tag","embeddable":true,"href":"https:\/\/www.europesays.com\/fr\/wp-json\/wp\/v2\/tags?post=196958"}],"curies":[{"name":"wp","href":"https:\/\/api.w.org\/{rel}","templated":true}]}}