{"id":196960,"date":"2025-06-23T00:14:12","date_gmt":"2025-06-23T00:14:12","guid":{"rendered":"https:\/\/www.europesays.com\/fr\/196960\/"},"modified":"2025-06-23T00:14:12","modified_gmt":"2025-06-23T00:14:12","slug":"encadrement-des-loyers-la-metropole-veut-ameliorer-le-dispositif","status":"publish","type":"post","link":"https:\/\/www.europesays.com\/fr\/196960\/","title":{"rendered":"Encadrement des loyers : la M\u00e9tropole veut am\u00e9liorer le dispositif"},"content":{"rendered":"<p><img width=\"487\" height=\"269\" src=\"https:\/\/www.europesays.com\/fr\/wp-content\/uploads\/2025\/06\/appartement-1.jpg\" class=\"attachment-post-thumbnail size-post-thumbnail wp-post-image\" alt=\"\" decoding=\"async\" fetchpriority=\"high\" \/><\/p>\n<p>(SDH\/LPI)<\/p>\n<p><strong>La collectivit\u00e9 a indiqu\u00e9 poursuivre son action afin d\u2019am\u00e9liorer et p\u00e9renniser l\u2019encadrement des loyers.<\/strong><\/p>\n<p>Le dispositif d&rsquo;encadrement des loyers est mis en place depuis novembre 2021 sur le territoire des communes de Lyon et des Villeurbanne. La M\u00e9tropole de Lyon s\u2019est jointe \u00e0 l\u2019Alliance des collectivit\u00e9s r\u00e9unies \u00e0 Paris afin de d\u00e9fendre ce dispositif, dont l\u2019exp\u00e9rimentation arrivera \u00e0 terme en 2026.<\/p>\n<p>La M\u00e9tropole note en effet que l\u2019encadrement a eu des effets sur les niveaux des loyers, ceci ayant \u00e9t\u00e9 \u00abconfirm\u00e9 par plusieurs \u00e9tudes r\u00e9centes\u00bb, note-t-elle. Le dispositif vise en effet \u00e0 lutter contre les niveaux de loyers excessifs et \u00e0 limiter leur augmentation dans les secteurs en forte tension immobili\u00e8re. Reste que cette mesure est appliqu\u00e9e \u00ab\u00e0 titre d\u2019exp\u00e9rimentation\u00bb jusqu\u2019en novembre 2026. <\/p>\n<p><img decoding=\"async\" src=\"https:\/\/www.europesays.com\/fr\/wp-content\/uploads\/2025\/04\/abonnezvouslarge.jpg\" alt=\"\" \/><\/p>\n<p>Pour lire la totalit\u00e9 de l&rsquo;article,<strong> <a href=\"http:\/\/www.lyonpoleimmo.com\/membership-options-page\/\" target=\"_blank\" rel=\"noopener\">abonnez-vous<\/a> <\/strong>ou <a href=\"http:\/\/www.lyonpoleimmo.com\/senregistrer\/\" target=\"_blank\" rel=\"noopener\"><strong>identifiez-vous<\/strong><\/a>  <\/p>\n<p><strong>Si vous avez appr\u00e9ci\u00e9 cet article, s&rsquo;il vous plait, prenez le temps de <a href=\"#comments\">laisser un commentaire<\/a> ou de <a href=\"http:\/\/www.lyonpoleimmo.com\/feed\/\" target=\"_blank\" rel=\"noopener\">souscrire au flux<\/a> afin de recevoir les futurs articles directement dans votre lecteur de flux.<br \/>\n    <\/strong><\/p>\n<p>\t<a href=\"http:\/\/www.lyonpoleimmo.com\/2025\/06\/22\/91363\/encadrement-des-loyers-la-metropole-veut-ameliorer-le-dispositif\/\" rel=\"bookmark noopener\" title=\"Lien Permanent vers Encadrement des loyers : la M\u00e9tropole veut am\u00e9liorer le dispositif\" target=\"_blank\">Encadrement des loyers : la M\u00e9tropole veut am\u00e9liorer le dispositif<\/a><\/p>\n<p>\t<a href=\"http:\/\/www.lyonpoleimmo.com\/2025\/06\/22\/91363\/encadrement-des-loyers-la-metropole-veut-ameliorer-le-dispositif\/\" rel=\"bookmark noopener\" title=\"Lien Permanent vers Encadrement des loyers : la M\u00e9tropole veut am\u00e9liorer le dispositif\" target=\"_blank\"><\/p>\n<p>La collectivit\u00e9 a indiqu\u00e9 poursuivre son action afin d\u2019am\u00e9liorer et p\u00e9renniser l\u2019encadrement des loyers.<\/p>\n<p><\/a><\/p>\n<p>\t<a href=\"http:\/\/www.lyonpoleimmo.com\/2025\/06\/22\/91371\/revision-a-la-hausse-la-perspective-de-notation-dinli\/\" rel=\"bookmark noopener\" title=\"Lien Permanent vers R\u00e9vision \u00e0 la hausse la perspective de notation d\u2019in\u2019li\" target=\"_blank\">R\u00e9vision \u00e0 la hausse la perspective de notation d\u2019in\u2019li<\/a><\/p>\n<p>\t<a href=\"http:\/\/www.lyonpoleimmo.com\/2025\/06\/22\/91371\/revision-a-la-hausse-la-perspective-de-notation-dinli\/\" rel=\"bookmark noopener\" title=\"Lien Permanent vers R\u00e9vision \u00e0 la hausse la perspective de notation d\u2019in\u2019li\" target=\"_blank\"><\/p>\n<p>C\u2019est ce qu\u2019a indiqu\u00e9 l\u2019agence de notation Moody\u2019s Investors Services.<\/p>\n<p><\/a><\/p>\n<p>\t<a href=\"http:\/\/www.lyonpoleimmo.com\/2025\/06\/17\/91307\/suspension-des-arretes-de-michele-picard\/\" rel=\"bookmark noopener\" title=\"Lien Permanent vers Suspension des arr\u00eat\u00e9s de Mich\u00e8le Picard\" target=\"_blank\">Suspension des arr\u00eat\u00e9s de Mich\u00e8le Picard<\/a><\/p>\n<p>\t<a href=\"http:\/\/www.lyonpoleimmo.com\/2025\/06\/17\/91307\/suspension-des-arretes-de-michele-picard\/\" rel=\"bookmark noopener\" title=\"Lien Permanent vers Suspension des arr\u00eat\u00e9s de Mich\u00e8le Picard\" target=\"_blank\"><\/p>\n<p>Mich\u00e8le Picard, maire de V\u00e9nissieux, avait interdit, en amont de la fin de la tr\u00eave hivernale, les interruptions de fournitures d\u2019\u00e9lectricit\u00e9 et de gaz et les saisies mobili\u00e8res. Les arr\u00eat\u00e9s imposaient une obligation de relogement et d\u2019information avant toute expulsion locative. Le tribunal administratif a suspendu ceux-ci.<\/p>\n<p><\/a><\/p>\n<p>\t<a href=\"http:\/\/www.lyonpoleimmo.com\/2025\/05\/20\/90928\/statut-du-bailleur-prive-le-ministere-a-fait-un-point-detape\/\" rel=\"bookmark noopener\" title=\"Lien Permanent vers Statut du bailleur priv\u00e9 : le minist\u00e8re a fait un point d\u2019\u00e9tape\" target=\"_blank\">Statut du bailleur priv\u00e9 : le minist\u00e8re a fait un point d\u2019\u00e9tape<\/a><\/p>\n<p>\t<a href=\"http:\/\/www.lyonpoleimmo.com\/2025\/05\/20\/90928\/statut-du-bailleur-prive-le-ministere-a-fait-un-point-detape\/\" rel=\"bookmark noopener\" title=\"Lien Permanent vers Statut du bailleur priv\u00e9 : le minist\u00e8re a fait un point d\u2019\u00e9tape\" target=\"_blank\"><\/p>\n<p>Le minist\u00e8re charg\u00e9 du logement travaille sur ce dispositif, qui vise \u00e0 \u00abrelancer l\u2019investissement locatif pour produire plus de logement\u00bb.<\/p>\n<p><\/a><\/p>\n<p>\t<a href=\"http:\/\/www.lyonpoleimmo.com\/2025\/05\/15\/90899\/lunion-europeenne-sempare-de-la-question-de-logement\/\" rel=\"bookmark noopener\" title=\"Lien Permanent vers L\u2019Union europ\u00e9enne entend s\u2019emparer de la question de logement\" target=\"_blank\">L\u2019Union europ\u00e9enne entend s\u2019emparer de la question de logement<\/a><\/p>\n<p>\t<a href=\"http:\/\/www.lyonpoleimmo.com\/2025\/05\/15\/90899\/lunion-europeenne-sempare-de-la-question-de-logement\/\" rel=\"bookmark noopener\" title=\"Lien Permanent vers L\u2019Union europ\u00e9enne entend s\u2019emparer de la question de logement\" target=\"_blank\"><\/p>\n<p>Renaud Payre \u00e9tait \u00e0 Bruxelles jeudi. Face \u00e0 la crise du logement, la M\u00e9tropole de Lyon entend porter la voix des grandes agglom\u00e9rations pour nourrir le plan sur le logement abordable en pr\u00e9paration au niveau de l\u2019Union europ\u00e9enne.<\/p>\n<p><\/a><\/p>\n<p>\t<a href=\"http:\/\/www.lyonpoleimmo.com\/2025\/05\/13\/90853\/la-rentabilite-locative-en-nette-progression-selon-seloger\/\" rel=\"bookmark noopener\" title=\"Lien Permanent vers La rentabilit\u00e9 locative en nette progression, selon Seloger\" target=\"_blank\">La rentabilit\u00e9 locative en nette progression, selon Seloger<\/a><\/p>\n<p>\t<a href=\"http:\/\/www.lyonpoleimmo.com\/2025\/05\/13\/90853\/la-rentabilite-locative-en-nette-progression-selon-seloger\/\" rel=\"bookmark noopener\" title=\"Lien Permanent vers La rentabilit\u00e9 locative en nette progression, selon Seloger\" target=\"_blank\"><\/p>\n<p>Pour le sp\u00e9cialiste, \u00ab2025 pourrait bien marquer le retour des investisseurs\u00bb.<\/p>\n<p><\/a><\/p>\n<p>\t<a href=\"http:\/\/www.lyonpoleimmo.com\/2025\/05\/05\/90767\/letat-veut-mieux-prevenir-les-impayes-de-loyers\/\" rel=\"bookmark noopener\" title=\"Lien Permanent vers L\u2019\u00c9tat veut mieux pr\u00e9venir les impay\u00e9s de loyers\" target=\"_blank\">L\u2019\u00c9tat veut mieux pr\u00e9venir les impay\u00e9s de loyers<\/a><\/p>\n<p>\t<a href=\"http:\/\/www.lyonpoleimmo.com\/2025\/05\/05\/90767\/letat-veut-mieux-prevenir-les-impayes-de-loyers\/\" rel=\"bookmark noopener\" title=\"Lien Permanent vers L\u2019\u00c9tat veut mieux pr\u00e9venir les impay\u00e9s de loyers\" target=\"_blank\"><\/p>\n<p>A l\u2019issue d\u2019une r\u00e9union de l\u2019observatoire national des impay\u00e9s de loyer et de charges locatives , Val\u00e9rie L\u00e9tard, ministre du logement, a indiqu\u00e9 mobiliser les acteurs pour mieux accompagner les m\u00e9nages fragiles.<\/p>\n<p><\/a><\/p>\n<p>\t<a href=\"http:\/\/www.lyonpoleimmo.com\/2025\/05\/05\/90740\/evasyon-ou-la-mue-reussie-dun-ensemble-tertiaire-au-coeur-du-quartier-sans-souci\/\" rel=\"bookmark noopener\" title=\"Lien Permanent vers \u00ab\u00a0EvasYon\u00a0\u00bb ou la mue r\u00e9ussie d\u2019un ensemble tertiaire au c\u0153ur du quartier Sans Souci\" target=\"_blank\">\u00ab\u00a0EvasYon\u00a0\u00bb ou la mue r\u00e9ussie d\u2019un ensemble tertiaire au c\u0153ur du quartier Sans Souci<\/a><\/p>\n<p>\t<a href=\"http:\/\/www.lyonpoleimmo.com\/2025\/05\/05\/90740\/evasyon-ou-la-mue-reussie-dun-ensemble-tertiaire-au-coeur-du-quartier-sans-souci\/\" rel=\"bookmark noopener\" title=\"Lien Permanent vers \u00ab\u00a0EvasYon\u00a0\u00bb ou la mue r\u00e9ussie d\u2019un ensemble tertiaire au c\u0153ur du quartier Sans Souci\" target=\"_blank\"><\/p>\n<p>L\u2019op\u00e9ration inaugur\u00e9e fin mars par Vinci Immobilier, int\u00e8gre le premier Bikube, nouvelle marque de coliving au concept hybride, mais aussi un nouvel immeuble tertiaire et une r\u00e9sidence \u00e9tudiante.<\/p>\n<p><\/a><\/p>\n<p>\t<a href=\"http:\/\/www.lyonpoleimmo.com\/2025\/05\/01\/90725\/on-na-pas-a-denigrer-la-propriete-privee-voire-meme-a-lignorer\/\" rel=\"bookmark noopener\" title=\"Lien Permanent vers \u00abOn n\u2019a pas \u00e0 d\u00e9nigrer la propri\u00e9t\u00e9 priv\u00e9e, voire m\u00eame \u00e0 l\u2019ignorer\u00bb\" target=\"_blank\">\u00abOn n\u2019a pas \u00e0 d\u00e9nigrer la propri\u00e9t\u00e9 priv\u00e9e, voire m\u00eame \u00e0 l\u2019ignorer\u00bb<\/a><\/p>\n<p>\t<a href=\"http:\/\/www.lyonpoleimmo.com\/2025\/05\/01\/90725\/on-na-pas-a-denigrer-la-propriete-privee-voire-meme-a-lignorer\/\" rel=\"bookmark noopener\" title=\"Lien Permanent vers \u00abOn n\u2019a pas \u00e0 d\u00e9nigrer la propri\u00e9t\u00e9 priv\u00e9e, voire m\u00eame \u00e0 l\u2019ignorer\u00bb\" target=\"_blank\"><\/p>\n<p><img decoding=\"async\" src=\"https:\/\/www.europesays.com\/fr\/wp-content\/uploads\/2025\/05\/Sylvain-Grataloup.jpg\" alt=\"null\" \/>Sylvain Grataloup est le pr\u00e9sident de l\u2019Union nationale des propri\u00e9taires immobiliers (UNPI). Nous \u00e9voquons avec lui la politique du logement men\u00e9e par la Ville de Lyon et par la M\u00e9tropole, mais aussi la r\u00e9cente proposition de l\u2019organisation sur un dispositif fiscal universel des revenus locatifs.<\/p>\n<p><\/a><\/p>\n<p>\t<a href=\"http:\/\/www.lyonpoleimmo.com\/2025\/04\/24\/90659\/une-reforme-de-laide-a-la-gestion-locative-sociale\/\" rel=\"bookmark noopener\" title=\"Lien Permanent vers Une r\u00e9forme de l\u2019aide \u00e0 la gestion locative sociale\" target=\"_blank\">Une r\u00e9forme de l\u2019aide \u00e0 la gestion locative sociale<\/a><\/p>\n<p>\t<a href=\"http:\/\/www.lyonpoleimmo.com\/2025\/04\/24\/90659\/une-reforme-de-laide-a-la-gestion-locative-sociale\/\" rel=\"bookmark noopener\" title=\"Lien Permanent vers Une r\u00e9forme de l\u2019aide \u00e0 la gestion locative sociale\" target=\"_blank\"><\/p>\n<p>Cette r\u00e9forme de l\u2019AGLS est l\u2019une des deux priorit\u00e9s d\u00e9finies dans le cadre du plan \u00abLogement d\u2019abord\u00bb<\/p>\n<p><\/a><\/p>\n<p>\t<a href=\"http:\/\/www.lyonpoleimmo.com\/2025\/04\/17\/90539\/cdc-habitat-aura-plus-de-1-100-logements-neufs-livres-en-2024\/\" rel=\"bookmark noopener\" title=\"Lien Permanent vers CDC Habitat AURA : plus de 1.100 logements neufs livr\u00e9s en 2024\" target=\"_blank\">CDC Habitat AURA : plus de 1.100 logements neufs livr\u00e9s en 2024<\/a><\/p>\n<p>\t<a href=\"http:\/\/www.lyonpoleimmo.com\/2025\/04\/17\/90539\/cdc-habitat-aura-plus-de-1-100-logements-neufs-livres-en-2024\/\" rel=\"bookmark noopener\" title=\"Lien Permanent vers CDC Habitat AURA : plus de 1.100 logements neufs livr\u00e9s en 2024\" target=\"_blank\"><\/p>\n<p>Pr\u00e8s de 400 livraisons ont \u00e9t\u00e9 r\u00e9alis\u00e9es dans le Rh\u00f4ne et la M\u00e9tropole, selon un bilan d\u00e9voil\u00e9 mercredi.. CDC Habitat Auvergne-Rh\u00f4ne-Alpes a par ailleurs acc\u00e9l\u00e9r\u00e9 la r\u00e9habilitation thermique et soutenu les projets de renouvellement urbain.<\/p>\n<p><\/a><\/p>\n<p>\t<a href=\"http:\/\/www.lyonpoleimmo.com\/2025\/04\/17\/90517\/futurhable-pour-un-logement-durablement-habitable\/\" rel=\"bookmark noopener\" title=\"Lien Permanent vers \u00ab\u00a0Futurhable\u00a0\u00bb, pour un logement durablement habitable\" target=\"_blank\">\u00ab\u00a0Futurhable\u00a0\u00bb, pour un logement durablement habitable<\/a><\/p>\n<p>\t<a href=\"http:\/\/www.lyonpoleimmo.com\/2025\/04\/17\/90517\/futurhable-pour-un-logement-durablement-habitable\/\" rel=\"bookmark noopener\" title=\"Lien Permanent vers \u00ab\u00a0Futurhable\u00a0\u00bb, pour un logement durablement habitable\" target=\"_blank\"><\/p>\n<p>L\u2019association Fonci\u00e8re Logement a pr\u00e9sent\u00e9 jeudi dernier sa strat\u00e9gie pour un logement durablement habitable.<\/p>\n<p><\/a><\/p>\n<p>\t<a href=\"http:\/\/www.lyonpoleimmo.com\/2025\/04\/15\/90482\/lunis-a-organise-sa-17e-journee-de-la-copropriete\/\" rel=\"bookmark noopener\" title=\"Lien Permanent vers L\u2019UNIS a organis\u00e9 sa 17e journ\u00e9e de la copropri\u00e9t\u00e9\" target=\"_blank\">L\u2019UNIS a organis\u00e9 sa 17e journ\u00e9e de la copropri\u00e9t\u00e9<\/a><\/p>\n<p>\t<a href=\"http:\/\/www.lyonpoleimmo.com\/2025\/04\/15\/90482\/lunis-a-organise-sa-17e-journee-de-la-copropriete\/\" rel=\"bookmark noopener\" title=\"Lien Permanent vers L\u2019UNIS a organis\u00e9 sa 17e journ\u00e9e de la copropri\u00e9t\u00e9\" target=\"_blank\"><\/p>\n<p><img decoding=\"async\" src=\"https:\/\/www.europesays.com\/fr\/wp-content\/uploads\/2025\/05\/journee-copropriete2025.jpg\" alt=\"null\" \/>L\u2019UNIS Lyon-Rh\u00f4ne organisait sa 17e journ\u00e9e d\u00e9di\u00e9e \u00e0 la copropri\u00e9t\u00e9 \u00e0 l\u2019Amphith\u00e9\u00e2tre 3000 de la Cit\u00e9 Internationale de Lyon.<\/p>\n<p><\/a><\/p>\n<p>\t<a href=\"http:\/\/www.lyonpoleimmo.com\/2025\/03\/31\/90225\/venissieux-une-obligation-de-relogement-avant-toute-expulsion\/\" rel=\"bookmark noopener\" title=\"Lien Permanent vers V\u00e9nissieux : une obligation de relogement avant toute expulsion\" target=\"_blank\">V\u00e9nissieux : une obligation de relogement avant toute expulsion<\/a><\/p>\n<p>\t<a href=\"http:\/\/www.lyonpoleimmo.com\/2025\/03\/31\/90225\/venissieux-une-obligation-de-relogement-avant-toute-expulsion\/\" rel=\"bookmark noopener\" title=\"Lien Permanent vers V\u00e9nissieux : une obligation de relogement avant toute expulsion\" target=\"_blank\"><\/p>\n<p>En amont de la fin de la tr\u00eave hivernale, Mich\u00e8le Picard, maire de la Ville, a pris des arr\u00eat\u00e9s portant obligation de relogement et d\u2019information avant toute expulsion, et portant interdiction des saisies mobili\u00e8res et des interruptions de fourniture d\u2019\u00e9lectricit\u00e9 et de gaz des r\u00e9sidences principales.<\/p>\n<p><\/a><\/p>\n<p>\t<a href=\"http:\/\/www.lyonpoleimmo.com\/2025\/01\/15\/88978\/un-marche-locatif-en-souffrance\/\" rel=\"bookmark noopener\" title=\"Lien Permanent vers Un march\u00e9 locatif en souffrance\" target=\"_blank\">Un march\u00e9 locatif en souffrance<\/a><\/p>\n<p>\t<a href=\"http:\/\/www.lyonpoleimmo.com\/2025\/01\/15\/88978\/un-marche-locatif-en-souffrance\/\" rel=\"bookmark noopener\" title=\"Lien Permanent vers Un march\u00e9 locatif en souffrance\" target=\"_blank\"><\/p>\n<p><img decoding=\"async\" src=\"https:\/\/www.europesays.com\/fr\/wp-content\/uploads\/2025\/06\/Loic-Cantin-1.jpg\" alt=\"null\" \/>La FNAIM a fait mercredi un point sur le march\u00e9 locatif. Son pr\u00e9sident, Lo\u00efc Cantin, a \u00e9voqu\u00e9 l\u2019encadrement des loyers, mais aussi la mise en place d\u2019une ind\u00e9cence \u00e9nerg\u00e9tique au 1er janvier 2025.<\/p>\n<p><\/a><\/p>\n","protected":false},"excerpt":{"rendered":"(SDH\/LPI) La collectivit\u00e9 a indiqu\u00e9 poursuivre son action afin d\u2019am\u00e9liorer et p\u00e9renniser l\u2019encadrement des loyers. Le dispositif d&rsquo;encadrement&hellip;\n","protected":false},"author":2,"featured_media":196961,"comment_status":"","ping_status":"","sticky":false,"template":"","format":"standard","meta":{"footnotes":""},"categories":[1889],"tags":[5265,1111,11,2430,1777,674,1011,27,10284,2428,12,25],"class_list":{"0":"post-196960","1":"post","2":"type-post","3":"status-publish","4":"format-standard","5":"has-post-thumbnail","7":"category-lyon","8":"tag-abonnes","9":"tag-actu","10":"tag-actualites","11":"tag-auvergne-rhone-alpes","12":"tag-eu","13":"tag-europe","14":"tag-fr","15":"tag-france","16":"tag-location","17":"tag-lyon","18":"tag-news","19":"tag-republique-francaise"},"share_on_mastodon":{"url":"https:\/\/pubeurope.com\/@fr\/114729796570128185","error":""},"_links":{"self":[{"href":"https:\/\/www.europesays.com\/fr\/wp-json\/wp\/v2\/posts\/196960","targetHints":{"allow":["GET"]}}],"collection":[{"href":"https:\/\/www.europesays.com\/fr\/wp-json\/wp\/v2\/posts"}],"about":[{"href":"https:\/\/www.europesays.com\/fr\/wp-json\/wp\/v2\/types\/post"}],"author":[{"embeddable":true,"href":"https:\/\/www.europesays.com\/fr\/wp-json\/wp\/v2\/users\/2"}],"replies":[{"embeddable":true,"href":"https:\/\/www.europesays.com\/fr\/wp-json\/wp\/v2\/comments?post=196960"}],"version-history":[{"count":0,"href":"https:\/\/www.europesays.com\/fr\/wp-json\/wp\/v2\/posts\/196960\/revisions"}],"wp:featuredmedia":[{"embeddable":true,"href":"https:\/\/www.europesays.com\/fr\/wp-json\/wp\/v2\/media\/196961"}],"wp:attachment":[{"href":"https:\/\/www.europesays.com\/fr\/wp-json\/wp\/v2\/media?parent=196960"}],"wp:term":[{"taxonomy":"category","embeddable":true,"href":"https:\/\/www.europesays.com\/fr\/wp-json\/wp\/v2\/categories?post=196960"},{"taxonomy":"post_tag","embeddable":true,"href":"https:\/\/www.europesays.com\/fr\/wp-json\/wp\/v2\/tags?post=196960"}],"curies":[{"name":"wp","href":"https:\/\/api.w.org\/{rel}","templated":true}]}}