{"id":196964,"date":"2025-06-23T00:17:16","date_gmt":"2025-06-23T00:17:16","guid":{"rendered":"https:\/\/www.europesays.com\/fr\/196964\/"},"modified":"2025-06-23T00:17:16","modified_gmt":"2025-06-23T00:17:16","slug":"prolongement-de-la-18-vers-nanterre-et-boissy-saint-leger-nouvelle-ligne-19-le-metro-prepare-sa-boucle-de-grande-couronne-en-ile-de-france","status":"publish","type":"post","link":"https:\/\/www.europesays.com\/fr\/196964\/","title":{"rendered":"Prolongement de la 18 vers Nanterre et Boissy-Saint-L\u00e9ger, nouvelle ligne 19&#8230; le m\u00e9tro pr\u00e9pare sa boucle de grande couronne en Ile-de-France"},"content":{"rendered":"<p><a href=\"https:\/\/94.citoyens.com\/2025\/municipales-2026-49-chefs-de-file-pour-horizons-en-ile-de-france,12-06-2025.html\" title=\"Municipales 2026\u00a0: 49 chefs de file pour Horizons en Ile-de-France\" class=\"visuel\" target=\"_blank\" rel=\"noopener\"> <img decoding=\"async\" src=\"https:\/\/www.europesays.com\/fr\/wp-content\/uploads\/2025\/06\/elections-380x173.jpg\"  class=\"attachment-home-article wp-post-image lazyload\" alt=\"Municipales 2026\u00a0: 49 chefs de file pour Horizons en Ile-de-France\"\/>  \u00a9 Manon Henry\t <\/a> <a href=\"https:\/\/94.citoyens.com\/2025\/municipales-2026-49-chefs-de-file-pour-horizons-en-ile-de-france,12-06-2025.html\" title=\"Municipales 2026\u00a0: 49 chefs de file pour Horizons en Ile-de-France\" target=\"_blank\" rel=\"noopener\"> Municipales 2026\u00a0: 49 chefs de file pour Horizons en Ile-de-France\t<\/a><\/p>\n<p>Le parti dans l\u2019ancien premier ministre \u00c9douard Philippe a d\u00e9sign\u00e9 130 premiers chefs de file pour les \u00e9lections municipales. 49 noms sont sortis en Ile-de-France, dont seulement 10 femmes. Paris ne figure pas pour l\u2019instant sur cette liste.<\/p>\n<p>  Justice\t<\/p>\n<p><a href=\"https:\/\/94.citoyens.com\/2025\/conseils-de-prudhommes-en-ile-de-france-3-000-sieges-a-pourvoir-pour-2026,19-06-2025.html\" title=\"Conseils de prud\u2019hommes en Ile-de-France\u00a0: 3\u00a0000 si\u00e8ges \u00e0 pourvoir pour 2026\" class=\"visuel\" target=\"_blank\" rel=\"noopener\"> <img decoding=\"async\" src=\"https:\/\/www.europesays.com\/fr\/wp-content\/uploads\/2025\/06\/medaille-des-prudhommes-dd-380x173.jpg\"  class=\"attachment-home-article wp-post-image lazyload\" alt=\"Conseils de prud\u2019hommes en Ile-de-France\u00a0: 3\u00a0000 si\u00e8ges \u00e0 pourvoir pour 2026\"\/>  \u00a9 DD\t <\/a> <a href=\"https:\/\/94.citoyens.com\/2025\/conseils-de-prudhommes-en-ile-de-france-3-000-sieges-a-pourvoir-pour-2026,19-06-2025.html\" title=\"Conseils de prud\u2019hommes en Ile-de-France\u00a0: 3\u00a0000 si\u00e8ges \u00e0 pourvoir pour 2026\" target=\"_blank\" rel=\"noopener\"> Conseils de prud\u2019hommes en Ile-de-France\u00a0: 3\u00a0000 si\u00e8ges \u00e0 pourvoir pour 2026\t<\/a><\/p>\n<p>Traiter les litiges entre salari\u00e9s et employeurs priv\u00e9s, telles sont les missions des conseils de prud\u2019hommes, constitu\u00e9s \u00e0 parit\u00e9 de repr\u00e9sentants du patronat et du personnel. Un mandat de trois ans qui arrive \u00e0 \u00e9ch\u00e9ance fin 2025. Pour candidater, pas besoin d\u2019\u00eatre un professionnel de la justice, il suffit d\u2019\u00eatre salari\u00e9 ou patron. En revanche,\u2026<\/p>\n<p><a href=\"https:\/\/94.citoyens.com\/2025\/metro-rer-en-ile-de-france-les-amendes-passent-de-50-a-70-euros,23-05-2025.html\" title=\"M\u00e9tro-RER en Ile-de-France : les amendes passent de 50 \u00e0 70 euros\" class=\"visuel\" target=\"_blank\" rel=\"noopener\"> <img decoding=\"async\" src=\"https:\/\/www.europesays.com\/fr\/wp-content\/uploads\/2025\/06\/metro-parisien-canva-pro-gagliardi-photography-380x173.jpg\"  class=\"attachment-home-article wp-post-image lazyload\" alt=\"M\u00e9tro-RER en Ile-de-France : les amendes passent de 50 \u00e0 70 euros\"\/>  \u00a9 Gagliardi Photography\t <\/a> <a href=\"https:\/\/94.citoyens.com\/2025\/metro-rer-en-ile-de-france-les-amendes-passent-de-50-a-70-euros,23-05-2025.html\" title=\"M\u00e9tro-RER en Ile-de-France : les amendes passent de 50 \u00e0 70 euros\" target=\"_blank\" rel=\"noopener\"> M\u00e9tro-RER en Ile-de-France : les amendes passent de 50 \u00e0 70 euros\t<\/a><\/p>\n<p>La RATP a annonc\u00e9 jeudi une augmentation de 20 euros des amendes tarifaires \u2013 en cas de paiement imm\u00e9diat \u2013 \u00e0 compter du 2 juin, dans le cadre du plan de lutte contre la fraude lanc\u00e9 en f\u00e9vrier par Ile-de-France Mobilit\u00e9s sur l\u2019ensemble des r\u00e9seaux franciliens.<\/p>\n<p><a href=\"https:\/\/94.citoyens.com\/2025\/orages-en-ile-de-france-alerte-meteo-orange,13-06-2025.html\" title=\"Orages en Ile-de-France\u00a0: alerte m\u00e9t\u00e9o orange\" class=\"visuel\" target=\"_blank\" rel=\"noopener\"> <img decoding=\"async\" src=\"https:\/\/www.europesays.com\/fr\/wp-content\/uploads\/2025\/06\/orage-pixabay-umkreisel-app-380x173.jpg\"  class=\"attachment-home-article wp-post-image lazyload\" alt=\"Orages en Ile-de-France\u00a0: alerte m\u00e9t\u00e9o orange\"\/>  \u00a9 Umkreisel App\t <\/a> <a href=\"https:\/\/94.citoyens.com\/2025\/orages-en-ile-de-france-alerte-meteo-orange,13-06-2025.html\" title=\"Orages en Ile-de-France\u00a0: alerte m\u00e9t\u00e9o orange\" target=\"_blank\" rel=\"noopener\"> Orages en Ile-de-France\u00a0: alerte m\u00e9t\u00e9o orange\t<\/a><\/p>\n<p>Jaune ce matin, l\u2019alerte vigilance de M\u00e9t\u00e9o France a vir\u00e9 au orange d\u00e8s 10 heures ce matin. Alors que le temps s\u2019est subitement alourdi et r\u00e9chauff\u00e9, de violents orages sont pr\u00e9vus ce vendredi 13 au soir, dans toute l\u2019agglom\u00e9ration parisienne (Paris, Hauts-de-Seine, Val-de-Marne et Seine-Saint-Denis) ainsi que dans les Yvelines et en Val d\u2019Oise. Seine-et-Marne\u2026<\/p>\n","protected":false},"excerpt":{"rendered":"\u00a9 Manon Henry Municipales 2026\u00a0: 49 chefs de file pour Horizons en Ile-de-France Le parti dans l\u2019ancien premier&hellip;\n","protected":false},"author":2,"featured_media":196965,"comment_status":"","ping_status":"","sticky":false,"template":"","format":"standard","meta":{"footnotes":""},"categories":[1592],"tags":[33646,1111,11,663,659,18330,12642,33647,33648,33649,33650,33651,20657,341,2303,18112,1936,14774,1777,674,33652,1011,27,29960,33653,6306,12284,3314,662,10883,399,33654,30211,22221,33655,33656,33657,33658,20410,4047,33659,1137,33660,10963,33661,12,33662,16483,30582,626,4013,23090,33663,33664,25,18068,6561,7759,8691,18341,33665,33666,20940,5811,4109,800,2216,2292,33667,19397,20423,33668,33669,9754,33670,1938],"class_list":{"0":"post-196964","1":"post","2":"type-post","3":"status-publish","4":"format-standard","5":"has-post-thumbnail","7":"category-ile-de-france","8":"tag-ablon-sur-seine","9":"tag-actu","10":"tag-actualites","11":"tag-aeroport","12":"tag-aeroport-dorly","13":"tag-argenteuil","14":"tag-athis-mons","15":"tag-bernard-gobitz","16":"tag-boissy","17":"tag-boissy-saint-leger","18":"tag-crosne","19":"tag-daniel-guerin","20":"tag-developpement-economique","21":"tag-emploi","22":"tag-emplois","23":"tag-enquete-publique","24":"tag-essonne","25":"tag-est-parisien-2","26":"tag-eu","27":"tag-europe","28":"tag-financement-du-grand-paris-express","29":"tag-fr","30":"tag-france","31":"tag-francois-durovray","32":"tag-gonesse","33":"tag-grand-paris","34":"tag-grand-paris-express","35":"tag-hauts-de-seine","36":"tag-ile-de-france","37":"tag-ile-de-france-mobilites","38":"tag-investissement","39":"tag-juvisy-sur-orge","40":"tag-le-chesnay-rocquencourt","41":"tag-ligne-1","42":"tag-ligne-14","43":"tag-ligne-16","44":"tag-ligne-18","45":"tag-ligne-19","46":"tag-limeil-brevannes","47":"tag-metro","48":"tag-metro-peripherique","49":"tag-mobilite","50":"tag-montgeron","51":"tag-nanterre","52":"tag-nanterre-la-folie","53":"tag-news","54":"tag-olivier-capitanio","55":"tag-orly","56":"tag-palaiseau","57":"tag-paris","58":"tag-peripherique","59":"tag-petite-couronne","60":"tag-plateau-briard","61":"tag-plateau-de-saclay","62":"tag-republique-francaise","63":"tag-rer-a","64":"tag-rer-c","65":"tag-rer-d","66":"tag-rer-e","67":"tag-saint-denis","68":"tag-sdrif","69":"tag-societe-des-grands-projets","70":"tag-telepherique","71":"tag-trains","72":"tag-tramway","73":"tag-transports","74":"tag-transports-en-commun","75":"tag-val-doise","76":"tag-valenton","77":"tag-vegetale","78":"tag-versailles","79":"tag-vigneux-sur-seine","80":"tag-villeneuve-le-roi","81":"tag-villeneuve-saint-georges","82":"tag-yerres","83":"tag-yvelines"},"share_on_mastodon":{"url":"","error":"Validation failed: Text character limit of 500 exceeded"},"_links":{"self":[{"href":"https:\/\/www.europesays.com\/fr\/wp-json\/wp\/v2\/posts\/196964","targetHints":{"allow":["GET"]}}],"collection":[{"href":"https:\/\/www.europesays.com\/fr\/wp-json\/wp\/v2\/posts"}],"about":[{"href":"https:\/\/www.europesays.com\/fr\/wp-json\/wp\/v2\/types\/post"}],"author":[{"embeddable":true,"href":"https:\/\/www.europesays.com\/fr\/wp-json\/wp\/v2\/users\/2"}],"replies":[{"embeddable":true,"href":"https:\/\/www.europesays.com\/fr\/wp-json\/wp\/v2\/comments?post=196964"}],"version-history":[{"count":0,"href":"https:\/\/www.europesays.com\/fr\/wp-json\/wp\/v2\/posts\/196964\/revisions"}],"wp:featuredmedia":[{"embeddable":true,"href":"https:\/\/www.europesays.com\/fr\/wp-json\/wp\/v2\/media\/196965"}],"wp:attachment":[{"href":"https:\/\/www.europesays.com\/fr\/wp-json\/wp\/v2\/media?parent=196964"}],"wp:term":[{"taxonomy":"category","embeddable":true,"href":"https:\/\/www.europesays.com\/fr\/wp-json\/wp\/v2\/categories?post=196964"},{"taxonomy":"post_tag","embeddable":true,"href":"https:\/\/www.europesays.com\/fr\/wp-json\/wp\/v2\/tags?post=196964"}],"curies":[{"name":"wp","href":"https:\/\/api.w.org\/{rel}","templated":true}]}}