{"id":196968,"date":"2025-06-23T00:19:24","date_gmt":"2025-06-23T00:19:24","guid":{"rendered":"https:\/\/www.europesays.com\/fr\/196968\/"},"modified":"2025-06-23T00:19:24","modified_gmt":"2025-06-23T00:19:24","slug":"monaco-egalise-en-finale-face-a-paris-denouement-mardi-pour-le-titre-de-champion-de-france","status":"publish","type":"post","link":"https:\/\/www.europesays.com\/fr\/196968\/","title":{"rendered":"Monaco \u00e9galise en finale face \u00e0 Paris, d\u00e9nouement mardi pour le titre de champion de France"},"content":{"rendered":"<p>Vainqueur de Paris dimanche devant son public (80-74), Monaco reste en vie dans cette finale du championnat de France. Tout se jouera mardi.<\/p>\n<p class=\"fig-paragraph\">Monaco l\u2019a fait\u00a0! Dos au mur apr\u00e8s leurs deux d\u00e9faites inaugurales \u00e0 l\u2019Adidas Arena, les doubles tenants du titre, dos au mur, ont dispos\u00e9 de Paris (<a href=\"https:\/\/www.lefigaro.fr\/sports\/basket\/en-direct-as-monaco-paris-basketball-une-nouvelle-balle-de-titre-de-champion-de-france-pour-les-parisiens-20250622\" data-fig-type=\"Live\" data-gtm-custom-categorie=\"navigation\" data-gtm-custom-action=\"crossclick\" data-gtm-custom-label=\"Contextuel\" data-gtm-event=\"customEventSPE\" data-fig-domain=\"LEFIGARO\" rel=\"nofollow noopener\" target=\"_blank\">80-74<\/a>) \u00e0 Gaston-M\u00e9decin ce dimanche, lors du match 4 de la finale de Betclic Elite. Les deux \u00e9quipes sont donc \u00e0 \u00e9galit\u00e9, 2-2, et se retrouveront mardi (20h30), dans la capitale, pour la belle, l\u2019\u00e9pilogue.<\/p>\n<p class=\"fig-paragraph\">Toujours sans Mike James et Daniel Theis, les Mon\u00e9gasques s\u2019en sont remis \u00e0 Matthew Strazel (20 pts) et Elie Okobo (19 pts). Quel impact aussi de Terry Tarpey (7 pts, 10 rbs)\u2026 Le tout malgr\u00e9 la blessure de Mam Jaiteh (5 pts) en seconde p\u00e9riode et un vilain 38,1% aux tirs, dans ce match \u00e9lectrique et hach\u00e9. Paris n\u2019a toutefois pas \u00e9t\u00e9 plus adroit (34,4%), \u00e0 l\u2019image de TJ Shorts (13 pts, 3\/11), bien pris par Alpha Diallo (13 pts), ou Nadir Hifi (11 pts, 4\/14). Paris musel\u00e9. Monaco en vie.<\/p>\n<p>Un vrai combat<\/p>\n<p class=\"fig-paragraph\">Aussi physiques que vendredi, les Mon\u00e9gasques profitaient l\u2019insertion de Tarpey dans le cinq (8-0). Bonne pioche. En parvenant \u00e0 trouver du jeu rapide, Paris revenait toutefois au contact (13-13) et m\u00eame \u00e0 passer devant gr\u00e2ce \u00e0 Shorts (15-16). Ce dernier souffrait n\u00e9anmoins face \u00e0 Diallo. En fait, c\u2019est toute l\u2019attaque parisienne qui \u00e9tait frein\u00e9e, et Loyd concluait le premier quart sur un trois points depuis le parking (20-16, fin 1er QT, puis 25-18). Contacts, tension, coups de sifflet\u2026 Un combat. Un peu trop. Antisportive pour Diallo, sa troisi\u00e8me faute. Direction le banc (25-23). L\u2019ASM continuait de montrer les muscles, \u00e0 l\u2019image de Jaiteh (31-23), mais se montrait indisciplin\u00e9e, beaucoup trop indisciplin\u00e9e, avec des Parisiens quasi parfaits aux lancers. Longtemps en difficult\u00e9, ces derniers \u00e9taient finalement en t\u00eate \u00e0 la pause apr\u00e8s un 9-0 et ce triple de Hommes (40-36, puis 40-43 MT).<\/p>\n<p>Strazel prend feu<\/p>\n<p class=\"fig-paragraph\">Peu apr\u00e8s la reprise, Shorts avec de la r\u00e9ussite \u00e0 trois points (42-46) et Monaco qui perdait le pr\u00e9cieux Jaiteh (genou). Tarpey encore omnipr\u00e9sent mais Paris en contr\u00f4le, avec ce triple de Hifi (48-54). Hifi qui remettait le couvert dans les derni\u00e8res secondes du quart-temps (52-56)\u2026 avant la r\u00e9ponse de Strazel au buzzer (55-56 fin 3e QT)\u00a0! Paris continuait de faire la course en t\u00eate, avec ce triple de Jantunen et cet \u00e9norme dunk de Ouattara (55-59, puis 57-61). Enfin lanc\u00e9, Strazel prenait feu \u00e0 trois points (65-61)\u2026 et Paris perdait le fil. Fautes b\u00eates, ballons perdus, gestes d\u2019humeur\u2026 Les Parisiens frustr\u00e9s et bient\u00f4t coul\u00e9s, avec l\u2019expulsion de Splitter en symbole (78-69). Encore un peu d\u2019espoir avec ce triple de Hommes, la r\u00e9cup\u00e9ration et les lancers de Lo (78-74), en vain (80-74 score final). Rendez-vous mardi.<\/p>\n","protected":false},"excerpt":{"rendered":"Vainqueur de Paris dimanche devant son public (80-74), Monaco reste en vie dans cette finale du championnat de&hellip;\n","protected":false},"author":2,"featured_media":196969,"comment_status":"","ping_status":"","sticky":false,"template":"","format":"standard","meta":{"footnotes":""},"categories":[1888],"tags":[1111,1928,11,1927,7540,2190,1465,1791,1464,2180,2192,814,64,1777,450,2183,674,1011,27,2191,2193,820,2181,2182,12,1926,18580,626,2179,1925,2189,2186,2184,2185,25,1980,2188,2187],"class_list":{"0":"post-196968","1":"post","2":"type-post","3":"status-publish","4":"format-standard","5":"has-post-thumbnail","7":"category-paris","8":"tag-actu","9":"tag-actu-paris","10":"tag-actualites","11":"tag-actualites-paris","12":"tag-as-monaco-basket","13":"tag-asvel","14":"tag-basket","15":"tag-basket-ball","16":"tag-basketball","17":"tag-championnats-deurope","18":"tag-cholet","19":"tag-direct","20":"tag-equipe-de-france","21":"tag-eu","22":"tag-euro","23":"tag-euroligue","24":"tag-europe","25":"tag-fr","26":"tag-france","27":"tag-le-mans","28":"tag-limoges","29":"tag-live","30":"tag-mondial","31":"tag-nba","32":"tag-news","33":"tag-news-paris","34":"tag-omar-sy","35":"tag-paris","36":"tag-paris-basketball","37":"tag-paris-news","38":"tag-photos","39":"tag-play-offs","40":"tag-pro-a","41":"tag-pro-b","42":"tag-republique-francaise","43":"tag-resultats","44":"tag-statistiques","45":"tag-stats"},"share_on_mastodon":{"url":"https:\/\/pubeurope.com\/@fr\/114729816080288120","error":""},"_links":{"self":[{"href":"https:\/\/www.europesays.com\/fr\/wp-json\/wp\/v2\/posts\/196968","targetHints":{"allow":["GET"]}}],"collection":[{"href":"https:\/\/www.europesays.com\/fr\/wp-json\/wp\/v2\/posts"}],"about":[{"href":"https:\/\/www.europesays.com\/fr\/wp-json\/wp\/v2\/types\/post"}],"author":[{"embeddable":true,"href":"https:\/\/www.europesays.com\/fr\/wp-json\/wp\/v2\/users\/2"}],"replies":[{"embeddable":true,"href":"https:\/\/www.europesays.com\/fr\/wp-json\/wp\/v2\/comments?post=196968"}],"version-history":[{"count":0,"href":"https:\/\/www.europesays.com\/fr\/wp-json\/wp\/v2\/posts\/196968\/revisions"}],"wp:featuredmedia":[{"embeddable":true,"href":"https:\/\/www.europesays.com\/fr\/wp-json\/wp\/v2\/media\/196969"}],"wp:attachment":[{"href":"https:\/\/www.europesays.com\/fr\/wp-json\/wp\/v2\/media?parent=196968"}],"wp:term":[{"taxonomy":"category","embeddable":true,"href":"https:\/\/www.europesays.com\/fr\/wp-json\/wp\/v2\/categories?post=196968"},{"taxonomy":"post_tag","embeddable":true,"href":"https:\/\/www.europesays.com\/fr\/wp-json\/wp\/v2\/tags?post=196968"}],"curies":[{"name":"wp","href":"https:\/\/api.w.org\/{rel}","templated":true}]}}