{"id":196970,"date":"2025-06-23T00:21:45","date_gmt":"2025-06-23T00:21:45","guid":{"rendered":"https:\/\/www.europesays.com\/fr\/196970\/"},"modified":"2025-06-23T00:21:45","modified_gmt":"2025-06-23T00:21:45","slug":"personne-heurtee-par-un-train-la-circulation-ferroviaire-interrompue-entre-paris-et-la-normandie","status":"publish","type":"post","link":"https:\/\/www.europesays.com\/fr\/196970\/","title":{"rendered":"Personne heurt\u00e9e par un train\u00a0: la circulation ferroviaire interrompue entre Paris et la Normandie"},"content":{"rendered":"<p><a href=\"https:\/\/www.ouest-france.fr\/economie\/transports\/train\/\" target=\"_blank\" rel=\"nofollow noopener\">La circulation des trains<\/a> a \u00e9t\u00e9 interrompue entre <a href=\"https:\/\/caen.maville.com\/normandie\/eure\/evreux\/\" target=\"_blank\" rel=\"nofollow noopener\">\u00c9vreux<\/a> (Eure) et <a href=\"https:\/\/paris.maville.com\/\/\" target=\"_self\" rel=\"nofollow noopener\">Mantes-la-Jolie<\/a> (Yvelines), dans les deux sens, ce samedi 21\u00a0juin 2025. Une personne est d\u00e9c\u00e9d\u00e9e apr\u00e8s avoir \u00e9t\u00e9 heurt\u00e9e par un train &#8211; en provenance de Paris &#8211; dans le secteur de Saint-Aubin-du-Vieil-Evreux, peu avant 10\u00a0h, au niveau du <a href=\"https:\/\/rennes.maville.com\/actu\/actudet_-incendie-dans-un-tunnel.-le-trafic-des-trains-perturbe-entre-paris-et-la-normandie-ce-samedi_52656-3779100_actu.Htm\" target=\"_blank\" rel=\"nofollow noopener\">tunnel ferroviaire de N\u00e9treville<\/a>. Un site pas si facile d\u2019acc\u00e8s.<\/p>\n<p>La police, les pompiers et les agents de voie ont \u00e9t\u00e9 d\u00e9p\u00each\u00e9s sur place. Pour <strong>\u00ab\u00a0effectuer les v\u00e9rifications de s\u00e9curit\u00e9 n\u00e9cessaires\u00a0\u00bb,<\/strong> indique la SNCF que nous avons contact\u00e9e. Le trafic n\u2019a pas pu reprendre tout le temps de l\u2019intervention de la police judiciaire. Puis d\u2019une soci\u00e9t\u00e9 de pompes fun\u00e8bres.<\/p>\n<p>Selon la proc\u00e9dure classique, une enqu\u00eate a \u00e9t\u00e9 ouverte pour d\u00e9terminer les circonstances de ce d\u00e9c\u00e8s.<\/p>\n<p>\n                Nous avons bloqu\u00e9 l\u2019affichage de ce contenu pour respecter vos choix en mati\u00e8re de cookies.<br \/>En cliquant sur \u00abConsulter\u00bb, vous acceptez le d\u00e9p\u00f4t de cookies par des services de r\u00e9seaux sociaux tels que Twitter.<br \/>\n                Consulter\n            <\/p>\n<blockquote class=\"twitter-tweet\" wp_automatic_readability=\"8.5597269624573\">\n<p lang=\"fr\" dir=\"ltr\">??<a href=\"https:\/\/twitter.com\/hashtag\/FlashInfoTraficNomadTrain?src=hash&amp;ref_src=twsrc%5Etfw\" rel=\"nofollow noopener\" target=\"_blank\">#FlashInfoTraficNomadTrain<\/a> 09:52<\/p>\n<p>??Accident de personne sur le secteur de St Aubin du Vieil Evreux<\/p>\n<p>Des perturbations sont \u00e0 pr\u00e9voir sur les lignes Paris Saint-Lazare ?? Caen ?? Cherbourg<\/p>\n<p>Une question ? Je suis l\u00e0 ?? <a href=\"https:\/\/t.co\/b0qiruAzWr\" rel=\"nofollow\">pic.twitter.com\/b0qiruAzWr<\/a><\/p>\n<p>\u2014 SNCF NOMAD TRAIN (@train_nomad) <a href=\"https:\/\/twitter.com\/train_nomad\/status\/1936331585420497124?ref_src=twsrc%5Etfw\" rel=\"nofollow noopener\" target=\"_blank\">June 21, 2025<\/a><\/p><\/blockquote>\n<p>La S\u00e9curit\u00e9 civile porte assistance aux passagers<\/p>\n<p>A 13\u00a0h, une demi-douzaine de trains \u00e9tait bloqu\u00e9e. Dont un sur la voie. <a href=\"https:\/\/caen.maville.com\/actu\/actudet_-pic-de-chaleur-en-normandie.-pollution-a-l-ozone-annoncee-dans-deux-departements-ce-samedi-_53511-6864730_actu.Htm\" target=\"_blank\" rel=\"nofollow noopener\">En raison de la chaleur caniculaire<\/a> (31\u00b0C \u00e0 32\u00b0C \u00e0 \u00c9vreux en milieu de journ\u00e9e), des \u00e9quipes de la S\u00e9curit\u00e9 civile ont \u00e9t\u00e9 d\u00e9p\u00each\u00e9es pour prendre en charge les voyageurs du train 3373, \u00e0 l\u2019arr\u00eat sur le lieu de l\u2019accident.<\/p>\n<p>Les autres trains bloqu\u00e9s, eux, attendaient dans les gares de Mantes-la-Jolie et \u00c9vreux. La SNCF s\u2019est voulue rassurante, expliquant que la climatisation avait \u00e9t\u00e9 maintenue \u00e0 l\u2019int\u00e9rieur et que des bouteilles d\u2019eau ainsi que des plateaux-repas ont \u00e9t\u00e9 fournis \u00e0 sa client\u00e8le.<\/p>\n<p>Le trafic a pu reprendre \u00e0 partir de 13\u00a0h\u00a050, progressivement. L\u2019ensemble de la ligne va conna\u00eetre des perturbations jusque dans la soir\u00e9e de ce samedi. Dans les gares de Cherbourg, Caen, \u00c9vreux\u2026 des retards d\u20191\u00a0h\u00a010, 1\u00a0h\u00a030, 2\u00a0h, 3\u00a0h\u00a030, 4\u00a0h s\u2019affichent sur les \u00e9crans lumineux des trains.<\/p>\n<p><strong>Lire aussi\u00a0: <\/strong> <a href=\"https:\/\/caen.maville.com\/actu\/actudet_-le-corps-d-un-homme-retrouve-dans-l-eure-la-gendarmerie-lance-un-appel-a-temoins-_53511-6865084_actu.Htm\" target=\"_blank\" rel=\"nofollow noopener\">Le corps d\u2019un homme retrouv\u00e9 dans l\u2019Eure, la gendarmerie lance un appel \u00e0 t\u00e9moins<\/a><\/p>\n<p>\u00ab\u00a0Les gens \u00e9taient compr\u00e9hensifs\u00a0\u00bb<\/p>\n<p>Le train de Ma\u00eblys, une Normande partie de Paris Saint-Lazare \u00e0 8\u00a0h\u00a059, \u00e0 destination du d\u00e9partement de la Manche, s\u2019est retrouv\u00e9 bloqu\u00e9 vers 10\u00a0h dans la petite gare du Bueil (Eure), \u00e0 mi-chemin entre Mantes-la-Jolie et \u00c9vreux.<\/p>\n<p>Au bout d\u2019une trentaine de minutes d\u2019attente, l\u2019\u00e9quipe de bord a re\u00e7u la consigne de rebrousser chemin. <strong>\u00ab\u00a0Le train est reparti en marche arri\u00e8re. Nous sommes revenus \u00e0 Mantes vers 11\u00a0h.\u00a0\u00bb<\/strong> Les quelque 750\u00a0passagers de la double rame ont ensuite \u00e9t\u00e9 ravitaill\u00e9s en eau et plateaux-repas, par la SNCF.<\/p>\n<p><strong>\u00ab\u00a0Pendant longtemps, on nous a dit que la reprise de la circulation se ferait vers 13\u00a0h\u00a030, sans savoir pr\u00e9cis\u00e9ment \u00e0 quelle heure.\u00a0\u00bb<\/strong> Les passagers avaient la possibilit\u00e9 de quitter le train, de retourner \u00e0 Paris Saint-Lazarre. <strong>\u00ab\u00a0Mais vu les circonstances, \u00e0 bord les gens \u00e9taient calmes, compr\u00e9hensifs\u00a0\u00bb,<\/strong> note la jeune femme.<\/p>\n<p>\t<img decoding=\"async\" src=\"https:\/\/www.europesays.com\/fr\/wp-content\/uploads\/2025\/06\/P35305775D6865140G_px_640_.jpg\" alt=\"photo malgr\u00e9 quatre heures de retard, dans le train qui ram\u00e8ne ma\u00eblys en normandie, le calme r\u00e8gne. les passagers \u00e9taient compr\u00e9hensifs vu les circonstances du drame.  \u00a9  ouest-france\" width=\"640\" title=\" Malgr\u00e9 quatre heures de retard, dans le train qui ram\u00e8ne Ma\u00eblys en Normandie, le calme r\u00e8gne. Les passagers \u00e9taient compr\u00e9hensifs vu les circonstances du drame.   Ouest-France \"\/><\/p>\n<p class=\"elmt-legende\"> Malgr\u00e9 quatre heures de retard, dans le train qui ram\u00e8ne Ma\u00eblys en Normandie, le calme r\u00e8gne. Les passagers \u00e9taient compr\u00e9hensifs vu les circonstances du drame.   Ouest-France <\/p>\n<p>Alors qu\u2019elle devait arriver \u00e0 destination, \u00e0 Lison (Manche), aux alentours de 11\u00a0h\u00a030, Ma\u00eblys ne devrait y arriver, au mieux, que pour 16\u00a0h\u00a010 (selon ses estimations). Soit 4\u00a0h\u00a040 de retard.\u00a0Entre-temps, son train se sera arr\u00eat\u00e9 \u00e0 \u00c9vreux, pour embarquer les passagers du convoi accident\u00e9.<\/p>\n<p>Comment faire pour \u00eatre d\u00e9dommag\u00e9 du retard\u00a0?<\/p>\n<p>Sur son compte X, anciennement Twitter, Nomad train fournit le lien du formulaire de r\u00e9clamation. Les passagers souhaitant \u00eatre d\u00e9dommag\u00e9s pour cet important retard doivent le remplir. Si vous faites partie des voyageurs concern\u00e9s, <a href=\"https:\/\/onics-ter.my.site.com\/formulaireNOR\/s\/?region=FR-NOR&amp;demande=reclamation\" target=\"_blank\" rel=\"nofollow noopener\">compl\u00e9tez-le en cliquant ici<\/a>.<\/p>\n<p>\u00a0<\/p>\n<p>\t\t<script async src=\"https:\/\/platform.twitter.com\/widgets.js\" charset=\"utf-8\"><\/script><\/p>\n","protected":false},"excerpt":{"rendered":"La circulation des trains a \u00e9t\u00e9 interrompue entre \u00c9vreux (Eure) et Mantes-la-Jolie (Yvelines), dans les deux sens, ce&hellip;\n","protected":false},"author":2,"featured_media":196971,"comment_status":"","ping_status":"","sticky":false,"template":"","format":"standard","meta":{"footnotes":""},"categories":[1888],"tags":[11,5492,3542,1777,674,8390,1011,27,5145,27778,12,5161,626,25,926],"class_list":{"0":"post-196970","1":"post","2":"type-post","3":"status-publish","4":"format-standard","5":"has-post-thumbnail","7":"category-paris","8":"tag-actualites","9":"tag-caen","10":"tag-circulation","11":"tag-eu","12":"tag-europe","13":"tag-ferroviaire","14":"tag-fr","15":"tag-france","16":"tag-heurtee","17":"tag-interrompue","18":"tag-news","19":"tag-normandie","20":"tag-paris","21":"tag-republique-francaise","22":"tag-train"},"share_on_mastodon":{"url":"https:\/\/pubeurope.com\/@fr\/114729823991115602","error":""},"_links":{"self":[{"href":"https:\/\/www.europesays.com\/fr\/wp-json\/wp\/v2\/posts\/196970","targetHints":{"allow":["GET"]}}],"collection":[{"href":"https:\/\/www.europesays.com\/fr\/wp-json\/wp\/v2\/posts"}],"about":[{"href":"https:\/\/www.europesays.com\/fr\/wp-json\/wp\/v2\/types\/post"}],"author":[{"embeddable":true,"href":"https:\/\/www.europesays.com\/fr\/wp-json\/wp\/v2\/users\/2"}],"replies":[{"embeddable":true,"href":"https:\/\/www.europesays.com\/fr\/wp-json\/wp\/v2\/comments?post=196970"}],"version-history":[{"count":0,"href":"https:\/\/www.europesays.com\/fr\/wp-json\/wp\/v2\/posts\/196970\/revisions"}],"wp:featuredmedia":[{"embeddable":true,"href":"https:\/\/www.europesays.com\/fr\/wp-json\/wp\/v2\/media\/196971"}],"wp:attachment":[{"href":"https:\/\/www.europesays.com\/fr\/wp-json\/wp\/v2\/media?parent=196970"}],"wp:term":[{"taxonomy":"category","embeddable":true,"href":"https:\/\/www.europesays.com\/fr\/wp-json\/wp\/v2\/categories?post=196970"},{"taxonomy":"post_tag","embeddable":true,"href":"https:\/\/www.europesays.com\/fr\/wp-json\/wp\/v2\/tags?post=196970"}],"curies":[{"name":"wp","href":"https:\/\/api.w.org\/{rel}","templated":true}]}}