{"id":196972,"date":"2025-06-23T00:22:12","date_gmt":"2025-06-23T00:22:12","guid":{"rendered":"https:\/\/www.europesays.com\/fr\/196972\/"},"modified":"2025-06-23T00:22:12","modified_gmt":"2025-06-23T00:22:12","slug":"paris-good-fashion-devoile-une-trajectoire-ambitieuse-lors-de-son-mid-summer-camp","status":"publish","type":"post","link":"https:\/\/www.europesays.com\/fr\/196972\/","title":{"rendered":"Paris Good Fashion d\u00e9voile une trajectoire ambitieuse lors de son Mid-summer camp"},"content":{"rendered":"<p class=\"article-content col-md-8 offset-md-1\">\n                                Deux jours au vert pour imaginer l&rsquo;avenir de la mode responsable. Les 20 et 21 juin, l&rsquo;association Paris Good Fashion organisait son premier Midsummer Camp dans le cadre historique et champ\u00eatre au Domaine de Chaalis. L&rsquo;organisation est n\u00e9e en 2018 pour cr\u00e9er une dynamique RSE pour la mode en amont des Jeux Olympiques 2024 de Paris.\u00a0<\/p>\n<p><img decoding=\"async\" class=\"news-image\" style=\"width:100%;max-width:640px;\" src=\"https:\/\/www.europesays.com\/fr\/wp-content\/uploads\/2025\/06\/2836.jpeg\" alt=\"L'\u00e9quipe de Paris Good Fashion a organis\u00e9 son premier Mid Summer Camp au Domaine de Chaalis\" loading=\"lazy\"\/>L&rsquo;\u00e9quipe de Paris Good Fashion a organis\u00e9 son premier Mid Summer Camp au Domaine de Chaalis &#8211; DR<\/p>\n<p class=\"col-md-8 offset-md-1 article-content--texte\">En six ann\u00e9es, les avanc\u00e9es ont \u00e9t\u00e9 nombreuses pour les membres de l&rsquo;association, g\u00e9ants du luxe, groupes de distribution et labels ind\u00e9pendants, qui ont appris les vertus du travail collectif. Mais le contexte a aussi chang\u00e9, entre urgence climatique et complexit\u00e9 croissante des d\u00e9fis syst\u00e9miques. Aussi, Paris Good Fashion a durant ces deux jours apport\u00e9 de la prospective avec la vision de cr\u00e9ateurs ind\u00e9pendants mais aussi les analyses de chercheurs et dirigeants. Ainsi Esther Crauser-Delbourg, \u00e9conomiste de l\u2019eau et cofondatrice du cabinet Water Wiser, a apport\u00e9 son \u00e9clairage sur l&rsquo;importance majeure d&rsquo;optimiser d\u00e8s aujourd&rsquo;hui pour le secteur sa consommation d&rsquo;eau face \u00e0 une ressource qui va se rar\u00e9fier. Pour sa part, Alain Renaudin, expert en biomim\u00e9tisme et fondateur de Biomim\u2019expo, a invit\u00e9 les acteurs de la mode \u00e0 s&rsquo;inspirer des m\u00e9canismes \u00e9labor\u00e9s du vivant pour optimiser la conception de mati\u00e8res ou imaginer de nouveaux mod\u00e8les \u00e9conomiques. Dans cet esprit, l&rsquo;intervenant a invit\u00e9 les marques pr\u00e9sentes \u00e0 participer au d\u00e9fil\u00e9 qui sera organis\u00e9 lors de la neuvi\u00e8me \u00e9dition de l&rsquo;\u00e9v\u00e8nement Biomim&rsquo;expo qui se d\u00e9roulera le 28 octobre au palais du Faro \u00e0 Marseille.<\/p>\n<p>Mais les membres de Paris Good Fashion ont surtout travaill\u00e9 sur une trajectoire cr\u00e9dible de d\u00e9carbonation du secteur. Une nouvelle feuille de route a ainsi \u00e9t\u00e9 d\u00e9voil\u00e9e vendredi avec pour horizon 2030. Depuis d\u00e9but 2024, les membres de l&rsquo;association, pesant 86 milliards d&rsquo;euros de chiffre d&rsquo;affaires cumul\u00e9s, travaillent notamment avec le cabinet Argon&amp;Co afin de dresser le constat de l&rsquo;impact carbone du secteur.\u00a0<\/p>\n<p class=\"col-md-8 offset-md-1 article-content--texte\">Les analyses de cette \u00ab\u00a0carbon task force\u00a0\u00bb distinguent trois niveaux de gamme, alors que le manque de donn\u00e9es ne permettait pas d&rsquo;inclure la mode ultra express dans l&rsquo;\u00e9tude.<\/p>\n<p>Celle-ci livre des constats forts: que ce soit le luxe, le premium ou le mass market, l&rsquo;enjeu se situe dans la d\u00e9carbonation de l&rsquo;amont. Son poids repr\u00e9sente en effet entre 56% et 75% des \u00e9missions carbone. Les enjeux sont ensuite diff\u00e9rents entre le luxe, pour qui la communication et le marketing repr\u00e9sentent 14% des \u00e9missions, et le mass market et le premium pour qui l&rsquo;entretien des produits, notamment avec le lavage en machine, a un poids de 11% et 13%.\u00a0 Le luxe est moins confront\u00e9 \u00e0 ce sujet, plus de la moiti\u00e9 de ses tonnages de produits est constitu\u00e9e d&rsquo;accessoires en cuir. Le mass market, qui repr\u00e9sente 84% des 250.000 tonnes de produits mis sur le march\u00e9 par le panel, doit lui faire face \u00e0 l&rsquo;importance de l&rsquo;impact du polyester.<\/p>\n<p>Mais plus qu&rsquo;un \u00e9tat des lieux, Paris Good Fashion a voulu donner une direction, alors que les questions RSE disparaissent parfois de l&rsquo;agenda de certains groupes.<\/p>\n<p>\u00ab\u00a0C&rsquo;est une feuille de route tr\u00e8s ambitieuse, avec un engagement individuel de chaque marque mais une acc\u00e9l\u00e9ration qui sera port\u00e9e par le collectif. Le partage de bonnes pratiques doit permettre d&rsquo;aller beaucoup plus loin\u00a0\u00bb, avance Isabelle Lefort, cofondatrice de Paris Good Fashion, qui rel\u00e8ve que la majorit\u00e9 des projets envisag\u00e9s par le cabinet se fera via les op\u00e9rations collectives.\u00a0<\/p>\n<p>Et de fait, par segment, la feuille de route de l&rsquo;association table sur une baisse des \u00e9missions de 41% par rapport \u00e0 2022 pour le luxe, de 34% pour le mass market et de 45% pour le premium. Des reculs qui doivent permettre au secteur de respecter la trajectoire des accords de Paris.<\/p>\n<p><img decoding=\"async\" class=\"news-image\" style=\"width:100%;\" src=\"https:\/\/www.europesays.com\/fr\/wp-content\/uploads\/2025\/06\/4a87.jpg\" alt=\"Isabelle Lefort pr\u00e9sentait les axes \u00e0 travailler collectivement pour valider la trajectoire 2030 de l'association\" loading=\"lazy\"\/>Isabelle Lefort pr\u00e9sentait les axes \u00e0 travailler collectivement pour valider la trajectoire 2030 de l&rsquo;association &#8211; DT<\/p>\n<p class=\"col-md-8 offset-md-1 article-content--texte\">Pour le <a class=\"fnwAddLinks\" href=\"https:\/\/fr.fashionnetwork.com\/tags-premium\" title=\"Premium\" target=\"_blank\" rel=\"noopener\">Premium<\/a> et le mass-market, le travail collectif doit permettre d&rsquo;acc\u00e9l\u00e9rer la transformation de la cha\u00eene de production et d&rsquo;aller vers des mati\u00e8res plus responsables. Mais le partage doit permettre de d\u00e9velopper aussi un mix mati\u00e8re \u00e0 moins faible impact. \u00ab\u00a0Dans le premium, avec des entreprises qui sont des PME, il est n\u00e9cessaire d&rsquo;agir collectivement pour avoir du poids aupr\u00e8s des fournisseurs\u00a0\u00bb, estime Isabelle Lefort. Pour le luxe, la probl\u00e9matique est l\u00e9g\u00e8rement diff\u00e9rente avec \u00e9galement un enjeu de d\u00e9carbonation des transports et du marketing et de la communication.\u00a0<\/p>\n<p>Autre point cl\u00e9: la baisse des volumes produits. Alors que le secteur ne cesse d&rsquo;apporter plus d&rsquo;unit\u00e9s de produits sur le march\u00e9, Paris Good Fashion souligne que, par segment, le travail sur ce point est essentiel. Ainsi, le luxe devrait r\u00e9duire de 1% ses volumes, alors que le mass-market aurait pour imp\u00e9ratif de planifier une r\u00e9duction de 8% des volumes introduits.<\/p>\n<p>\u00ab\u00a0Nous avons identifi\u00e9 quatre leviers d&rsquo;actions, a d\u00e9taill\u00e9 la cofondatrice devant l&rsquo;audience fournie du Mid summer camp. Il s&rsquo;agit de d\u00e9carboner la production, d\u00e9carboner l&rsquo;offre, travailler sur la durabilit\u00e9 et circularit\u00e9 des mati\u00e8res et enfin d\u00e9carboner en transverse. Mais cela signifie aussi s&rsquo;interroger sur comment r\u00e9concilier l&rsquo;\u00e9conomie et la performance environnementale, comment nous emmenons le consommateur et comment nous parvenons \u00e0 fiabiliser les donn\u00e9es pour pouvoir se comparer et tous parler le m\u00eame langage. Si nous parvenons \u00e0 faire cela nous impl\u00e9menterons collectivement une trajectoire ambitieuse.\u00a0\u00bb\u00a0<\/p>\n<p>Le sujet du collectif ne concerne pas seulement les petites entreprises du secteur. M\u00eame les g\u00e9ants du luxe doivent aussi faire front, estime H\u00e9l\u00e8ne Valade,\u00a0directrice d\u00e9veloppement environnement du groupe LVMH. \u00ab\u00a0Malgr\u00e9 nos chiffres d&rsquo;affaires respectifs, dans la bataille pour le cuir nous repr\u00e9sentons 0 pour la fili\u00e8re face \u00e0 l&rsquo;ameublement ou \u00e0 l&rsquo;automobile. Il faut avoir cette logique de joindre nos forces.\u00a0\u00bb<\/p>\n<p>Parmi les actions collectives d&rsquo;envergure sur la production, la r\u00e9flexion devrait s&rsquo;engager sur un soutien \u00e0 des productions plus locales, comme celle de la fili\u00e8re lin. Le collectif relance aussi ses missions sur l&rsquo;\u00e9v\u00e8nementiel, pour r\u00e9duire l&rsquo;impact du marketing, ou encore sur les cintres et les polybags, afin de proposer des alternatives responsables sur ces sujets. Autant de sujets qui doivent au cumul permettre aux acteurs du secteur de mieux faire et relever ce grand d\u00e9fi de la baisse des \u00e9missions de CO2.\n                            <\/p>\n<p>\n                                Tous droits de reproduction et de repr\u00e9sentation r\u00e9serv\u00e9s.<br \/>\u00a9 2025 FashionNetwork.com\n                            <\/p>\n","protected":false},"excerpt":{"rendered":"Deux jours au vert pour imaginer l&rsquo;avenir de la mode responsable. Les 20 et 21 juin, l&rsquo;association Paris&hellip;\n","protected":false},"author":2,"featured_media":196973,"comment_status":"","ping_status":"","sticky":false,"template":"","format":"standard","meta":{"footnotes":""},"categories":[1888],"tags":[11,2424,537,2423,1777,674,1011,27,2425,985,12,2298,626,301,2426,2427,25,2421,2422],"class_list":{"0":"post-196972","1":"post","2":"type-post","3":"status-publish","4":"format-standard","5":"has-post-thumbnail","7":"category-paris","8":"tag-actualites","9":"tag-beaute","10":"tag-contact","11":"tag-cosmetiques","12":"tag-eu","13":"tag-europe","14":"tag-fr","15":"tag-france","16":"tag-luxe","17":"tag-mode","18":"tag-news","19":"tag-parfum","20":"tag-paris","21":"tag-premium","22":"tag-professionnel","23":"tag-professionnels","24":"tag-republique-francaise","25":"tag-reseau","26":"tag-textile"},"share_on_mastodon":{"url":"","error":""},"_links":{"self":[{"href":"https:\/\/www.europesays.com\/fr\/wp-json\/wp\/v2\/posts\/196972","targetHints":{"allow":["GET"]}}],"collection":[{"href":"https:\/\/www.europesays.com\/fr\/wp-json\/wp\/v2\/posts"}],"about":[{"href":"https:\/\/www.europesays.com\/fr\/wp-json\/wp\/v2\/types\/post"}],"author":[{"embeddable":true,"href":"https:\/\/www.europesays.com\/fr\/wp-json\/wp\/v2\/users\/2"}],"replies":[{"embeddable":true,"href":"https:\/\/www.europesays.com\/fr\/wp-json\/wp\/v2\/comments?post=196972"}],"version-history":[{"count":0,"href":"https:\/\/www.europesays.com\/fr\/wp-json\/wp\/v2\/posts\/196972\/revisions"}],"wp:featuredmedia":[{"embeddable":true,"href":"https:\/\/www.europesays.com\/fr\/wp-json\/wp\/v2\/media\/196973"}],"wp:attachment":[{"href":"https:\/\/www.europesays.com\/fr\/wp-json\/wp\/v2\/media?parent=196972"}],"wp:term":[{"taxonomy":"category","embeddable":true,"href":"https:\/\/www.europesays.com\/fr\/wp-json\/wp\/v2\/categories?post=196972"},{"taxonomy":"post_tag","embeddable":true,"href":"https:\/\/www.europesays.com\/fr\/wp-json\/wp\/v2\/tags?post=196972"}],"curies":[{"name":"wp","href":"https:\/\/api.w.org\/{rel}","templated":true}]}}