{"id":196974,"date":"2025-06-23T00:23:10","date_gmt":"2025-06-23T00:23:10","guid":{"rendered":"https:\/\/www.europesays.com\/fr\/196974\/"},"modified":"2025-06-23T00:23:10","modified_gmt":"2025-06-23T00:23:10","slug":"invasion-de-lukraine-la-russie-prepare-de-nouvelles-operations-militaires-en-europe-selon-zelensky","status":"publish","type":"post","link":"https:\/\/www.europesays.com\/fr\/196974\/","title":{"rendered":"Invasion de l&rsquo;Ukraine &#8211; La Russie pr\u00e9pare de nouvelles op\u00e9rations militaires en Europe, selon Zelensky"},"content":{"rendered":"<p class=\"ap-StoryElement ap-StoryElement--mb ap-StoryText\">\u00ab\u00a0Nous observons davantage de r\u00e9gression intellectuelle de la part du  commandement russe et nous avons des preuves qu&rsquo;il pr\u00e9pare des op\u00e9rations militaires en Europe\u00a0\u00bb, a communiqu\u00e9 M. Zelensky sur Telegram. Il a affirm\u00e9 avoir \u00e9t\u00e9 brief\u00e9 sur la situation en cours par le chef des services de renseignements ukrainiens, Kyrylo Budanov.<\/p>\n<p class=\"ap-StoryElement ap-StoryElement--mb ap-StoryText\">M. Zelensky a ajout\u00e9 qu&rsquo;il a l&rsquo;intention de discuter des d\u00e9tails de ces potentielles op\u00e9rations militaires russes avec ses partenaires. \u00ab\u00a0Nous allons informer nos partenaires des faits d\u00e9couverts par nos services de renseignements\u00a0\u00bb, a-t-il r\u00e9dig\u00e9. \u00ab\u00a0Nous pr\u00e9parons des d\u00e9cisions de d\u00e9fense communes, en particulier avec le Royaume-Uni et l&rsquo;Union Europ\u00e9enne\u00a0\u00bb.<\/p>\n","protected":false},"excerpt":{"rendered":"\u00ab\u00a0Nous observons davantage de r\u00e9gression intellectuelle de la part du commandement russe et nous avons des preuves qu&rsquo;il&hellip;\n","protected":false},"author":2,"featured_media":2837,"comment_status":"","ping_status":"","sticky":false,"template":"","format":"standard","meta":{"footnotes":""},"categories":[1591],"tags":[11,2120,1887,12,1885,1886,132,220],"class_list":{"0":"post-196974","1":"post","2":"type-post","3":"status-publish","4":"format-standard","5":"has-post-thumbnail","7":"category-russie","8":"tag-actualites","9":"tag-conflit","10":"tag-federation-de-russie","11":"tag-news","12":"tag-russia","13":"tag-russian-federation","14":"tag-russie","15":"tag-ukraine"},"share_on_mastodon":{"url":"https:\/\/pubeurope.com\/@fr\/114729832072429945","error":""},"_links":{"self":[{"href":"https:\/\/www.europesays.com\/fr\/wp-json\/wp\/v2\/posts\/196974","targetHints":{"allow":["GET"]}}],"collection":[{"href":"https:\/\/www.europesays.com\/fr\/wp-json\/wp\/v2\/posts"}],"about":[{"href":"https:\/\/www.europesays.com\/fr\/wp-json\/wp\/v2\/types\/post"}],"author":[{"embeddable":true,"href":"https:\/\/www.europesays.com\/fr\/wp-json\/wp\/v2\/users\/2"}],"replies":[{"embeddable":true,"href":"https:\/\/www.europesays.com\/fr\/wp-json\/wp\/v2\/comments?post=196974"}],"version-history":[{"count":0,"href":"https:\/\/www.europesays.com\/fr\/wp-json\/wp\/v2\/posts\/196974\/revisions"}],"wp:featuredmedia":[{"embeddable":true,"href":"https:\/\/www.europesays.com\/fr\/wp-json\/wp\/v2\/media\/2837"}],"wp:attachment":[{"href":"https:\/\/www.europesays.com\/fr\/wp-json\/wp\/v2\/media?parent=196974"}],"wp:term":[{"taxonomy":"category","embeddable":true,"href":"https:\/\/www.europesays.com\/fr\/wp-json\/wp\/v2\/categories?post=196974"},{"taxonomy":"post_tag","embeddable":true,"href":"https:\/\/www.europesays.com\/fr\/wp-json\/wp\/v2\/tags?post=196974"}],"curies":[{"name":"wp","href":"https:\/\/api.w.org\/{rel}","templated":true}]}}