{"id":196975,"date":"2025-06-23T00:24:12","date_gmt":"2025-06-23T00:24:12","guid":{"rendered":"https:\/\/www.europesays.com\/fr\/196975\/"},"modified":"2025-06-23T00:24:12","modified_gmt":"2025-06-23T00:24:12","slug":"guerre-en-ukraine-en-direct-une-nouvelle-attaque-massive-de-drones-russes-sur-kiev","status":"publish","type":"post","link":"https:\/\/www.europesays.com\/fr\/196975\/","title":{"rendered":"Guerre en Ukraine, en direct: une nouvelle \u00abattaque massive\u00bb de drones russes sur Kiev"},"content":{"rendered":"<p>        00:39<\/p>\n<p>      Une \u00abattaque massive\u00bb de drones sur Kiev<\/p>\n<p>              <a tabindex=\"-1\" title=\"Le Temps avec l\u2019AFP\" href=\"https:\/\/www.letemps.ch\/profil\/le-temps-avec-l-afp\" rel=\"nofollow noopener\" target=\"_blank\"><\/p>\n<p>                    <img decoding=\"async\" src=\"https:\/\/www.europesays.com\/fr\/wp-content\/uploads\/2025\/04\/1744691829_537_small.jpeg\" class=\"lazy\" alt=\"\"\/><\/p>\n<p><\/a>        <\/p>\n<p>\u00abEncore une attaque massive contre la capitale. Possiblement, plusieurs vagues de drones ennemis\u00bb, a \u00e9crit sur Telegram le chef de l&rsquo;administration de Kiev, Timour Tkatchenko. \u00abIl y a actuellement une personne bless\u00e9e dans le district de Solomyanski\u00bb, a \u00e9crit pour sa part le maire de Kiev, Vitali Klitschko.<\/p>\n<p>Des journalistes de l&rsquo;AFP dans la capitale ont entendu des vrombissements de drones en vol et une s\u00e9rie de d\u00e9tonations, probablement des tirs de la d\u00e9fense a\u00e9rienne ukrainienne.<\/p>\n<p>Dans un abri situ\u00e9 au sous-sol d&rsquo;un immeuble r\u00e9sidentiel du centre de Kiev, ces journalistes ont vu une dizaine de personnes qui attendaient la fin de l&rsquo;attaque assises sur des chaises ou des bancs, la plupart d&rsquo;entre elles scrutant leur t\u00e9l\u00e9phone \u00e0 la recherche d&rsquo;informations. Une femme et son enfant dormaient dans des lits pliants apport\u00e9s \u00e0 l&rsquo;avance dans l&rsquo;abri.<\/p>\n<p>        00:39<\/p>\n<p>      Ce qu&rsquo;il faut retenir de la semaine du 16 juin<\/p>\n<p>              <a tabindex=\"-1\" title=\"Le Temps\" href=\"https:\/\/www.letemps.ch\/profil\/le-temps\" rel=\"nofollow noopener\" target=\"_blank\"><\/p>\n<p>                    <img decoding=\"async\" src=\"https:\/\/www.europesays.com\/fr\/wp-content\/uploads\/2025\/04\/1744691829_934_small.jpeg\" class=\"lazy\" alt=\"\"\/><\/p>\n<p><\/a>        <\/p>\n<p>Retrouvez le suivi des \u00e9v\u00e9nements de la semaine derni\u00e8re <a href=\"https:\/\/www.letemps.ch\/monde\/en-direct-guerre-en-ukraine-emmanuel-macron-veut-mettre-la-pression-a-donald-trump-pour-plus-de-sanctions-contre-moscou\" rel=\"nofollow noopener\" target=\"_blank\">ici<\/a>.<\/p>\n","protected":false},"excerpt":{"rendered":"00:39 Une \u00abattaque massive\u00bb de drones sur Kiev \u00abEncore une attaque massive contre la capitale. Possiblement, plusieurs vagues&hellip;\n","protected":false},"author":2,"featured_media":196976,"comment_status":"","ping_status":"","sticky":false,"template":"","format":"standard","meta":{"footnotes":""},"categories":[1590],"tags":[11,1777,674,4438,12,132,220],"class_list":{"0":"post-196975","1":"post","2":"type-post","3":"status-publish","4":"format-standard","5":"has-post-thumbnail","7":"category-ukraine","8":"tag-actualites","9":"tag-eu","10":"tag-europe","11":"tag-free","12":"tag-news","13":"tag-russie","14":"tag-ukraine"},"share_on_mastodon":{"url":"https:\/\/pubeurope.com\/@fr\/114729836099685524","error":""},"_links":{"self":[{"href":"https:\/\/www.europesays.com\/fr\/wp-json\/wp\/v2\/posts\/196975","targetHints":{"allow":["GET"]}}],"collection":[{"href":"https:\/\/www.europesays.com\/fr\/wp-json\/wp\/v2\/posts"}],"about":[{"href":"https:\/\/www.europesays.com\/fr\/wp-json\/wp\/v2\/types\/post"}],"author":[{"embeddable":true,"href":"https:\/\/www.europesays.com\/fr\/wp-json\/wp\/v2\/users\/2"}],"replies":[{"embeddable":true,"href":"https:\/\/www.europesays.com\/fr\/wp-json\/wp\/v2\/comments?post=196975"}],"version-history":[{"count":0,"href":"https:\/\/www.europesays.com\/fr\/wp-json\/wp\/v2\/posts\/196975\/revisions"}],"wp:featuredmedia":[{"embeddable":true,"href":"https:\/\/www.europesays.com\/fr\/wp-json\/wp\/v2\/media\/196976"}],"wp:attachment":[{"href":"https:\/\/www.europesays.com\/fr\/wp-json\/wp\/v2\/media?parent=196975"}],"wp:term":[{"taxonomy":"category","embeddable":true,"href":"https:\/\/www.europesays.com\/fr\/wp-json\/wp\/v2\/categories?post=196975"},{"taxonomy":"post_tag","embeddable":true,"href":"https:\/\/www.europesays.com\/fr\/wp-json\/wp\/v2\/tags?post=196975"}],"curies":[{"name":"wp","href":"https:\/\/api.w.org\/{rel}","templated":true}]}}