{"id":196977,"date":"2025-06-23T00:25:34","date_gmt":"2025-06-23T00:25:34","guid":{"rendered":"https:\/\/www.europesays.com\/fr\/196977\/"},"modified":"2025-06-23T00:25:34","modified_gmt":"2025-06-23T00:25:34","slug":"proche-orient-macron-appelle-a-eviter-une-escalade-incontrolee","status":"publish","type":"post","link":"https:\/\/www.europesays.com\/fr\/196977\/","title":{"rendered":"Proche-Orient : Macron appelle \u00e0 \u00e9viter une \u00ab\u00a0escalade incontr\u00f4l\u00e9e\u00a0\u00bb"},"content":{"rendered":"<ul class=\"jsx-862013697 ArticleChapo__List\">\n<li class=\"jsx-862013697 ArticleChapo__List_Item flex\">Emmanuel Macron a r\u00e9uni un conseil de d\u00e9fense et de s\u00e9curit\u00e9 nationale ce dimanche soir.<\/li>\n<li class=\"jsx-862013697 ArticleChapo__List_Item flex\">Les dirigeants de la France, de l&rsquo;Allemagne et du Royaume-Uni ont demand\u00e9 peu avant \u00e0 l&rsquo;Iran \u00ab\u00a0de ne pas entreprendre d&rsquo;autres actions susceptibles de d\u00e9stabiliser la r\u00e9gion\u00a0\u00bb en r\u00e9ponse aux frappes am\u00e9ricaines.<\/li>\n<li class=\"jsx-862013697 ArticleChapo__List_Item flex\">Suivez les derni\u00e8res informations.<\/li>\n<\/ul>\n<p><a href=\"https:\/\/www.tf1info.fr\/actualite\/israel-frappe-l-iran-qui-promet-une-riposte-d-ampleur-operation-rising-lion-sites-civils-et-militaires-nucleaires-14305\/\" rel=\"noopener\" class=\"jsx-484472199 Link jsx-1428418400 jsx-554215408\" target=\"_blank\"><\/p>\n<p style=\"font-weight:400\" class=\"jsx-1837267516\">Suivez la couverture compl\u00e8te<\/p>\n<p style=\"font-weight:800\" class=\"jsx-1837267516\">Guerre Isra\u00ebl-Iran : les \u00c9tats-Unis ont frapp\u00e9<\/p>\n<p><\/a>Les \u00e9l\u00e9ments marquants23:06<br class=\"jsx-494582681\"\/> 22 juin 2025CONSEIL DE D\u00c9FENSE TERMIN\u00c9<\/p>\n<p>Le conseil de d\u00e9fense et de s\u00e9curit\u00e9 nationale qui s&rsquo;est tenu ce dimanche soir est d\u00e9sormais termin\u00e9. Selon les informations fournies par l&rsquo;\u00c9lys\u00e9e, le pr\u00e9sident de la R\u00e9publique a fix\u00e9 plusieurs priorit\u00e9s d&rsquo;action, suite aux frappes am\u00e9ricaines qui ont touch\u00e9 l&rsquo;Iran et au risque d&rsquo;escalade qui en d\u00e9coule.<\/p>\n<p>Emmanuel Macron a insist\u00e9 sur la s\u00e9curit\u00e9 des ressortissants fran\u00e7ais, avec l&rsquo;acc\u00e9l\u00e9ration des moyens de sortie de nos compatriotes en Isra\u00ebl et en Iran. Il souhaite aussi \u0153uvrer \u00e0 la lib\u00e9ration des deux otages fran\u00e7ais encore d\u00e9tenus en Iran, tout en insistant sur un n\u00e9cessaire travail de d\u00e9sescalade, aux c\u00f4t\u00e9s de nos partenaires r\u00e9gionaux, de l&rsquo;Allemagne ainsi que du Royaume-Uni.<\/p>\n<p>Le chef de l&rsquo;\u00c9tat a aussi \u00e9voqu\u00e9 la recherche d&rsquo;une voie diplomatique permettant de garantir le contr\u00f4le du programme nucl\u00e9aire et balistique iranien, ainsi que la mise en s\u00e9curit\u00e9 de nos dispositifs diplomatiques et militaires dans la r\u00e9gion. Il a enfin sollicit\u00e9 le maintien d&rsquo;une vigilance renforc\u00e9e en mati\u00e8re de s\u00e9curit\u00e9 int\u00e9rieure. Notez qu&rsquo;un nouveau conseil de d\u00e9fense et de s\u00e9curit\u00e9 nationale se tiendra mardi 24 juin 2025 pour \u00e9valuer l&rsquo;ensemble des mesures prises.<\/p>\n<p>Minute par minute00:02<br class=\"jsx-494582681\"\/> 23 juin 2025<\/p>\n<p>Ce live est \u00e0 pr\u00e9sent termin\u00e9.\u00a0<\/p>\n<p>Suivez nos directs du moment :00:22<br class=\"jsx-494582681\"\/> 23 juin 2025FRAN\u00c7AIS D&rsquo;ISRA\u00cbL<\/p>\n<p>Des vols militaires sont mobilis\u00e9s pour acheminer les ressortissants fran\u00e7ais qui le souhaitent d&rsquo;Isra\u00ebl vers Chypre, sous r\u00e9serve de l\u2019autorisation isra\u00e9lienne. Ce dimanche, 160 ressortissants fran\u00e7ais, pour la plupart en situation d\u2019urgence et de vuln\u00e9rabilit\u00e9 sont d&rsquo;ores et d\u00e9j\u00e0 rapatri\u00e9s via un vol civil depuis la Jordanie. D&rsquo;autres vols sont pr\u00e9vus.<\/p>\n<p>International<img decoding=\"async\" src=\"https:\/\/www.europesays.com\/fr\/wp-content\/uploads\/2025\/06\/tel-aviv-israel-18-juin-2025-8a5285-0@1x.jpeg\" alt=\"Paris mobilise des avions militaires A400M pour rapatrier d'Isra\u00ebl des ressortissants fran\u00e7ais \" loading=\"lazy\" importance=\"low\" fetchpriority=\"low\" class=\"\" aria-hidden=\"true\"\/>00:01<br class=\"jsx-494582681\"\/> 23 juin 2025TRUMP \u00c9VOQUE L&rsquo;\u00c9VENTUALIT\u00c9 D&rsquo;UN CHANGEMENT DE R\u00c9GIME EN IRAN <\/p>\n<p>Donald Trump \u00e9voque l&rsquo;id\u00e9e d&rsquo;un \u00ab\u00a0changement de r\u00e9gime\u00a0\u00bb en Iran, alors que plusieurs hauts responsables de son administration ont soulign\u00e9 que les frappes des \u00c9tats-Unis sur des sites nucl\u00e9aires iraniens n&rsquo;avaient pas cet objectif.<\/p>\n<p>\u00ab\u00a0Il n&rsquo;est pas politiquement correct d&rsquo;utiliser le terme &lsquo;changement de r\u00e9gime&rsquo;, mais si le r\u00e9gime iranien actuel est incapable de RENDRE L&rsquo;IRAN GRAND \u00c0 NOUVEAU, pourquoi n&rsquo;y aurait-il pas un changement de r\u00e9gime ???\u00a0\u00bb, a d\u00e9clar\u00e9 le pr\u00e9sident am\u00e9ricain sur sa plateforme Truth Social.<\/p>\n<p>23:43<br class=\"jsx-494582681\"\/> 22 juin 2025RAPATRIEMENT DE FRAN\u00c7AIS D&rsquo;ISRA\u00cbL<\/p>\n<p>La France a d\u00e9cid\u00e9 de mobiliser des avions militaires A400M pour acheminer les ressortissants fran\u00e7ais \u00ab\u00a0qui le souhaitent de l&rsquo;a\u00e9roport Ben Gourion en Isra\u00ebl vers Chypre\u00a0\u00bb, annoncent ce soir les minist\u00e8res fran\u00e7ais des Affaires \u00e9trang\u00e8res et des Arm\u00e9es.<\/p>\n<p>Ces vols s&rsquo;effectueront \u00ab\u00a0sous r\u00e9serve de l&rsquo;autorisation isra\u00e9lienne\u00a0\u00bb et s&rsquo;ajouteront aux vols civils affr\u00e9t\u00e9s au d\u00e9part d&rsquo;Amman, pr\u00e9cisent-ils.<\/p>\n<p>Aujourd&rsquo;hui, 160 ressortissants fran\u00e7ais, pour la plupart en situation d\u2019urgence et de vuln\u00e9rabilit\u00e9, accompagn\u00e9s par un m\u00e9decin du Centre de Crise et de Soutien du Minist\u00e8re, sont rapatri\u00e9s depuis la Jordanie (Amman).\u00a0<\/p>\n<p>D\u2019autres vols doivent suivre demain, en compl\u00e9ment des liaisons commerciales directes ou indirectes au d\u00e9part de la Jordanie et de l&rsquo;\u00c9gypte.<\/p>\n<p>23:29<br class=\"jsx-494582681\"\/> 22 juin 2025FRAPPES ISRA\u00c9LIENNES AU NORD-OUEST DE L&rsquo;IRAN<\/p>\n<p>Des frappes isra\u00e9liennes touchent le nord-ouest de l&rsquo;Iran, rapportent les m\u00e9dias iraniens. Les frappes ont vis\u00e9 \u00ab\u00a0deux zones du sud-ouest de la ville de Tabriz\u00a0\u00bb, rapporte l&rsquo;agence de presse ISNA, citant Majid Farshi, charg\u00e9 de la gestion de crise dans la province.<\/p>\n<p>23:06<br class=\"jsx-494582681\"\/> 22 juin 2025CONSEIL DE D\u00c9FENSE TERMIN\u00c9<\/p>\n<p>Le conseil de d\u00e9fense et de s\u00e9curit\u00e9 nationale qui s&rsquo;est tenu ce dimanche soir est d\u00e9sormais termin\u00e9. Selon les informations fournies par l&rsquo;\u00c9lys\u00e9e, le pr\u00e9sident de la R\u00e9publique a fix\u00e9 plusieurs priorit\u00e9s d&rsquo;action, suite aux frappes am\u00e9ricaines qui ont touch\u00e9 l&rsquo;Iran et au risque d&rsquo;escalade qui en d\u00e9coule.<\/p>\n<p>Emmanuel Macron a insist\u00e9 sur la s\u00e9curit\u00e9 des ressortissants fran\u00e7ais, avec l&rsquo;acc\u00e9l\u00e9ration des moyens de sortie de nos compatriotes en Isra\u00ebl et en Iran. Il souhaite aussi \u0153uvrer \u00e0 la lib\u00e9ration des deux otages fran\u00e7ais encore d\u00e9tenus en Iran, tout en insistant sur un n\u00e9cessaire travail de d\u00e9sescalade, aux c\u00f4t\u00e9s de nos partenaires r\u00e9gionaux, de l&rsquo;Allemagne ainsi que du Royaume-Uni.<\/p>\n<p>Le chef de l&rsquo;\u00c9tat a aussi \u00e9voqu\u00e9 la recherche d&rsquo;une voie diplomatique permettant de garantir le contr\u00f4le du programme nucl\u00e9aire et balistique iranien, ainsi que la mise en s\u00e9curit\u00e9 de nos dispositifs diplomatiques et militaires dans la r\u00e9gion. Il a enfin sollicit\u00e9 le maintien d&rsquo;une vigilance renforc\u00e9e en mati\u00e8re de s\u00e9curit\u00e9 int\u00e9rieure. Notez qu&rsquo;un nouveau conseil de d\u00e9fense et de s\u00e9curit\u00e9 nationale se tiendra mardi 24 juin 2025 pour \u00e9valuer l&rsquo;ensemble des mesures prises.<\/p>\n<p>22:54<br class=\"jsx-494582681\"\/> 22 juin 2025UNE AMBULANCE TOUCH\u00c9E EN IRAN : 3 MORTS<\/p>\n<p>Au moins trois personnes ont \u00e9t\u00e9 tu\u00e9es dimanche soir dans le centre de l&rsquo;Iran apr\u00e8s qu&rsquo;une frappe de drone d&rsquo;Isra\u00ebl a touch\u00e9 une ambulance. \u00ab\u00a0L&rsquo;ambulance (&#8230;) \u00e9tait en route pour transf\u00e9rer un patient quand elle a \u00e9t\u00e9 gravement endommag\u00e9e par une frappe de drone\u00a0\u00bb, a rapport\u00e9 l&rsquo;agence de presse ISNA citant un gouverneur dans la province d&rsquo;Ispahan.<\/p>\n<p>22:46<br class=\"jsx-494582681\"\/> 22 juin 2025RIPOSTE IRANIENNE : 35 MISSILES FRAPPENT ISRAEL<\/p>\n<p>Suite aux frappes isra\u00e9liennes, l&rsquo;Iran n&rsquo;a pas tard\u00e9 \u00e0 r\u00e9pondre. \u00c0 l&rsquo;aube, 35 missiles sont envoy\u00e9s sur Isra\u00ebl, selon les images diffus\u00e9es \u00e0 la t\u00e9l\u00e9vision publique. Trois minutes apr\u00e8s, les sir\u00e8nes retentissent dans le ciel d&rsquo;Isra\u00ebl. Il est \u00e0 peine 7 heures du matin, tout juste le temps pour les habitants de se r\u00e9fugier dans des abris. Les bombardements ont d\u00e9truit deux immeubles r\u00e9sidentiels et fait au moins 24 bless\u00e9s \u00e0 Tel Aviv. Dans le centre du pays, au moins six autres personnes ont \u00e9t\u00e9 bless\u00e9es. Retrouvez le reportage du JT de 20 heures de TF1.<\/p>\n<p>Riposte iranienne : 35 missiles s&rsquo;abattent sur Isra\u00eblSource : JT 20h WE<\/p>\n<p><a href=\"https:\/\/www.tf1info.fr\/international\/videos\/video-riposte-iranienne-35-missiles-s-abattent-sur-israel-61813-2378516.html\" rel=\"noopener\" class=\"jsx-484472199 Link\" target=\"_blank\"><img decoding=\"async\" src=\"https:\/\/www.europesays.com\/fr\/wp-content\/uploads\/2025\/06\/riposte-iranienne-35-missiles-s-abattent-sur-israel-42a3b1-0@1x.jpeg\" alt=\"\" loading=\"lazy\" importance=\"low\" fetchpriority=\"low\" class=\"\" aria-hidden=\"true\"\/><\/p>\n<p>02:03<\/p>\n<p><\/a>22:24<br class=\"jsx-494582681\"\/> 22 juin 2025LES D\u00c9MOCRATES AM\u00c9RICAINS FUSTIGENT LES CHOIX DE TRUMP<\/p>\n<p>Les d\u00e9mocrates ont fustig\u00e9 dimanche la d\u00e9cision \u00ab\u00a0unilat\u00e9rale\u00a0\u00bb du pr\u00e9sident am\u00e9ricain Donald Trump de lancer des frappes a\u00e9riennes sur l&rsquo;Iran sans demander l&rsquo;autorisation du Congr\u00e8s, l&rsquo;accusant de violer la Constitution. \u00ab\u00a0La d\u00e9cision du pr\u00e9sident Trump de bombarder l&rsquo;Iran place les \u00c9tats-Unis au bord d&rsquo;une guerre plus large au Moyen-Orient, tout cela sans l&rsquo;approbation du Congr\u00e8s requise par la Constitution\u00a0\u00bb, a critiqu\u00e9 dans un communiqu\u00e9 l&rsquo;influent s\u00e9nateur d\u00e9mocrate Dick Durbin.<\/p>\n<p>Plusieurs \u00e9lus ont aussi insist\u00e9 sur le fait que les services de renseignement am\u00e9ricains n&rsquo;avaient pas mis en \u00e9vidence de menace imminente en provenance d&rsquo;Iran qui aurait justifi\u00e9 la d\u00e9cision unilat\u00e9rale de Donald Trump. \u00ab\u00a0Aucun pr\u00e9sident ne devrait \u00eatre autoris\u00e9 \u00e0 entra\u00eener unilat\u00e9ralement cette nation dans quelque chose d&rsquo;aussi important qu&rsquo;une guerre avec des menaces erratiques et aucune strat\u00e9gie\u00a0\u00bb, a accus\u00e9 Chuck Schumer, le chef de file des d\u00e9mocrates au S\u00e9nat.<\/p>\n<p>22:20<br class=\"jsx-494582681\"\/> 22 juin 2025PLUS D&rsquo;OPTIONS DIPLOMATIQUES ?<\/p>\n<p>Apr\u00e8s les frappes am\u00e9ricaines, le r\u00e9gime iranien peut-il \u00e9viter l&rsquo;implosion ? L&rsquo;\u00e9ditorialiste g\u00e9opolitique de TF1\/LCI Pierre Servent en doute et ne croit pas \u00e0 de possibles n\u00e9gociations. Le pouvoir iranien actuel ? \u00ab\u00a0Il faut qu&rsquo;il tombe\u00a0\u00bb, a-t-il estim\u00e9 ce dimanche soir sur LCI.<\/p>\n<blockquote data-testid=\"EmbedTwitter\" id=\"tweet-1936876797481689562-:Reca9iqb6ij9n79m:\" class=\"jsx-aeff1a1c40f54d7a twitter-tweet flex justify-center items-center\"><p>Iran : \u00ab \u00c0 mon sens, il n&rsquo;y a aucun accord diplomatique possible avec ce r\u00e9gime. Il faut que ce r\u00e9gime p\u00e8te \u00bb d\u00e9clare Pierre Servent \u25b6\ufe0f  @margothaddad &#8211;  @DariusRochebin pic.twitter.com\/2JY2uu0e7w \u2014 LCI (@LCI)  June 22, 2025<\/p><\/blockquote>\n<p>21:49<br class=\"jsx-494582681\"\/> 22 juin 2025VISITE RUSSE EN IRAN<\/p>\n<p>Le chef de la diplomatie iranienne est dimanche soir \u00e0 Moscou pour s&rsquo;entretenir lundi avec le pr\u00e9sident russe Vladimir Poutine, a rapport\u00e9 l&rsquo;agence officielle iranienne Irna. Abbas Araghchi, qui avait lui-m\u00eame annonc\u00e9 depuis Istanbul qu&rsquo;il irait dans la capitale russe pour voir M. Poutine, \u00ab\u00a0est arriv\u00e9 \u00e0 Moscou pour des consultations avec le pr\u00e9sident (russe) et d&rsquo;autres responsables officiels concernant la situation r\u00e9gionale et internationale \u00e0 la suite de l&rsquo;agression militaire des Etats-Unis et du r\u00e9gime sioniste contre l&rsquo;Iran\u00a0\u00bb, a indiqu\u00e9 l&rsquo;agence, en allusion \u00e0 Isra\u00ebl.<\/p>\n<p>21:48<br class=\"jsx-494582681\"\/> 22 juin 2025LE \u00ab\u00a0CYCLE SANS ISSUE\u00a0\u00bb DES REPR\u00c9SAILLES<\/p>\n<p>Le secr\u00e9taire g\u00e9n\u00e9ral de l&rsquo;ONU Antonio Guterres a mis en garde dimanche contre un \u00ab\u00a0cycle sans issue de repr\u00e9sailles\u00a0\u00bb, apr\u00e8s les frappes am\u00e9ricaines contre l&rsquo;Iran qui marquent selon lui un \u00ab\u00a0tournant dangereux\u00a0\u00bb dans la r\u00e9gion.<\/p>\n<p>\u00ab\u00a0J&rsquo;ai de fa\u00e7on r\u00e9p\u00e9t\u00e9e condamn\u00e9 toute escalade militaire au Moyen-Orient. Les populations de la r\u00e9gion ne peuvent pas subir un nouveau cycle de destruction. Et malgr\u00e9 tout, nous risquons de nous engouffrer dans un cycle sans issue de repr\u00e9sailles apr\u00e8s repr\u00e9sailles\u00a0\u00bb, a-t-il d\u00e9clar\u00e9 lors d&rsquo;une r\u00e9union d&rsquo;urgence du Conseil de s\u00e9curit\u00e9.<\/p>\n<p>21:42<br class=\"jsx-494582681\"\/> 22 juin 2025OBJECTIFS PARTIELLEMENT ATTEINTS<\/p>\n<p>Isra\u00ebl \u00ab\u00a0s&rsquo;est rapproch\u00e9\u00a0\u00bb de ses objectifs dans la guerre avec l&rsquo;Iran gr\u00e2ce au pr\u00e9sident am\u00e9ricain Donald Trump et \u00e0 sa d\u00e9cision de bombarder des installations cl\u00e9s du programme nucl\u00e9aire iranien, a d\u00e9clar\u00e9 dimanche soir le Premier ministre isra\u00e9lien Benyamin N\u00e9tanyahou.<\/p>\n<p>Dans cette guerre, \u00ab\u00a0nous avons d\u00e9j\u00e0 obtenu beaucoup et gr\u00e2ce au pr\u00e9sident Trump, nous nous sommes rapproch\u00e9s de nos objectifs\u00a0\u00bb, a dit M. N\u00e9tanyahou \u00e0 propos des hostilit\u00e9s avec la R\u00e9publique islamique d&rsquo;Iran d\u00e9clench\u00e9es par Isra\u00ebl le 13 juin avec le but affich\u00e9 de d\u00e9truire les programmes nucl\u00e9aire et balistique de T\u00e9h\u00e9ran.<\/p>\n<p>21:38<br class=\"jsx-494582681\"\/> 22 juin 2025VIGILANCE ACCRUE EN ISRA\u00cbL<\/p>\n<p>Envoy\u00e9 sp\u00e9cial de TF1-LCI en Isra\u00ebl, Thomas Misrachi a d\u00e9crit ce dimanche soit sur LCI l&rsquo;ambiance qui r\u00e8gne \u00e0 l&rsquo;heure actuelle au sein de l&rsquo;\u00c9tat h\u00e9breu. Un climat de m\u00e9fiance, renforc\u00e9 par une s\u00e9rie d&rsquo;appels \u00e0 la vigilance. Les craintes de ripostes iraniennes sont prises tr\u00e8s au s\u00e9rieux, si bien que de nombreux commerces non essentiels demeurent ferm\u00e9s, au m\u00eame titre que les \u00e9coles. Une consigne a par ailleurs \u00e9t\u00e9 pass\u00e9e \u00e0 la population : les autorit\u00e9s demandent aux particuliers ainsi qu&rsquo;aux commer\u00e7ants de changer les mots de passe de leurs syst\u00e8mes de vid\u00e9osurveillance. En toile de fond : la crainte de possibles piratages.<\/p>\n<p>Isra\u00ebl se pr\u00e9pare \u00e0 une riposte iranienneSource : TF1 Info<\/p>\n<p><img decoding=\"async\" src=\"https:\/\/www.europesays.com\/fr\/wp-content\/uploads\/2025\/06\/israel-se-prepare-a-une-riposte-iranienne-34d6dc-0@1x.jpeg\" alt=\"Isra\u00ebl se pr\u00e9pare \u00e0 une riposte iranienne\" loading=\"lazy\" importance=\"low\" fetchpriority=\"low\" class=\"\"\/><img decoding=\"async\" src=\"https:\/\/www.tf1info.fr\/images\/icons\/player-logo-play.svg\" alt=\"Logo lecture\" class=\"jsx-d0de44c05fe3042c PlayerLazyload__Play\"\/>21:37<br class=\"jsx-494582681\"\/> 22 juin 2025LA R\u00c9ACTION DE L&rsquo;AMBASSADEUR D&rsquo;IRAN<\/p>\n<p>Sur le plateau de LCI, l&rsquo;ambassadeur d&rsquo;Iran en France Mohammad Amin Nejad a \u00e9voqu\u00e9 les frappes am\u00e9ricaines sur son pays. \u00ab\u00a0Trump a trahi la diplomatie\u00a0\u00bb, assure-t-il, faisant un parall\u00e8le avec l&rsquo;accord de 2015, \u00ab\u00a0obtenu avec les europ\u00e9ens, les \u00c9tats-Unis, la Russie et la Chine\u00a0\u00bb. Un texte portant sur le nucl\u00e9aire \u00a0que l&rsquo;Iran assure avoir respect\u00e9. Pourtant, en 2018, c&rsquo;est \u00ab\u00a0monsieur Trump qui est sorti de l&rsquo;accord\u00a0\u00bb, a lanc\u00e9 l&rsquo;ambassadeur. \u00a0<\/p>\n<p>Au sujet de l&rsquo;enrichissement de l&rsquo;uranium, le diplomate se d\u00e9fend. \u00ab\u00a0Une attaque isra\u00e9lienne de 2021\u00a0\u00bb, dit-il, a conduit le Parlement iranien \u00e0 ne plus se conformer rigoureusement \u00e0 l&rsquo;accord de 2015.<\/p>\n<p>21:02<br class=\"jsx-494582681\"\/> 22 juin 2025REPLAY<\/p>\n<p>Le ministre de l&rsquo;Int\u00e9rieur \u00e9tait l&rsquo;invit\u00e9 de LCI ce dimanche, avant de prendre part au conseil de d\u00e9fense et de s\u00e9curit\u00e9. Bruno Retailleau a \u00e9voqu\u00e9 la situation actuelle au Proche-Orient, les frappes am\u00e9ricaines ainsi que le r\u00f4le de la France dans ce conflit. Retrouvez son intervention sur le plateau de Darius Rochebin.<\/p>\n<p>Police, justice et faits divers<img decoding=\"async\" src=\"https:\/\/www.europesays.com\/fr\/wp-content\/uploads\/2025\/06\/bruno-retailleau-15-mai-2025-276e6c-0@1x.jpeg\" alt=\"Projet d'attentat d\u00e9jou\u00e9 en France, conflit au Proche-Orient... Retrouvez l'interview de Bruno Retailleau sur LCI\" loading=\"lazy\" importance=\"low\" fetchpriority=\"low\" class=\"\" aria-hidden=\"true\"\/>20:42<br class=\"jsx-494582681\"\/> 22 juin 2025\u00c9TATS-UNIS IND\u00c9SIRABLES AU MOYEN-ORIENT<\/p>\n<p>Un conseiller du guide supr\u00eame iranien d\u00e9clare que les \u00c9tats-Unis \u00ab\u00a0n&rsquo;ont plus leur place\u00a0\u00bb au Moyen-Orient apr\u00e8s avoir men\u00e9 des frappes contre des sites nucl\u00e9aires de la R\u00e9publique islamique.<\/p>\n<p>\u00ab\u00a0Il n&rsquo;y a plus de place pour l&rsquo;Am\u00e9rique ou ses bases dans cette r\u00e9gion et dans le monde islamique\u00a0\u00bb, a d\u00e9clar\u00e9 Ali Akbar Velayati cit\u00e9 par l&rsquo;agence de presse officielle Irna. \u00ab\u00a0L&rsquo;Am\u00e9rique a attaqu\u00e9 le c\u0153ur du monde islamique et doit s&rsquo;attendre \u00e0 des cons\u00e9quences irr\u00e9parables, car la R\u00e9publique islamique ne tol\u00e8re aucune insulte ou agression \u00e0 son encontre\u00a0\u00bb, a-t-il ajout\u00e9.<\/p>\n<p>20:36<br class=\"jsx-494582681\"\/> 22 juin 2025BASES AM\u00c9RICAINES MENAC\u00c9ES<\/p>\n<p>Un conseiller du guide supr\u00eame iranien, l&rsquo;ayatollah Ali Khamenei, d\u00e9clare que les bases utilis\u00e9es par les forces am\u00e9ricaines pour lancer des attaques contre les sites nucl\u00e9aires iraniens seront consid\u00e9r\u00e9es \u00ab\u00a0comme des cibles l\u00e9gitimes\u00a0\u00bb, rapporte l&rsquo;agence de presse officielle Irna.<\/p>\n<p>20:07<br class=\"jsx-494582681\"\/> 22 juin 2025RETOURS MASSIFS D&rsquo;ISRA\u00c9LIENS AU PAYS<\/p>\n<p>Plus de 65.000 Isra\u00e9liens bloqu\u00e9s \u00e0 l&rsquo;\u00e9tranger en raison de la fermeture de l&rsquo;espace a\u00e9rien depuis le d\u00e9but de la guerre avec l&rsquo;Iran le 13 juin ont pu rentrer dans leur pays, a annonc\u00e9 dimanche la ministre des Transports Miri Regev. \u00ab\u00a0Jusqu&rsquo;aujourd&rsquo;hui, plus de 65.000 Isra\u00e9liens sont rentr\u00e9s \u00e0 la maison par voie maritime, a\u00e9rienne et terrestre\u00a0\u00bb sur les 100.000 \u00e0 150.000 personnes qui se trouvaient \u00e0 l&rsquo;\u00e9tranger quand l&rsquo;offensive isra\u00e9lienne a commenc\u00e9, a-t-elle dit.<\/p>\n<p>19:58<br class=\"jsx-494582681\"\/> 22 juin 2025LE CONSEIL DE D\u00c9FENSE COMMENCE<\/p>\n<p>Emmanuel Macron pr\u00e9side un conseil de d\u00e9fense et de s\u00e9curit\u00e9 ce dimanche soir. Avant d&rsquo;\u00e9changer avec les ministres convi\u00e9s et ses interlocuteurs, il a pris bri\u00e8vement la parole. Nous vivons \u00ab\u00a0un moment grave pour la paix et la stabilit\u00e9 au Proche et au Moyen-Orient\u00a0\u00bb, a soulign\u00e9 le chef de l&rsquo;Etat.\u00a0<\/p>\n<p>Il a \u00e9voqu\u00e9 \u00ab\u00a0une nouvelle phase, qui impose une vigilance, une action r\u00e9solue de notre part\u00a0\u00bb. Le pr\u00e9sident explique qu&rsquo;il s&rsquo;est \u00ab\u00a0entretenu avec tous les dirigeants de la r\u00e9gion et avec les dirigeants europ\u00e9ens\u00a0\u00bb. Ensemble, ils appellent \u00ab\u00a0tous et toutes \u00e0 ce qu&rsquo;il n&rsquo;y ait pas d&rsquo;escalade, convaincus qu&rsquo;aucune r\u00e9ponse strictement militaire ne peut produire les effets recherch\u00e9s\u00a0\u00bb.\u00a0<\/p>\n<p>\u00ab\u00a0La reprise de discussions diplomatiques et techniques est le seul moyen d&rsquo;obtenir l&rsquo;objectif que nous recherchons tous\u00a0\u00bb, a lanc\u00e9 Emmanuel Macron, \u00e0 savoir \u00ab\u00a0que l&rsquo;Iran ne puisse pas se doter de l&rsquo;arme nucl\u00e9aire, mais \u00e9galement qu&rsquo;il n&rsquo;y ait pas d&rsquo;escalade incontr\u00f4l\u00e9e dans la r\u00e9gion.\u00a0\u00bb<\/p>\n<p>19:38<br class=\"jsx-494582681\"\/> 22 juin 2025DES IMPACTS CLAIREMENT IDENTIFIES<\/p>\n<p>Le directeur de l&rsquo;Agence internationale de l&rsquo;\u00e9nergie atomique (AIEA) a annonc\u00e9 une \u00ab\u00a0r\u00e9union d&rsquo;urgence\u00a0\u00bb lundi apr\u00e8s les frappes am\u00e9ricaines contre trois sites nucl\u00e9aires iraniens, estimant impossible \u00e0 ce stade d&rsquo;\u00e9valuer l&rsquo;\u00e9tendue des d\u00e9g\u00e2ts. \u00ab\u00a0Il existe des indications claires d&rsquo;impacts\u00a0\u00bb, a d\u00e9clar\u00e9 Rafael Grossi sur la cha\u00eene am\u00e9ricaine CNN, se basant sur des images satellitaires et \u00ab\u00a0la connaissance approfondie\u00a0\u00bb du site de Fordo, r\u00e9guli\u00e8rement inspect\u00e9 par le personnel de l&rsquo;Agence.<\/p>\n<p>\u00ab\u00a0Mais en ce qui concerne l&rsquo;\u00e9valuation de l&rsquo;ampleur des d\u00e9g\u00e2ts souterrains, nous ne pouvons nous prononcer : ceux-ci peuvent \u00eatre importants, voire consid\u00e9rables. Mais personne, ni nous, ni personne d&rsquo;autre, n&rsquo;est en mesure de vous dire leur \u00e9tendue\u00a0\u00bb, a-t-il ajout\u00e9, esp\u00e9rant que ses inspecteurs \u00ab\u00a0pourront retourner sur place d\u00e8s que possible\u00a0\u00bb.<\/p>\n<p>19:30<br class=\"jsx-494582681\"\/> 22 juin 2025NEUF GARDIENS DE LA R\u00c9VOLUTION TU\u00c9S<\/p>\n<p>Au moins neuf membres des Gardiens de la r\u00e9volution, l&rsquo;arm\u00e9e id\u00e9ologique de la R\u00e9publique islamique d&rsquo;Iran, ont \u00e9t\u00e9 tu\u00e9s dimanche dans des attaques isra\u00e9liennes contre le centre de l&rsquo;Iran, ont rapport\u00e9 les m\u00e9dias locaux.<\/p>\n<p>\u00ab\u00a0\u00c0 la suite de l&rsquo;agression du r\u00e9gime sioniste barbare et de ses mercenaires contre deux centres militaires dans la ville de Yazd, sept membres du Corps des Gardiens de la r\u00e9volution islamique et deux conscrits sont tomb\u00e9s en martyrs\u00a0\u00bb, selon l&rsquo;agence de presse Tasnim, citant un communiqu\u00e9 des Gardiens. D&rsquo;autres personnes ont \u00e9t\u00e9 bless\u00e9es lors de l&rsquo;attaque, a-t-elle ajout\u00e9. L&rsquo;agence de presse Fars avait indiqu\u00e9 plus t\u00f4t que les frappes isra\u00e9liennes avaient vis\u00e9 deux sites militaires \u00e0 Yazd.<\/p>\n<p>19:26<br class=\"jsx-494582681\"\/> 22 juin 2025DES FRAPPES SUR T\u00c9H\u00c9RAN<\/p>\n<p>Des explosions ont \u00e9t\u00e9 entendues dimanche dans le nord de T\u00e9h\u00e9ran, a rapport\u00e9 un journaliste de l&rsquo;AFP, alors que l&rsquo;attaque isra\u00e9lienne contre l&rsquo;Iran se poursuivait pour le dixi\u00e8me jour d&rsquo;affil\u00e9e. L&rsquo;origine de ces explosions, qu&rsquo;il s&rsquo;agisse de frappes isra\u00e9liennes ou de tirs de la d\u00e9fense anti-a\u00e9rienne iranienne, n&rsquo;\u00e9tait pas d\u00e9termin\u00e9e.<\/p>\n<p>19:18<br class=\"jsx-494582681\"\/> 22 juin 2025URANIUM ENRICHI<\/p>\n<p>Un conseiller du guide supr\u00eame iranien, l&rsquo;ayatollah Ali Khamenei, a affirm\u00e9 dimanche que l&rsquo;Iran poss\u00e9dait toujours des stocks d&rsquo;uranium enrichi malgr\u00e9 les frappes am\u00e9ricaines contre ses principales installations nucl\u00e9aires.<\/p>\n<p>\u00ab\u00a0M\u00eame si les sites nucl\u00e9aires sont d\u00e9truits, la partie n&rsquo;est pas termin\u00e9e, les mat\u00e9riaux enrichis, le savoir-faire indig\u00e8ne et la volont\u00e9 politique restent\u00a0\u00bb, a d\u00e9clar\u00e9 Ali Shamkhani sur le r\u00e9seau X. Il a ajout\u00e9 que \u00ab\u00a0l&rsquo;initiative politique et op\u00e9rationnelle est d\u00e9sormais du c\u00f4t\u00e9 de celui qui agit intelligemment et \u00e9vite les frappes aveugles. Les surprises continueront !\u00a0\u00bb, a-t-il dit.\u00a0<\/p>\n<p>19:14<br class=\"jsx-494582681\"\/> 22 juin 2025R\u00c9ACTIONS POLITIQUES<\/p>\n<p>L&rsquo;action militaire men\u00e9e par les \u00c9tats-Unis en Iran suscite de vives r\u00e9action partout dans le monde.<\/p>\n<p>En France, o\u00f9 Emmanuel Macron appelle \u00e0 la reprise de la diplomatie, le sujet divise la classe politique. Si Jean-Luc M\u00e9lenchon condamne les frappes am\u00e9ricaines, le RN et ses alli\u00e9s s&rsquo;en f\u00e9licitent.<\/p>\n<p>International<img decoding=\"async\" src=\"https:\/\/www.europesays.com\/fr\/wp-content\/uploads\/2025\/06\/melenchon-22052028-96b53c-0@1x.jpeg\" alt=\"Jean-Luc M\u00e9lenchon, en mai 2025.\" loading=\"lazy\" importance=\"low\" fetchpriority=\"low\" class=\"\" aria-hidden=\"true\"\/>19:05<br class=\"jsx-494582681\"\/> 22 juin 2025UN SOUTIEN \u00c0 L&rsquo;IRAN<\/p>\n<p>Les ministres des Affaires \u00e9trang\u00e8res des pays de l&rsquo;Organisation de la coop\u00e9ration islamique (OCI) ont appel\u00e9 dimanche soir \u00e0 stopper l'\u00a0\u00bbagression\u00a0\u00bb de l&rsquo;Iran par Isra\u00ebl, sans mentionner ni condamner les frappes am\u00e9ricaines sur des installations nucl\u00e9aires du pays.<\/p>\n<p>\u00ab\u00a0Nous condamnons fermement l&rsquo;agression isra\u00e9lienne contre la R\u00e9publique islamique d&rsquo;Iran, soulignons la n\u00e9cessit\u00e9 urgente de mettre fin aux attaques isra\u00e9liennes et exprimons notre grande pr\u00e9occupation face \u00e0 cette dangereuse escalade\u00a0\u00bb, ont-ils affirm\u00e9 dans une d\u00e9claration publi\u00e9e \u00e0 l&rsquo;issue d&rsquo;une r\u00e9union de l&rsquo;OCI ce week-end \u00e0 Istanbul.<\/p>\n<p>18:50<br class=\"jsx-494582681\"\/> 22 juin 2025L&rsquo;APPEL DE PARIS, BERLIN ET LONDRES<\/p>\n<p>Les dirigeants de la France, de l&rsquo;Allemagne et du Royaume-Uni ont demand\u00e9 dimanche \u00e0 l&rsquo;Iran \u00ab\u00a0de ne pas entreprendre d&rsquo;autres actions susceptibles de d\u00e9stabiliser la r\u00e9gion\u00a0\u00bb en r\u00e9ponse aux frappes am\u00e9ricaines ayant vis\u00e9 ses sites nucl\u00e9aires.<\/p>\n<p>\u00ab\u00a0Nous appelons l&rsquo;Iran \u00e0 s&rsquo;engager dans des n\u00e9gociations conduisant \u00e0 un accord qui r\u00e9ponde \u00e0 toutes les pr\u00e9occupations li\u00e9es \u00e0 son programme nucl\u00e9aire. Nous sommes pr\u00eats \u00e0 contribuer \u00e0 cet objectif en coordination avec toutes les parties\u00a0\u00bb, ajoutent les trois dirigeants dans une d\u00e9claration conjointe.<\/p>\n<p>Les trois pays ont \u00e9galement rappel\u00e9 avoir \u00ab\u00a0toujours \u00e9t\u00e9 clairs sur le fait que l&rsquo;Iran ne pourra jamais disposer d&rsquo;une arme nucl\u00e9aire et ne pourra plus constituer une menace pour la s\u00e9curit\u00e9 r\u00e9gionale\u00a0\u00bb.<\/p>\n<p>18:30<br class=\"jsx-494582681\"\/> 22 juin 2025LIAISONS A\u00c9RIENNES SUSPENDUES<\/p>\n<p>British Airways a annul\u00e9 ses vols dimanche entre l&rsquo;a\u00e9roport londonien de Heathrow et ceux de Dubai et Doha, apr\u00e8s les frappes am\u00e9ricaines en Iran, a indiqu\u00e9 la compagnie a\u00e9rienne. \u00ab\u00a0\u00c0 la suite des \u00e9v\u00e9nements r\u00e9cents, nous avons adapt\u00e9 notre programme de vols afin de garantir la s\u00e9curit\u00e9 de nos clients et de nos \u00e9quipages\u00a0\u00bb, a indiqu\u00e9 un porte-parole de British Airways.\u00a0<\/p>\n<p>Tous les vols pr\u00e9vus dimanche vers Dubai et Doha ont \u00e9t\u00e9 annul\u00e9s, tout comme les vols retour, selon la compagnie. \u00ab\u00a0Nous contactons nos clients pour les informer des options qui s&rsquo;offrent \u00e0 eux\u00a0\u00bb, a ajout\u00e9 le porte-parole.\u00a0<\/p>\n<p>18:29<br class=\"jsx-494582681\"\/> 22 juin 2025PRUDENCE<\/p>\n<p>Le ministre de l&rsquo;Int\u00e9rieur estime qu&rsquo;il est aujourd&rsquo;hui trop t\u00f4t pour d\u00e9terminer avec pr\u00e9cision si l&rsquo;op\u00e9ration men\u00e9e par les Am\u00e9ricains est un succ\u00e8s. Bruno Retailleau estime qu&rsquo;elle serait r\u00e9ussie si T\u00e9h\u00e9ran voyait sa capacit\u00e9 \u00e0 acc\u00e9der \u00e0 l&rsquo;arme nucl\u00e9aire totalement entrav\u00e9e.<\/p>\n<blockquote data-testid=\"EmbedTwitter\" id=\"tweet-1936821699128750203-:Rect9iqb6ij9n79m:\" class=\"jsx-aeff1a1c40f54d7a twitter-tweet flex justify-center items-center\"><p>Frappes am\u00e9ricaines en Iran : \u00ab Il est beaucoup trop t\u00f4t pour savoir si cette op\u00e9ration est r\u00e9ussie \u00bb affirme  @BrunoRetailleau sur LCI  \u25b6\ufe0f  @DariusRochebin pic.twitter.com\/rhlzuKflZr \u2014 LCI (@LCI)  June 22, 2025<\/p><\/blockquote>\n<p>18:23<br class=\"jsx-494582681\"\/> 22 juin 2025UN TOTAL DE 24 MORTS EN ISRA\u00cbL DEPUIS LE 13 JUIN<\/p>\n<p>Le bureau du Premier ministre isra\u00e9lien a annonc\u00e9 ce dimanche que 24 personnes avaient \u00e9t\u00e9 tu\u00e9es en Isra\u00ebl depuis le d\u00e9but de l&rsquo;op\u00e9ration contre l&rsquo;Iran le 13 juin, selon un communiqu\u00e9, rectifiant un pr\u00e9c\u00e9dent bilan bas\u00e9 sur des chiffres fournis par des autorit\u00e9s locales. \u00ab\u00a0Depuis le d\u00e9but de l&rsquo;op\u00e9ration &lsquo;Lion dress\u00e9&rsquo; (&#8230;) 24 personnes ont \u00e9t\u00e9 tu\u00e9es et 1.272 bless\u00e9es dont 14 dans un \u00e9tat grave\u00a0\u00bb, indique ce communiqu\u00e9.\u00a0<\/p>\n<p>Apr\u00e8s un tir de missile iranien survenu le 15 juin \u00e0 Bat Yam, dans le centre d&rsquo;Isra\u00ebl, la mairie de cette localit\u00e9 avait identifi\u00e9 jeudi le nom d&rsquo;une nouvelle victime, portant \u00e0 neuf le nombre de morts de cette frappe, mais elle avait d\u00e9j\u00e0 \u00e9t\u00e9 comptabilis\u00e9e dans le bilan total, a-t-on appris en cette fin de weekend.<\/p>\n<p>18:22<br class=\"jsx-494582681\"\/> 22 juin 2025\u00c9VACUATIONS AM\u00c9RICAINES AU LIBAN<\/p>\n<p>Les \u00c9tats-Unis ont ordonn\u00e9 dimanche l&rsquo;\u00e9vacuation de familles et fonctionnaires non essentiels de son ambassade \u00e0 Beyrouth au Liban, \u00e0 la suite des frappes am\u00e9ricaines sur l&rsquo;Iran. \u00ab\u00a0Le 22 juin 2025, le d\u00e9partement d&rsquo;\u00c9tat am\u00e9ricain a donn\u00e9 l&rsquo;ordre aux familles et employ\u00e9s non essentiels du gouvernement am\u00e9ricain de partir du Liban en raison d&rsquo;un climat volatil et impr\u00e9visible dans la r\u00e9gion\u00a0\u00bb, selon un communiqu\u00e9 de la chancellerie am\u00e9ricaine \u00e0 Beyrouth.<\/p>\n<p>18:20<br class=\"jsx-494582681\"\/> 22 juin 2025BRUNO RETAILLEAU MET EN CAUSE L&rsquo;ATTITUDE DE L&rsquo;IRAN<\/p>\n<p>Invit\u00e9 de LCI ce dimanche soir, le ministre de l&rsquo;Int\u00e9rieur Bruno Retailleau a r\u00e9agi aux frappes am\u00e9ricaines de la nuit derni\u00e8re. \u00ab\u00a0L&rsquo;Iran n&rsquo;est pas un facteur d&rsquo;\u00e9quilibre dans la r\u00e9gion\u00a0\u00bb, a-t-il gliss\u00e9, ajoutant qu&rsquo;il \u00ab\u00a0s&rsquo;agit d&rsquo;un pays qui souhaite l&rsquo;\u00e9radication d&rsquo;Isra\u00ebl de la carte ne pr\u00e9serve pas la souverainet\u00e9 de cette nation\u00a0\u00bb.\u00a0<\/p>\n<p>Si le ministre n&rsquo;entend pas \u00ab\u00a0s&rsquo;aligner sur les \u00c9tats-Unis\u00a0\u00bb de mani\u00e8re inconditionnelle, \u00ab\u00a0il faut reconna\u00eetre que personne ne voulait d&rsquo;un jihad atomique\u00a0\u00bb, a poursuivi Bruno Retailleau. Il a ajout\u00e9 que \u00ab\u00a0l&rsquo;Iran est une puissance d\u00e9stabilisatrice du Moyen-Orient depuis longtemps\u00a0\u00bb. Selon le repr\u00e9sentant du gouvernement, \u00ab\u00a0la France doit \u00e9viter l&rsquo;escalade, mais celui qui a provoqu\u00e9 l&rsquo;escalade, c&rsquo;est l&rsquo;Iran\u00a0\u00bb. \u00ab\u00a0On n&rsquo;importe pas la d\u00e9mocratie lib\u00e9rale \u00e0 coup de bombes et de missiles, c&rsquo;est le peuple iranien qui devra en d\u00e9cider\u00a0\u00bb, a enfin lanc\u00e9 le ministre.<\/p>\n<p>Pour Bruno Retailleau, c&rsquo;est l&rsquo;Iran qui a provoqu\u00e9 l&rsquo;escalade de la violenceSource : TF1 Info<\/p>\n<p><img decoding=\"async\" src=\"https:\/\/www.europesays.com\/fr\/wp-content\/uploads\/2025\/06\/pour-bruno-retailleau-c-est-l-iran-qui-a-provoque-l-escalade-de-la-violence-bc5b4f-0@1x.jpeg\" alt=\"Pour Bruno Retailleau, c'est l'Iran qui a provoqu\u00e9 l'escalade de la violence\" loading=\"lazy\" importance=\"low\" fetchpriority=\"low\" class=\"\"\/><img decoding=\"async\" src=\"https:\/\/www.tf1info.fr\/images\/icons\/player-logo-play.svg\" alt=\"Logo lecture\" class=\"jsx-d0de44c05fe3042c PlayerLazyload__Play\"\/>17:54<br class=\"jsx-494582681\"\/> 22 juin 2025DES DISCUSSIONS \u00c0 VENIR ?<\/p>\n<p>Les \u00c9tats-Unis sont \u00ab\u00a0pr\u00eats \u00e0 discuter\u00a0\u00bb avec l&rsquo;Iran sur son programme nucl\u00e9aire civil, a d\u00e9clar\u00e9 dimanche le chef de la diplomatie am\u00e9ricaine.<\/p>\n<p>\u00ab\u00a0Le r\u00e9gime iranien doit se r\u00e9veiller et se dire &lsquo;OK, si nous voulons vraiment de l&rsquo;\u00e9nergie nucl\u00e9aire (\u00e0 des fins pacifiques, ndlr) dans notre pays, alors il y a un moyen de le faire&rsquo;. L&rsquo;offre est toujours l\u00e0, nous sommes pr\u00eats \u00e0 leur parler demain\u00a0\u00bb, a lanc\u00e9 Marco Rubio lors d&rsquo;un entretien \u00e0 la cha\u00eene am\u00e9ricaine Fox News au lendemain des frappes am\u00e9ricaines ayant vis\u00e9 trois sites nucl\u00e9aires iraniens.<\/p>\n<p>17:43<br class=\"jsx-494582681\"\/> 22 juin 2025D\u00c9FENSE IRANIENNE<\/p>\n<p>L&rsquo;Iran est pr\u00eat \u00e0 se d\u00e9fendre \u00ab\u00a0par tous les moyens n\u00e9cessaires\u00a0\u00bb, a d\u00e9clar\u00e9 dimanche le porte-parole de la diplomatie iranienne, apr\u00e8s des attaques am\u00e9ricaines in\u00e9dites contre des sites nucl\u00e9aires.<\/p>\n<p>\u00ab\u00a0L&rsquo;Iran est r\u00e9solument d\u00e9termin\u00e9 \u00e0 d\u00e9fendre sa souverainet\u00e9, son int\u00e9grit\u00e9 territoriale, sa s\u00e9curit\u00e9 nationale et sa population par tous les moyens n\u00e9cessaires\u00a0\u00bb, a \u00e9crit sur X Esma\u00efl Bagha\u00ef, condamnant une \u00ab\u00a0agression inadmissible perp\u00e9tr\u00e9e par un \u00c9tat dot\u00e9 de l&rsquo;arme nucl\u00e9aire (&#8230;) contre un pays non dot\u00e9 de l&rsquo;arme nucl\u00e9aire\u00a0\u00bb.\u00a0<\/p>\n<p>17:34<br class=\"jsx-494582681\"\/> 22 juin 2025KIEV JUGE L\u00c9GITIMES LES FRAPPES AM\u00c9RICAINES<\/p>\n<p>Kiev a soutenu dimanche les frappes des \u00c9tats-Unis et d&rsquo;Isra\u00ebl contre des sites nucl\u00e9aires en Iran, estimant qu&rsquo;il s&rsquo;agissait d&rsquo;une cons\u00e9quence \u00ab\u00a0des actions agressives\u00a0\u00bb des autorit\u00e9s iraniennes. \u00ab\u00a0Les mesures prises par les Etats-Unis avec Isra\u00ebl contre les installations nucl\u00e9aires iraniennes envoient un signal clair au r\u00e9gime iranien: celui qu&rsquo;il est inacceptable de poursuivre sa politique de d\u00e9stabilisation de la situation s\u00e9curitaire au Moyen-Orient\u00a0\u00bb, a \u00e9crit la diplomatie ukrainienne dans un communiqu\u00e9.<\/p>\n<p>Kiev a par ailleurs affirm\u00e9 que l&rsquo;Iran \u00e9tait \u00ab\u00a0complice\u00a0\u00bb de l&rsquo;invasion russe de l&rsquo;Ukraine et fournissait une \u00ab\u00a0assistance militaire\u00a0\u00bb \u00e0 Moscou, notamment des drones utilis\u00e9s pour bombarder le territoire ukrainien.<\/p>\n<p>17:22<br class=\"jsx-494582681\"\/> 22 juin 2025DES BLESSES IRANIENS PAS CONTAMIN\u00c9S<\/p>\n<p>Les frappes am\u00e9ricaines contre des installations nucl\u00e9aires en Iran ont fait des bless\u00e9s, a indiqu\u00e9 dimanche le minist\u00e8re iranien de la Sant\u00e9, ajoutant qu&rsquo;aucun ne pr\u00e9sentait de signe de \u00ab\u00a0contamination radioactive\u00a0\u00bb.<\/p>\n<p>\u00ab\u00a0Aucun des bless\u00e9s transf\u00e9r\u00e9s vers (des centres m\u00e9dicaux) apr\u00e8s les attaques am\u00e9ricaines ne pr\u00e9sentait de signe de contamination radioactive\u00a0\u00bb, a \u00e9crit sur X le porte-parole du minist\u00e8re, Hossein Kermanpour, sans pr\u00e9ciser le nombre de personnes hospitalis\u00e9es.<\/p>\n<p>17:12<br class=\"jsx-494582681\"\/> 22 juin 2025PAS DE RISQUE RADIOLOGIQUE<\/p>\n<p>Chercheuse au centre d&rsquo;\u00e9tudes de s\u00e9curit\u00e9 de l&rsquo;IFRI, H\u00e9lo\u00efse Fayet a expliqu\u00e9 sur l&rsquo;antenne de LCI qu&rsquo;il n&rsquo;y avait \u00ab\u00a0aucun risque d&rsquo;explosion nucl\u00e9aire\u00a0\u00bb, ni \u00ab\u00a0aucun risque radiologique\u00a0\u00bb apr\u00e8s les op\u00e9rations militaires men\u00e9es par les \u00c9tats-Unis. Jusqu&rsquo;\u00e0 pr\u00e9sent, les frappes survenues en Iran n&rsquo;ont pas en effet pas vis\u00e9 de centrale nucl\u00e9aire ou de r\u00e9acteur.<\/p>\n<p>Pas de risque radiologique apr\u00e8s les frappes am\u00e9ricainesSource : TF1 Info<\/p>\n<p><img decoding=\"async\" src=\"https:\/\/www.europesays.com\/fr\/wp-content\/uploads\/2025\/06\/pas-de-risque-radiologique-apres-les-frappes-americaines-6abe7a-0@1x.jpeg\" alt=\"Pas de risque radiologique apr\u00e8s les frappes am\u00e9ricaines\" loading=\"lazy\" importance=\"low\" fetchpriority=\"low\" class=\"\"\/><img decoding=\"async\" src=\"https:\/\/www.tf1info.fr\/images\/icons\/player-logo-play.svg\" alt=\"Logo lecture\" class=\"jsx-d0de44c05fe3042c PlayerLazyload__Play\"\/>16:58<br class=\"jsx-494582681\"\/> 22 juin 2025LE PR\u00c9SIDENT IRANIEN SE REND DANS UNE MANIFESTATION<\/p>\n<p>Le pr\u00e9sident iranien Massoud Pezeshkian a particip\u00e9 dimanche \u00e0 une manifestation \u00e0 T\u00e9h\u00e9ran pour d\u00e9noncer les frappes am\u00e9ricaines men\u00e9es la nuit derni\u00e8re contre plusieurs sites nucl\u00e9aires en Iran, selon des images diffus\u00e9es par la t\u00e9l\u00e9vision d&rsquo;\u00c9tat. \u00ab\u00a0Revanche, revanche!\u00a0\u00bb, ont cri\u00e9 le poing lev\u00e9 des manifestants, tandis que le pr\u00e9sident iranien tentait de se frayer un chemin parmi la foule r\u00e9unie place Enghelab (R\u00e9volution), dans le centre de T\u00e9h\u00e9ran.\u00a0<\/p>\n<p>16:57<br class=\"jsx-494582681\"\/> 22 juin 2025R\u00c9UNION \u00c0 L&rsquo;ONU<\/p>\n<p>Le Conseil de s\u00e9curit\u00e9 de l&rsquo;ONU se r\u00e9unira en urgence dimanche apr\u00e8s-midi \u00e0 la suite des frappes am\u00e9ricaines en Iran, a annonc\u00e9 la mission du Guyana qui pr\u00e9side le Conseil en juin. Cette r\u00e9union pr\u00e9vue \u00e0 21 heures fran\u00e7aises sera la troisi\u00e8me du Conseil depuis le d\u00e9but de la guerre entre l&rsquo;Iran et Isra\u00ebl.<\/p>\n<p>16:41<br class=\"jsx-494582681\"\/> 22 juin 2025FRAPPES ISRA\u00c9LIENNES EN IRAN<\/p>\n<p>L&rsquo;arm\u00e9e isra\u00e9lienne a affirm\u00e9 avoir frapp\u00e9 dimanche \u00ab\u00a0des dizaines de cibles militaires\u00a0\u00bb en Iran dans quatre r\u00e9gions du pays, dont \u00ab\u00a0pour la premi\u00e8re fois\u00a0\u00bb celle de Yazd (centre). \u00ab\u00a0Une trentaine d&rsquo;avions de chasse de l&rsquo;arm\u00e9e de l&rsquo;air isra\u00e9lienne ont frapp\u00e9 des dizaines de cibles militaires en Iran\u00a0\u00bb, notamment un \u00ab\u00a0centre de commandement de missiles strat\u00e9giques\u00a0\u00bb de longue port\u00e9e dans le secteur de Yazd, a-t-elle d\u00e9clar\u00e9 dans un communiqu\u00e9, ajoutant avoir vis\u00e9 \u00ab\u00a0des lanceurs de missiles\u00a0\u00bb dans les r\u00e9gions d&rsquo;Ispahan (centre), Bouchehr (sud) et Ahvaz (sud-ouest).<\/p>\n<p>16:34<br class=\"jsx-494582681\"\/> 22 juin 2025UN MONDE \u00ab\u00a0PLUS S\u00dbR\u00a0\u00bb SELON WASHINGTON<\/p>\n<p>\u00ab\u00a0Le monde est plus s\u00fbr et stable qu&rsquo;il l&rsquo;\u00e9tait il y a 24 heures\u00a0\u00bb, a estim\u00e9 dimanche le chef de la diplomatie am\u00e9ricaine Marco Rubio, apr\u00e8s les frappes men\u00e9es par Washington contre trois sites nucl\u00e9aires iraniens.<\/p>\n<p>Lors d&rsquo;un entretien sur Fox News, M. Rubio a aussi accus\u00e9 l&rsquo;Iran d&rsquo;avoir lanc\u00e9 de \u00ab\u00a0fausses n\u00e9gociations\u00a0\u00bb avec les \u00c9tats-Unis en essayant de \u00ab\u00a0jouer\u00a0\u00bb avec le pr\u00e9sident Donald Trump avant les frappes am\u00e9ricaines.<\/p>\n<p>16:30<br class=\"jsx-494582681\"\/> 22 juin 2025LES R\u00c9PLIQUES IRANIENNES EN ISRA\u00cbL<\/p>\n<p>Les envoy\u00e9s sp\u00e9ciaux de LCI en Isra\u00ebl ont pu observer ce dimanche les d\u00e9g\u00e2ts caus\u00e9s par les missiles envoy\u00e9s par l&rsquo;Iran. Deux salves de missiles ont \u00e9t\u00e9 lanc\u00e9es par T\u00e9h\u00e9ran, blessant pr\u00e8s de 90 personnes c\u00f4t\u00e9 isra\u00e9lien. D&rsquo;autres attaques sont \u00e0 redouter, les autorit\u00e9s iraniennes estimant que les frappes am\u00e9ricaines de la nuit derni\u00e8res sont de nature \u00e0 causer un embrasement dans la r\u00e9gion.<\/p>\n<p>La riposte iranienne contre Isra\u00ebl a \u00e9t\u00e9 quasi imm\u00e9diateSource : TF1 Info<\/p>\n<p><img decoding=\"async\" src=\"https:\/\/www.europesays.com\/fr\/wp-content\/uploads\/2025\/06\/la-riposte-iranienne-contre-israel-a-ete-quasi-immediate-add349-0@1x.jpeg\" alt=\"La riposte iranienne contre Isra\u00ebl a \u00e9t\u00e9 quasi imm\u00e9diate\" loading=\"lazy\" importance=\"low\" fetchpriority=\"low\" class=\"\"\/><img decoding=\"async\" src=\"https:\/\/www.tf1info.fr\/images\/icons\/player-logo-play.svg\" alt=\"Logo lecture\" class=\"jsx-d0de44c05fe3042c PlayerLazyload__Play\"\/>16:03<br class=\"jsx-494582681\"\/> 22 juin 2025EN IRAN, LA QUESTION D&rsquo;UNE RIPOSTE SE POSE<\/p>\n<p>Le journaliste Siavosh Ghazi est intervenu en direct ce dimanche sur LCI, afin de partager la r\u00e9action des autorit\u00e9s iraniennes suite aux frappes des \u00c9tats-Unis. La question d&rsquo;une potentielle riposte est d\u00e9sormais pos\u00e9e, mais l&rsquo;Iran se garde bien pour l&rsquo;heure d&rsquo;\u00e9voquer les potentiels impacts sur son programme nucl\u00e9aire.<\/p>\n<p>Siavosh Ghazi partage la r\u00e9action des autorit\u00e9s iraniennesSource : TF1 Info<\/p>\n<p><img decoding=\"async\" src=\"https:\/\/www.europesays.com\/fr\/wp-content\/uploads\/2025\/06\/siavosh-ghazi-partage-la-reaction-des-autorites-iraniennes-8b8a9c-0@1x.jpeg\" alt=\"Siavosh Ghazi partage la r\u00e9action des autorit\u00e9s iraniennes\" loading=\"lazy\" importance=\"low\" fetchpriority=\"low\" class=\"\"\/><img decoding=\"async\" src=\"https:\/\/www.tf1info.fr\/images\/icons\/player-logo-play.svg\" alt=\"Logo lecture\" class=\"jsx-d0de44c05fe3042c PlayerLazyload__Play\"\/>15:55<br class=\"jsx-494582681\"\/> 22 juin 2025LES \u00c9TATS-UNIS NE S&rsquo;ESTIMENT PAS EN GUERRE<\/p>\n<p>Les \u00c9tats-Unis \u00ab\u00a0ne sont pas en guerre contre l&rsquo;Iran\u00a0\u00bb mais contre \u00ab\u00a0son programme nucl\u00e9aire\u00a0\u00bb, a d\u00e9clar\u00e9 le vice-pr\u00e9sident JD Vance au lendemain de frappes am\u00e9ricaines contre des sites nucl\u00e9aires iraniens.<\/p>\n<p>Avec ces frappes, \u00ab\u00a0le programme nucl\u00e9aire iranien a \u00e9t\u00e9 consid\u00e9rablement retard\u00e9\u00a0\u00bb, a ajout\u00e9 JD Vance sur la cha\u00eene am\u00e9ricaine ABC, parlant \u00ab\u00a0d&rsquo;ann\u00e9es ou plus\u00a0\u00bb et saluant la d\u00e9cision du pr\u00e9sident Donald Trump de bombarder l&rsquo;Iran.<\/p>\n<p>15:43<br class=\"jsx-494582681\"\/> 22 juin 202523 BLESSES EN ISRA\u00cbL<\/p>\n<p>Une organisation isra\u00e9lienne de premiers secours a annonc\u00e9 dimanche avoir pris en charge 23 bless\u00e9s apr\u00e8s des tirs de missiles depuis l&rsquo;Iran, tandis que la t\u00e9l\u00e9vision publique diffusait des images d&rsquo;importants d\u00e9g\u00e2ts \u00ab\u00a0dans le centre\u00a0\u00bb d&rsquo;Isra\u00ebl.<\/p>\n<p>Un total de 23 personnes ont \u00e9t\u00e9 bless\u00e9es dans tout le pays lors des attaques, dont \u00ab\u00a0deux dans un \u00e9tat mod\u00e9r\u00e9 et les autres l\u00e9g\u00e8rement bless\u00e9es\u00a0\u00bb, a affirm\u00e9 \u00e0 des journalistes Eli Bin, chef du Magen David Adom (MDA), l&rsquo;\u00e9quivalent isra\u00e9lien de la Croix-Rouge. Plus t\u00f4t dans la journ\u00e9e, ce service de secours avait fait \u00e9tat de 16 bless\u00e9s, alors que les op\u00e9rations se poursuivaient pour venir en aide aux victimes des frappes de la nuit.<\/p>\n<p>15:30<br class=\"jsx-494582681\"\/> 22 juin 2025EXECUTION EN IRAN<\/p>\n<p>Les autorit\u00e9s iraniennes ont ex\u00e9cut\u00e9 dimanche un homme condamn\u00e9 en tant qu&rsquo;agent du Mossad, le service de renseignement ext\u00e9rieur isra\u00e9lien, a annonc\u00e9 le pouvoir judiciaire, au dixi\u00e8me jour de la guerre entre les deux pays ennemis. \u00a0\u00ab\u00a0Majid Mosayebi a \u00e9t\u00e9 pendu ce matin apr\u00e8s le suivi de l&rsquo;ensemble de la proc\u00e9dure p\u00e9nale et apr\u00e8s que sa condamnation a \u00e9t\u00e9 confirm\u00e9e par la Cour supr\u00eame\u00a0\u00bb, a indiqu\u00e9 le site judiciaire iranien, Mizan, pr\u00e9cisant que l&rsquo;homme s&rsquo;\u00e9tait employ\u00e9 \u00e0 fournir des \u00ab\u00a0informations sensibles (&#8230;) au Mossad\u00a0\u00bb.\u00a0<\/p>\n<p>Les autorit\u00e9s iraniennes ont proc\u00e9d\u00e9 \u00e0 de nombreuses arrestations de personnes soup\u00e7onn\u00e9es d&rsquo;espionnage pour le compte d&rsquo;Isra\u00ebl depuis l&rsquo;attaque sans pr\u00e9c\u00e9dent lanc\u00e9e par ce dernier le 13 juin.\u00a0<\/p>\n<p>15:27<br class=\"jsx-494582681\"\/> 22 juin 2025SATISFACTION ISRA\u00c9LIENNE<\/p>\n<p>Le Premier ministre isra\u00e9lien a salu\u00e9 l&rsquo;attaque \u00ab\u00a0audacieuse\u00a0\u00bb men\u00e9e par Washington dans la nuit de samedi \u00e0 dimanche sur trois sites nucl\u00e9aires iraniens. Benyamin Netanyahou, dans un message vid\u00e9o enregistr\u00e9, a pr\u00e9cis\u00e9 que l&rsquo;action am\u00e9ricaine avait \u00e9t\u00e9 men\u00e9e en \u00ab\u00a0parfaite coordination\u00a0\u00bb avec Isra\u00ebl.<\/p>\n<p>International<img decoding=\"async\" src=\"https:\/\/www.europesays.com\/fr\/wp-content\/uploads\/2025\/06\/cap-jt-netanyahou-cd63ac-0@1x.jpeg\" alt=\"Frappes am\u00e9ricaines en Iran : Benyamin Netanyahou salue une attaque &quot;audacieuse&quot;\" loading=\"lazy\" importance=\"low\" fetchpriority=\"low\" class=\"\" aria-hidden=\"true\"\/>15:24<br class=\"jsx-494582681\"\/> 22 juin 2025UN PLAN AM\u00c9RICAIN MUREMENT PR\u00c9PAR\u00c9<\/p>\n<p>La correspondante de TF1\/LCI aux \u00c9tats-Unis Justine Jankowski est revenue en direct ce dimanche sur les derniers moments qui ont pr\u00e9c\u00e9d\u00e9 les frappes am\u00e9ricaines sur l&rsquo;Iran. Si les d\u00e9cisions prises par Donald Trump peuvent parfois para\u00eetre impr\u00e9visibles, cette action militaire est le r\u00e9sultat de plusieurs semaines, voire plusieurs mois de pr\u00e9paration.<\/p>\n<p>Un plan am\u00e9ricain pr\u00e9par\u00e9 depuis de longues semainesSource : TF1 Info<\/p>\n<p><img decoding=\"async\" src=\"https:\/\/www.europesays.com\/fr\/wp-content\/uploads\/2025\/06\/un-plan-americain-prepare-depuis-de-longues-semaines-c3dd46-0@1x.jpeg\" alt=\"Un plan am\u00e9ricain pr\u00e9par\u00e9 depuis de longues semaines\" loading=\"lazy\" importance=\"low\" fetchpriority=\"low\" class=\"\"\/><img decoding=\"async\" src=\"https:\/\/www.tf1info.fr\/images\/icons\/player-logo-play.svg\" alt=\"Logo lecture\" class=\"jsx-d0de44c05fe3042c PlayerLazyload__Play\"\/>15:09<br class=\"jsx-494582681\"\/> 22 juin 2025MACRON A \u00c9CHANG\u00c9 AVEC LE PR\u00c9SIDENT IRANIEN<\/p>\n<p>Le pr\u00e9sident de la R\u00e9publique a \u00e9chang\u00e9 par t\u00e9l\u00e9phone avec le pr\u00e9sident iranien Masoud Pezeshkian, indique l&rsquo;\u00c9lys\u00e9e. \u00ab\u00a0Il a r\u00e9it\u00e9r\u00e9 son appel \u00e0 la lib\u00e9ration imm\u00e9diate de nos deux otages, \u00e0 la d\u00e9sescalade et \u00e0 la reprise des discussions diplomatiques\u00a0\u00bb, indique la pr\u00e9sidence \u00e0 TF1-LCI. Des d\u00e9clarations relay\u00e9es par la suite sur son compte X.\u00a0<\/p>\n<blockquote data-testid=\"EmbedTwitter\" id=\"tweet-1936771823133249733-:Redh9iqb6ij9n79m:\" class=\"jsx-aeff1a1c40f54d7a twitter-tweet flex justify-center items-center\"><p>J\u2019ai \u00e9chang\u00e9 ce matin avec le Prince h\u00e9ritier d\u2019Arabie saoudite, le Sultan d\u2019Oman, le Pr\u00e9sident des \u00c9mirats arabes unis et l\u2019\u00c9mir du Qatar pour leur marquer notre solidarit\u00e9. Au Pr\u00e9sident iranien, j\u2019ai redit notre exigence :\u2026 \u2014 Emmanuel Macron (@EmmanuelMacron)  June 22, 2025<\/p><\/blockquote>\n<p>14:50<br class=\"jsx-494582681\"\/> 22 juin 2025&Prime;AUCUN DANGER\u00a0\u00bb<\/p>\n<p>Le porte-parole du gouvernement iranien assure qu&rsquo;il n&rsquo;y a \u00ab\u00a0aucun danger\u00a0\u00bb pr\u00e8s des sites nucl\u00e9aires attaqu\u00e9s. \u00ab\u00a0Il n&rsquo;y a aucun danger pour les habitants de nos zones nucl\u00e9aires. Les habitants de Natanz, Ispahan et Fordo peuvent continuer \u00e0 vivre normalement\u00a0\u00bb, a d\u00e9clar\u00e9 \u00e0 la t\u00e9l\u00e9vision d&rsquo;\u00c9tat Fatemeh Mohajerani.<\/p>\n<p>Voir plus<\/p>\n<p>14:46<br class=\"jsx-494582681\"\/> 22 juin 2025LE SAVOIR-FAIRE DE L&rsquo;IRAN \u00ab\u00a0NE PEUT \u00caTRE D\u00c9TRUIT\u00a0\u00bb<\/p>\n<p>L&rsquo;Iran affirme que son savoir-faire sur le nucl\u00e9aire \u00ab\u00a0ne peut \u00eatre d\u00e9truit\u00a0\u00bb. Les \u00c9tats-Unis \u00ab\u00a0doivent savoir que cette industrie (du nucl\u00e9aire) est ancr\u00e9e dans notre pays et que ses racines ne peuvent \u00eatre d\u00e9truites\u00a0\u00bb, a d\u00e9clar\u00e9 le porte-parole de l&rsquo;organisation iranienne du nucl\u00e9aire, Behrouz Kamalvandi, cit\u00e9 par l&rsquo;agence Tasnim. \u00ab\u00a0Bien s\u00fbr, nous avons subi des d\u00e9g\u00e2ts, mais ce n&rsquo;est pas une premi\u00e8re pour ce secteur.\u00a0\u00bb<\/p>\n<p>14:37<br class=\"jsx-494582681\"\/> 22 juin 2025RIPOSTE IRANIENNE<\/p>\n<p>Plusieurs dizaines de missiles ont \u00e9t\u00e9 lanc\u00e9s sur Isra\u00ebl ce dimanche, avec des explosions entendues \u00e0 Tel-Aviv. Au moins 20 personnes ont \u00e9t\u00e9 bless\u00e9es, et des immeubles d&rsquo;habitation ont \u00e9t\u00e9 enti\u00e8rement d\u00e9truits.<\/p>\n<p>International<img decoding=\"async\" src=\"https:\/\/www.europesays.com\/fr\/wp-content\/uploads\/2025\/06\/immeuble-detruit-par-une-frappe-iranienne-sur-tel-aviv-4a10ea-1@1x.jpeg\" alt=\"&quot;Vous entendez les bombardements ?&quot; : \u00e0 Tel Aviv, les habitants guettent les r\u00e9pliques iraniennes\" loading=\"lazy\" importance=\"low\" fetchpriority=\"low\" class=\"\" aria-hidden=\"true\"\/>14:24<br class=\"jsx-494582681\"\/> 22 juin 2025&Prime;UNE TR\u00c8S MAUVAISE ID\u00c9E DE S&rsquo;EN PRENDRE AUX FORCES AM\u00c9RICAINES\u00a0\u00bb<\/p>\n<p>\u00ab\u00a0Que ce soit en Irak, en Syrie, ou nos bases dans le Golfe, ce serait une tr\u00e8s mauvaise id\u00e9e pour l&rsquo;Iran de s&rsquo;en prendre \u00e0 nos forces\u00a0\u00bb, pr\u00e9vient le secr\u00e9taire d&rsquo;\u00c9tat am\u00e9ricain \u00e0 la D\u00e9fense Pete Hegseth. \u00ab\u00a0Nous sommes pr\u00eats \u00e0 faire ce qu&rsquo;il faut pour d\u00e9fendre nos troupes. Mais il faut qu&rsquo;il y ait une issue n\u00e9goci\u00e9e\u00a0\u00bb, ajoute-t-il, pr\u00e9cisant que les frappes am\u00e9ricaines contre l&rsquo;Iran ne visaient pas un changement de r\u00e9gime.<\/p>\n<p>14:18<br class=\"jsx-494582681\"\/> 22 juin 2025LE CHEF D&rsquo;\u00c9TAT-MAJOR \u00ab\u00a0FIER DU SECRET QUI A ENTOUR\u00c9 LES OP\u00c9RATIONS\u00a0\u00bb<\/p>\n<p>\u00ab\u00a0Cette op\u00e9ration montre les capacit\u00e9s sans \u00e9quivalent de l&rsquo;arm\u00e9e am\u00e9ricaine. Aucune autre arm\u00e9e dans le monde n&rsquo;aurait pu conduire cette op\u00e9ration\u00a0\u00bb, assure le G\u00e9n\u00e9ral Dan Caine, g\u00e9n\u00e9ral de l&rsquo;arm\u00e9e de l&rsquo;air am\u00e9ricaine. \u00ab\u00a0Je suis particuli\u00e8rement fier du secret qui a entour\u00e9 ces op\u00e9rations.\u00a0\u00bb<\/p>\n<p>14:15<br class=\"jsx-494582681\"\/> 22 juin 2025&Prime;LES TROIS SITES LARGEMENT D\u00c9TRUITS\u00a0\u00bb<\/p>\n<p>\u00ab\u00a0Selon nos informations, aucune munition n&rsquo;a \u00e9t\u00e9 tir\u00e9e sur nos forces\u00a0\u00bb, pr\u00e9cise le G\u00e9n\u00e9ral Dan Caine, g\u00e9n\u00e9ral de l&rsquo;arm\u00e9e de l&rsquo;air am\u00e9ricaine, qui pr\u00e9cise que sept bombardiers furtifs B-2 ont \u00e9t\u00e9 utilis\u00e9s dans les frappes contre l&rsquo;Iran. \u00ab\u00a0Les chasseurs iraniens n&rsquo;ont pas d\u00e9coll\u00e9. Tout au long de la mission, nous avons pu garder l&rsquo;effet de surprise.\u00a0\u00bb Sept bombes p\u00e9n\u00e9trantes ont \u00e9t\u00e9 employ\u00e9es. \u00ab\u00a0\u00c0 ce stade, il semble que les trois sites aient \u00e9t\u00e9 profond\u00e9ment d\u00e9grad\u00e9s et largement d\u00e9truits.\u00a0\u00bb<\/p>\n<p>14:12<br class=\"jsx-494582681\"\/> 22 juin 2025&Prime;L&rsquo;OBJECTIF \u00c9TAIT DE GARANTIR L&rsquo;EFFET DE SURPRISE\u00a0\u00bb<\/p>\n<p>\u00ab\u00a0Cette op\u00e9ration \u00e9tait complexe et risqu\u00e9e\u00a0\u00bb, affirme le G\u00e9n\u00e9ral Dan Caine, g\u00e9n\u00e9ral de l&rsquo;arm\u00e9e de l&rsquo;air am\u00e9ricaine. \u00ab\u00a0Elle avait pour but de d\u00e9grader s\u00e9v\u00e8rement les sites nucl\u00e9aires iraniens. \u00c0 minuit vendredi, un ensemble de bombardiers a d\u00e9coll\u00e9. L&rsquo;objectif \u00e9tait de garantir l&rsquo;effet de surprise dans le cadre d&rsquo;une op\u00e9ration de diversion, avec une communication minimum. (&#8230;) \u00c0 5h, hier soir, juste avant les frappes, un sous-marin am\u00e9ricain a lanc\u00e9 plus de 30 Tomahawk sur Ispahan.\u00a0\u00bb<\/p>\n<p>14:07<br class=\"jsx-494582681\"\/> 22 juin 2025&Prime;TOUTE RIPOSTE FERA L&rsquo;OBJET D&rsquo;UNE RIPOSTE ENCORE PLUS GRANDE\u00a0\u00bb<\/p>\n<p>\u00ab\u00a0Le pr\u00e9sident Trump a dit que toute riposte contre les \u00c9tats-Unis fera l&rsquo;objet d&rsquo;une riposte encore plus grande\u00a0\u00bb, pr\u00e9vient le secr\u00e9taire d&rsquo;\u00c9tat am\u00e9ricain \u00e0 la D\u00e9fense Pete Hegseth. \u00ab\u00a0Que l&rsquo;Iran s&rsquo;en tienne \u00e0 ces mots, car le pr\u00e9sident Trump est s\u00e9rieux. Les \u00c9tats-Unis ne cherchent pas \u00e0 entrer en guerre contre l&rsquo;Iran, mais nous riposterons si nos int\u00e9r\u00eats ou nos partenaires sont menac\u00e9s.\u00a0\u00bb<\/p>\n<p>14:05<br class=\"jsx-494582681\"\/> 22 juin 2025LE PENTAGONE VANTE \u00ab\u00a0UN SUCC\u00c8S \u00c9CRASANT\u00a0\u00bb<\/p>\n<p>\u00ab\u00a0Hier soir, sur l&rsquo;ordre du pr\u00e9sident Trump, nous avons men\u00e9 des frappes de pr\u00e9cision contre trois sites nucl\u00e9aires de l&rsquo;Iran\u00a0\u00bb, d\u00e9clare le secr\u00e9taire d&rsquo;\u00c9tat am\u00e9ricain \u00e0 la D\u00e9fense Pete Hegseth. \u00ab\u00a0Cela a \u00e9t\u00e9 un succ\u00e8s absolument \u00e9crasant. Nous avons d\u00e9vast\u00e9 le programme nucl\u00e9aire iranien. Les ambitions nucl\u00e9aires de l&rsquo;Iran ont \u00e9t\u00e9 annihil\u00e9es.\u00a0\u00bb<\/p>\n<p>13:56<br class=\"jsx-494582681\"\/> 22 juin 2025PRISE DE PAROLE AU PENTAGONE<\/p>\n<p>Le secr\u00e9taire d&rsquo;\u00c9tat am\u00e9ricain \u00e0 la D\u00e9fense Pete Hegseth tient un point presse \u00e0 14h (heure fran\u00e7aise). \u00c0 suivre en direct sur LCI (canal 15).<\/p>\n<p>13:54<br class=\"jsx-494582681\"\/> 22 juin 2025LE PR\u00c9SIDENT IRANIEN CONDAMNE \u00ab\u00a0L&rsquo;AGRESSION\u00a0\u00bb AM\u00c9RICAINE<\/p>\n<p>Le pr\u00e9sident iranien Massoud Pezeshkian condamne l'\u00a0\u00bbagression\u00a0\u00bb des \u00c9tats-Unis. \u00ab\u00a0Cette agression a montr\u00e9 que l&rsquo;Am\u00e9rique est le principal facteur derri\u00e8re les actions hostiles du r\u00e9gime sioniste contre la R\u00e9publique islamique d&rsquo;Iran\u00a0\u00bb, a-t-il d\u00e9clar\u00e9, ajoutant que les \u00c9tats-Unis \u00e9taient intervenus apr\u00e8s avoir constat\u00e9 \u00ab\u00a0l&rsquo;incapacit\u00e9 \u00e9vidente\u00a0\u00bb d&rsquo;Isra\u00ebl.<\/p>\n<p>13:45<br class=\"jsx-494582681\"\/> 22 juin 2025EXPLOSION MASSIVE<\/p>\n<p>Une explosion \u00ab\u00a0massive\u00a0\u00bb a \u00e9t\u00e9 entendue dans la province de Bouchehr, dans le sud de l&rsquo;Iran, qui abrite une centrale nucl\u00e9aire, indique le quotidien Shargh. Ce m\u00e9dia a ajout\u00e9 que deux endroits autour de la ville de Bouchehr avaient \u00e9t\u00e9 \u00ab\u00a0attaqu\u00e9s par le r\u00e9gime sioniste\u00a0\u00bb. Il a fait \u00e9tat d&rsquo;une autre explosion dans la province de Yazd, dans le centre du pays.\u00a0<\/p>\n<p>L&rsquo;Agence internationale de l&rsquo;\u00e9nergie atomique (AIEA) avait averti vendredi qu&rsquo;une attaque directe contre la centrale nucl\u00e9aire de Bouchehr aurait des cons\u00e9quences \u00ab\u00a0graves\u00a0\u00bb, pouvant rel\u00e2cher de grandes quantit\u00e9s de radiation dans l&rsquo;environnement.<\/p>\n<p>13:37<br class=\"jsx-494582681\"\/> 22 juin 2025&Prime;DES M\u00c9THODES DE CRIMINELS DE GUERRE\u00a0\u00bb<\/p>\n<p>En marge d&rsquo;une conf\u00e9rence \u00e0 Istanbul, le chef de la diplomatie iranienne a r\u00e9agi aux frappes am\u00e9ricaines. Abbas Araghchi estime que Donald Trump a \u00ab\u00a0trahi la diplomatie\u00a0\u00bb et employ\u00e9 des \u00ab\u00a0m\u00e9thodes de criminels de guerre\u00a0\u00bb. Il menace par ailleurs d&rsquo;une riposte pour d\u00e9fendre son peuple, en conformit\u00e9 avec la Charte des Nations Unies.<\/p>\n<p>International<img decoding=\"async\" src=\"https:\/\/www.europesays.com\/fr\/wp-content\/uploads\/2025\/06\/abbas-araghchi-76dda0-0@1x.jpeg\" alt=\"Le chef de la diplomatie iranienne Abbas Araghchi dimanche 22 juin 2025 \u00e0 Istanbul.\" loading=\"lazy\" importance=\"low\" fetchpriority=\"low\" class=\"\" aria-hidden=\"true\"\/>13:32<br class=\"jsx-494582681\"\/> 22 juin 2025LE R\u00c9CAP&rsquo; DES FAITS<\/p>\n<p>Il est 21h \u00e0 Washington lorsque Donald Trump annonce que des frappes am\u00e9ricaines ont atteint des sites nucl\u00e9aires en Iran. Le 13H de TF1 revient sur les derni\u00e8res heures.<\/p>\n<p>13H : Frappes am\u00e9ricaines et repr\u00e9sailles iraniennesSource : TF1 Info<\/p>\n<p><img decoding=\"async\" src=\"https:\/\/www.europesays.com\/fr\/wp-content\/uploads\/2025\/06\/13h-frappes-americaines-et-represailles-iraniennes-204fd5-0@1x.jpeg\" alt=\"13H : Frappes am\u00e9ricaines et repr\u00e9sailles iraniennes\" loading=\"lazy\" importance=\"low\" fetchpriority=\"low\" class=\"\"\/><img decoding=\"async\" src=\"https:\/\/www.tf1info.fr\/images\/icons\/player-logo-play.svg\" alt=\"Logo lecture\" class=\"jsx-d0de44c05fe3042c PlayerLazyload__Play\"\/>13:16<br class=\"jsx-494582681\"\/> 22 juin 2025AUCUNE VICTIME DANS LES FRAPPES AM\u00c9RICAINES<\/p>\n<p>Les frappes am\u00e9ricaines sur trois sites nucl\u00e9aires n&rsquo;ont fait aucune victime, indique le chef du Croissant-Rouge iranien, Pir Hossein Kolivand. \u00ab\u00a0Heureusement, il n&rsquo;y a pas eu de martyrs lors des \u00e9v\u00e9nements de la nuit derni\u00e8re de l&rsquo;agression am\u00e9ricaine contre les installations nucl\u00e9aires iraniennes\u00a0\u00bb, a-t-il d\u00e9clar\u00e9, selon la t\u00e9l\u00e9vision d&rsquo;\u00c9tat.<\/p>\n<p>13:14<br class=\"jsx-494582681\"\/> 22 juin 2025&Prime;CONDAMNATION\u00a0\u00bb DE LA CHINE<\/p>\n<p>Le minist\u00e8re chinois des Affaires \u00e9trang\u00e8res affirme que P\u00e9kin \u00ab\u00a0condamne fermement\u00a0\u00bb les frappes am\u00e9ricaines sur les installations nucl\u00e9aires en Iran, ajoutant qu&rsquo;elles \u00ab\u00a0conduisaient \u00e0 une escalade des tensions au Moyen-Orient\u00a0\u00bb. \u00ab\u00a0La Chine appelle toutes les parties impliqu\u00e9es dans le conflit, et tout particuli\u00e8rement Isra\u00ebl, \u00e0 un cessez-le-feu aussi vite que possible\u00a0\u00bb, a-t-il ajout\u00e9 dans un communiqu\u00e9.<\/p>\n<p>12:57<br class=\"jsx-494582681\"\/> 22 juin 2025LA FRANCE \u00ab\u00a0MET TOUT EN \u0152UVRE\u00a0\u00bb POUR LE D\u00c9PART DE SES RESSORTISSANTS<\/p>\n<p>Emmanuel Macron \u00ab\u00a0a \u00e9chang\u00e9 ce matin successivement avec le prince h\u00e9ritier d&rsquo;Arabie Saoudite et le sultan d&rsquo;Oman pour faire le point sur la situation au Moyen-Orient suite aux derni\u00e8res frappes intervenues en Iran\u00a0\u00bb, indique l&rsquo;\u00c9lys\u00e9e. \u00ab\u00a0Le Pr\u00e9sident entend poursuivre dans les prochaines heures ses contacts avec ses partenaires europ\u00e9ens et les leaders de la r\u00e9gion. Dans ce contexte escalatoire, le chef de l&rsquo;\u00c9tat a indiqu\u00e9 que la France mettait tout en \u0153uvre pour acc\u00e9l\u00e9rer le d\u00e9part de nos ressortissants qui le souhaitent, d&rsquo;Iran et d&rsquo;Isra\u00ebl.\u00a0\u00bb<\/p>\n<p>12:54<br class=\"jsx-494582681\"\/> 22 juin 2025MACRON VA R\u00c9UNIR UN CONSEIL DE D\u00c9FENSE<\/p>\n<p>Le pr\u00e9sident de la R\u00e9publique Emmanuel Macron r\u00e9unira un Conseil de d\u00e9fense ce dimanche soir, annonce l&rsquo;\u00c9lys\u00e9e. Il se tiendra \u00e0 19h30.<\/p>\n<p>12:46<br class=\"jsx-494582681\"\/> 22 juin 2025MOSCOU CONDAMNE LES FRAPPES AM\u00c9RICAINES<\/p>\n<p>Moscou condamne des frappes am\u00e9ricaines \u00ab\u00a0irresponsables\u00a0\u00bb contre l&rsquo;Iran,\u00a0indique la diplomatie russe. \u00ab\u00a0La d\u00e9cision irresponsable de mener des frappes de missiles et de bombes sur le territoire d&rsquo;un \u00c9tat souverain, quels que soient les arguments avanc\u00e9s, viole de mani\u00e8re flagrante le droit international\u00a0\u00bb, a d\u00e9clar\u00e9 la diplomatie russe dans un communiqu\u00e9.<\/p>\n<p>D&rsquo;apr\u00e8s l&rsquo;agence d&rsquo;\u00c9tat russe TASS cit\u00e9e par CNN, Vladimir Poutine n&rsquo;aurait pas l&rsquo;intention de parler pour le moment avec Donald Trump. Un coup de fil pourrait toutefois \u00eatre organis\u00e9 dans les prochaines heures entre les deux hommes.<\/p>\n<p>12:34<br class=\"jsx-494582681\"\/> 22 juin 2025LA TURQUIE \u00ab\u00a0PROFOND\u00c9MENT PR\u00c9OCCUP\u00c9E\u00a0\u00bb<\/p>\n<p>La Turquie s&rsquo;est dite \u00ab\u00a0profond\u00e9ment pr\u00e9occup\u00e9e\u00a0\u00bb dimanche par les \u00ab\u00a0cons\u00e9quence possibles\u00a0\u00bb des frappes am\u00e9ricaines contre des installations nucl\u00e9aires en Iran. \u00ab\u00a0La Turquie est profond\u00e9ment pr\u00e9occup\u00e9e par les cons\u00e9quences possibles de l&rsquo;attaque am\u00e9ricaine contre les installations nucl\u00e9aires de la R\u00e9publique islamique d&rsquo;Iran\u00a0\u00bb, a indiqu\u00e9 le minist\u00e8re turc des Affaires \u00e9trang\u00e8res dans un communiqu\u00e9.<\/p>\n<p>12:25<br class=\"jsx-494582681\"\/> 22 juin 2025\u00c9CHANGE PEZESHKIAN-MODI<\/p>\n<p>Le Premier ministre indien Narendra Modi, dont le pays d\u00e9tient l&rsquo;arme nucl\u00e9aire, indique avoir appel\u00e9 \u00e0 \u00ab\u00a0une d\u00e9sescalade imm\u00e9diate\u00a0\u00bb lors d&rsquo;un entretien t\u00e9l\u00e9phonique avec le pr\u00e9sident iranien Massoud Pezeshkian.<\/p>\n<p>\u00ab\u00a0Nous avons discut\u00e9 en d\u00e9tail de la situation\u00a0\u00bb, a \u00e9crit Narendra Modi sur X, en faisant part de sa \u00ab\u00a0profonde pr\u00e9occupation\u00a0\u00bb. Il a ajout\u00e9 avoir plaid\u00e9 pour \u00ab\u00a0la diplomatie et le dialogue comme voie \u00e0 suivre\u00a0\u00bb et a appel\u00e9 \u00e0 \u00ab\u00a0un r\u00e9tablissement rapide de la paix, de la s\u00e9curit\u00e9 et de la stabilit\u00e9 r\u00e9gionales\u00a0\u00bb.<\/p>\n<p>12:22<br class=\"jsx-494582681\"\/> 22 juin 2025&Prime;V\u00c9RIFICATION\u00a0\u00bb DES R\u00c9SULTATS DES FRAPPES AM\u00c9RICAINES<\/p>\n<p>L&rsquo;arm\u00e9e isra\u00e9lienne indique \u00ab\u00a0v\u00e9rifier\u00a0\u00bb les r\u00e9sultats des frappes am\u00e9ricaines sur Fordo. Interrog\u00e9 sur cette frappe et la possibilit\u00e9 que l&rsquo;uranium enrichi ait \u00e9t\u00e9 retir\u00e9 du site avant les frappes, le g\u00e9n\u00e9ral de brigade Effie Defrin, porte-parole de l&rsquo;arm\u00e9e isra\u00e9lienne, a r\u00e9pondu : \u00ab\u00a0nous v\u00e9rifions constamment la situation. Il est trop t\u00f4t pour se prononcer.\u00a0\u00bb<\/p>\n<p>12:18<br class=\"jsx-494582681\"\/> 22 juin 2025MESSAGE DU PAPE<\/p>\n<p>\u00ab\u00a0L&rsquo;humanit\u00e9 crie et r\u00e9clame la paix\u00a0\u00bb devant les \u00ab\u00a0nouvelles alarmantes en provenance du Moyen-Orient\u00a0\u00bb, lance le pape L\u00e9on XIV apr\u00e8s les frappes am\u00e9ricaines contre des sites n\u00e9vralgiques du programme nucl\u00e9aire iranien, en appelant la diplomatie \u00e0 \u00ab\u00a0faire taire les armes\u00a0\u00bb.<\/p>\n<p>\u00ab\u00a0Chaque membre de la communaut\u00e9 internationale a la responsabilit\u00e9 morale de mettre fin \u00e0 la trag\u00e9die de la guerre, avant qu&rsquo;elle ne devienne un gouffre sans fond\u00a0\u00bb, a-t-il d\u00e9clar\u00e9 au terme de la pri\u00e8re hebdomadaire de l&rsquo;Ang\u00e9lus, au Vatican.<\/p>\n<p>12:17<br class=\"jsx-494582681\"\/> 22 juin 2025&Prime;AUCUNE HAUSSE DES NIVEAUX DE RADIATION\u00a0\u00bb<\/p>\n<p>D&rsquo;apr\u00e8s l&rsquo;Agence internationale de l&rsquo;\u00e9nergie atomique (AIEA), les frappes am\u00e9ricaines n&rsquo;auraient pour l&rsquo;heure pas modifi\u00e9 le niveau de radiation dans la zone.<\/p>\n<p>International<img decoding=\"async\" src=\"https:\/\/www.europesays.com\/fr\/wp-content\/uploads\/2025\/06\/siege-aiea-autriche-vienne-juin-2025-7c50cc-0@1x.jpeg\" alt=\"Frappes am\u00e9ricaines en Iran : &quot;aucune hausse des niveaux de radiation&quot;, affirme l'AIEA avant une r\u00e9union d'urgence\" loading=\"lazy\" importance=\"low\" fetchpriority=\"low\" class=\"\" aria-hidden=\"true\"\/>12:05<br class=\"jsx-494582681\"\/> 22 juin 2025R\u00c9ACTIONS INTERNATIONALES<\/p>\n<p>L&rsquo;\u00c9gypte condamne une \u00ab\u00a0escalade\u00a0\u00bb aux \u00ab\u00a0dangereuses r\u00e9percussions\u00a0\u00bb sur la r\u00e9gion, tandis que les \u00c9mirats arabes unis appellent \u00e0 une \u00ab\u00a0d\u00e9sescalade imm\u00e9diate\u00a0\u00bb.<\/p>\n<p>12:03<br class=\"jsx-494582681\"\/> 22 juin 2025RENCONTRE ARAGHCHI-POUTINE<\/p>\n<p>Le chef de la diplomatie iranienne Abbas Araghchi annonce qu&rsquo;il va rencontrer le pr\u00e9sident russe Vladimir Poutine \u00e0 Moscou lundi. \u00ab\u00a0Je me rendrai \u00e0 Moscou cet apr\u00e8s-midi et (&#8230;) m\u00e8nerai des consultations s\u00e9rieuses avec le pr\u00e9sident russe demain\u00a0\u00bb, a-t-il d\u00e9clar\u00e9.<\/p>\n<p>12:01<br class=\"jsx-494582681\"\/> 22 juin 2025&Prime;ATTAQUE DIRECTE AVEC L&rsquo;IRAN\u00a0\u00bb<\/p>\n<p>\u00ab\u00a0Le r\u00e9gime iranien continue \u00e0 attaquer la population civile\u00a0\u00bb, d\u00e9nonce le porte-parole de l&rsquo;arm\u00e9e isra\u00e9lienne, qui s&rsquo;adresse aux Isra\u00e9liens : \u00ab\u00a0respectez les consignes\u00a0\u00bb. \u00ab\u00a0Nous sommes en attaque directe avec l&rsquo;Iran\u00a0\u00bb, poursuit-il. \u00ab\u00a0Nous avons des objectifs pr\u00e9cis pour enlever la menace vitale sur Isra\u00ebl. Nous allons continuer l&rsquo;op\u00e9ration jusqu&rsquo;\u00e0 l&rsquo;obtention de ces objectifs.\u00a0\u00bb<\/p>\n<p>11:57<br class=\"jsx-494582681\"\/> 22 juin 2025R\u00c9ACTION DE LA FRANCE<\/p>\n<p>Le ministre des Affaires \u00e9trang\u00e8res Jean-No\u00ebl Barrot r\u00e9agit pour la premi\u00e8re fois aux frappes am\u00e9ricaines de la nuit.\u00a0\u00ab\u00a0La France a pris connaissance avec pr\u00e9occupation des frappes men\u00e9es cette nuit par les \u00c9tats-Unis d&rsquo;Am\u00e9rique contre trois sites du programme nucl\u00e9aire iranien. Elle n&rsquo;a particip\u00e9 ni \u00e0 ces frappes ni \u00e0 leur planification\u00a0\u00bb, \u00e9crit-il. \u00ab\u00a0Elle exhorte les parties \u00e0 la retenue pour \u00e9viter toute escalade susceptible de conduire \u00e0 une extension du conflit.\u00a0\u00bb<\/p>\n<p>\u00a0<\/p>\n<p>\u00ab\u00a0Dans ce contexte, notre priorit\u00e9 est d&rsquo;assurer la s\u00e9curit\u00e9 de nos agents et de nos ressortissants, ainsi que celle de nos int\u00e9r\u00eats et partenaires dans la r\u00e9gion\u00a0\u00bb, poursuit le chef de la diplomatie fran\u00e7aise. \u00ab\u00a0La France a exprim\u00e9 \u00e0 plusieurs reprises sa tr\u00e8s ferme opposition \u00e0 ce que l&rsquo;Iran puisse acc\u00e9der \u00e0 l&rsquo;arme nucl\u00e9aire. La France est convaincue que le r\u00e8glement durable de cette question passe par une solution n\u00e9goci\u00e9e dans le cadre du Trait\u00e9 de non-prolif\u00e9ration sur les armes nucl\u00e9aires. Elle demeure pr\u00eate \u00e0 y contribuer en lien avec ses partenaires.\u00a0\u00bb<\/p>\n<blockquote data-testid=\"EmbedTwitter\" id=\"tweet-1936725256233709875-:Recr9kqb6ij9n79m:\" class=\"jsx-aeff1a1c40f54d7a twitter-tweet flex justify-center items-center\"><p>La France a pris connaissance avec pr\u00e9occupation des frappes men\u00e9es cette nuit par les Etats-Unis d\u2019Am\u00e9rique contre trois sites du programme nucl\u00e9aire iranien.  Elle n\u2019a particip\u00e9 ni \u00e0 ces frappes ni \u00e0 leur planification. Elle exhorte les parties \u00e0 la retenue pour \u00e9viter toute\u2026 \u2014 Jean-No\u00ebl Barrot (@jnbarrot)  June 22, 2025<\/p><\/blockquote>\n<p>11:39<br class=\"jsx-494582681\"\/> 22 juin 2025MENACE DES GARDIENS DE LA R\u00c9VOLUTION<\/p>\n<p>Les Gardiens de la R\u00e9volution iraniens menacent les \u00c9tats-Unis de \u00ab\u00a0ripostes regrettables\u00a0\u00bb.<\/p>\n<p>11:37<br class=\"jsx-494582681\"\/> 22 juin 2025&Prime;IL NOUS INCOMBE MAINTENANT DE RIPOSTER\u00a0\u00bb<\/p>\n<p>\u00ab\u00a0La porte de la diplomatie doit toujours rester ouverte\u00a0\u00bb, Abbas Araghtchi, ministre des Affaires \u00e9trang\u00e8res iranien. \u00ab\u00a0N\u00e9anmoins, \u00e0 l&rsquo;heure actuelle, ce n&rsquo;est pas le cas. Mon pays a \u00e9t\u00e9 attaqu\u00e9, agress\u00e9. Il nous incombe maintenant de riposter en nous fondant sur le droit l\u00e9gitime \u00e0 l&rsquo;auto-d\u00e9fense. Nous le ferons tant que cela sera n\u00e9cessaire.\u00a0\u00bb<\/p>\n<p>11:33<br class=\"jsx-494582681\"\/> 22 juin 2025&Prime;L&rsquo;IRAN SE R\u00c9SERVE TOUS LES DROITS DE D\u00c9FENDRE SA S\u00c9CURIT\u00c9\u00a0\u00bb<\/p>\n<p>\u00ab\u00a0Violence et bain de sang ont \u00e9t\u00e9 perp\u00e9tr\u00e9s\u00a0\u00bb, d\u00e9nonce Abbas Araghtchi, ministre des Affaires \u00e9trang\u00e8res iranien. \u00ab\u00a0Ce sont les \u00c9tats-Unis qui ont trahi la diplomatie en soutenant la volont\u00e9 isra\u00e9lienne de lancer une guerre d&rsquo;agression. L&rsquo;administration am\u00e9ricaine endosse des responsabilit\u00e9s et devra faire face aux r\u00e9percussions, notamment au droit \u00e0 l&rsquo;auto-d\u00e9fense, une riposte l\u00e9gitime. L&rsquo;Iran se r\u00e9serve tous les droits de d\u00e9fendre sa s\u00e9curit\u00e9 et son peuple.\u00a0\u00bb<\/p>\n<p>\u00ab\u00a0Il n&rsquo;y a pas de ligne rouge qu&rsquo;ils n&rsquo;aient pas franchie. Et la derni\u00e8re, et la plus p\u00e9rilleuse (&#8230;) hier soir. Ils ont franchi une ligne rouge majeure en attaquant des installations nucl\u00e9aires.\u00a0\u00bb<\/p>\n<p>11:28<br class=\"jsx-494582681\"\/> 22 juin 2025&Prime;UNE AGRESSION MILITAIRE BRUTALE DES \u00c9TATS-UNIS\u00a0\u00bb<\/p>\n<p>\u00ab\u00a0Nous sommes soudainement confront\u00e9s \u00e0 une agression perp\u00e9tr\u00e9e par les forces am\u00e9ricaines contre nos installations nucl\u00e9aires\u00a0\u00bb, d\u00e9clare Abbas Araghtchi, ministre des Affaires \u00e9trang\u00e8res iranien. \u00ab\u00a0La r\u00e9publique islamique d&rsquo;Iran condamne dans les termes les plus fermes l&rsquo;agression militaire brutale des \u00c9tats-Unis. C&rsquo;est une violation extr\u00eamement grave de la Charte des Nations Unies et du droit international. Nous continuons de d\u00e9fendre le territoire avec tous les moyens n\u00e9cessaires.\u00a0\u00bb<\/p>\n<p>Il appelle \u00e0 une r\u00e9union d&rsquo;urgence du Conseil de s\u00e9curit\u00e9 de l&rsquo;ONU afin de \u00ab\u00a0tenir responsable\u00a0\u00bb les \u00c9tats-Unis.<\/p>\n<p>11:15<br class=\"jsx-494582681\"\/> 22 juin 2025ESPACE A\u00c9RIEN ISRA\u00c9LIEN<\/p>\n<p>L&rsquo;espace a\u00e9rien isra\u00e9lien, ferm\u00e9 depuis le d\u00e9but de la journ\u00e9e, rouvrira \u00e0 11h GMT pour les vols de rapatriement (13h, heure fran\u00e7aise).<\/p>\n<p>11:11<br class=\"jsx-494582681\"\/> 22 juin 2025L&rsquo;OPPOSITION ISRA\u00c9LIENNE F\u00c9LICITE LES \u00c9TATS-UNIS<\/p>\n<p>\u00ab\u00a0Je souhaite adresser mes f\u00e9licitations au pr\u00e9sident Trump et \u00e0 la grande arm\u00e9e am\u00e9ricaine\u00a0\u00bb, d\u00e9clare Yair Lapid, ancien Premier ministre isra\u00e9lien et chef de l&rsquo;opposition. \u00ab\u00a0Le monde est plus s\u00fbr depuis les frappes de la nuit derni\u00e8re.\u00a0\u00bb<\/p>\n<p>11:06<br class=\"jsx-494582681\"\/> 22 juin 2025VON DER LEYEN : \u00ab\u00a0LES N\u00c9GOCIATIONS, SEUL ENDROIT O\u00d9 METTRE FIN \u00c0 CETTE CRISE\u00a0\u00bb<\/p>\n<p>\u00ab\u00a0L&rsquo;Iran ne doit jamais acqu\u00e9rir la bombe\u00a0\u00bb, mart\u00e8le sur X la pr\u00e9sidente de la Commission europ\u00e9enne, Ursula von der Leyen. \u00ab\u00a0Alors que les tensions au Moyen-Orient atteignent un nouveau sommet, la stabilit\u00e9 doit \u00eatre la priorit\u00e9. Et le respect du droit international est essentiel. Le moment est venu pour l&rsquo;Iran de s&rsquo;engager dans une solution diplomatique cr\u00e9dible. La table des n\u00e9gociations est le seul endroit o\u00f9 mettre fin \u00e0 cette crise.\u00a0\u00bb<\/p>\n<blockquote data-testid=\"EmbedTwitter\" id=\"tweet-1936709917261402478-:Red29kqb6ij9n79m:\" class=\"jsx-aeff1a1c40f54d7a twitter-tweet flex justify-center items-center\"><p>Iran must never acquire the bomb. With tensions in the Middle East at a new peak, stability must be the priority. And respect for international law is critical. Now is the moment for Iran to engage in a credible diplomatic solution. The negotiating table is the only place to\u2026 \u2014 Ursula von der Leyen (@vonderleyen)  June 22, 2025<\/p><\/blockquote>\n<p>10:56<br class=\"jsx-494582681\"\/> 22 juin 2025&Prime;EXPLOSION\u00a0\u00bb DE LA DIPLOMATIE<\/p>\n<p>L&rsquo;Iran affirme qu&rsquo;avec leurs frappes, les \u00c9tats-Unis ont d\u00e9cid\u00e9 de \u00ab\u00a0faire exploser\u00a0\u00bb la diplomatie.<\/p>\n<p>10:53<br class=\"jsx-494582681\"\/> 22 juin 2025L&rsquo;URANIUM DE FORDO D\u00c9PLAC\u00c9 ?<\/p>\n<p>Des images satellites montrent une file de camions le 19 juin dernier pr\u00e8s du site nucl\u00e9aire de Fordo, frapp\u00e9 dans la nuit par les \u00c9tats-Unis. L&rsquo;uranium ou les centrifugeuses ont-ils \u00e9t\u00e9 d\u00e9plac\u00e9s ?<\/p>\n<p>Iran : une file de camions pr\u00e8s du site de Fordo le 19 juinSource : TF1 Info<\/p>\n<p><img decoding=\"async\" src=\"https:\/\/www.europesays.com\/fr\/wp-content\/uploads\/2025\/06\/iran-une-file-de-camions-pres-du-site-de-fordo-le-19-juin-a3ea2b-0@1x.jpeg\" alt=\"Iran : une file de camions pr\u00e8s du site de Fordo le 19 juin\" loading=\"lazy\" importance=\"low\" fetchpriority=\"low\" class=\"\"\/><img decoding=\"async\" src=\"https:\/\/www.tf1info.fr\/images\/icons\/player-logo-play.svg\" alt=\"Logo lecture\" class=\"jsx-d0de44c05fe3042c PlayerLazyload__Play\"\/>10:40<br class=\"jsx-494582681\"\/> 22 juin 2025BOMBARDIERS AM\u00c9RICAINS<\/p>\n<p>Pour mener \u00e0 bien ses attaques de la nuit, l&rsquo;arm\u00e9e am\u00e9ricaine a utilis\u00e9 ses bombardiers furtifs B-2, les seuls \u00e0 pouvoir larguer la bombe GBU-57 : une ogive de 13 tonnes capable de s&rsquo;enfoncer \u00e0 des dizaines de m\u00e8tres de profondeur.<\/p>\n<p>International<img decoding=\"async\" src=\"https:\/\/www.europesays.com\/fr\/wp-content\/uploads\/2025\/06\/b-2-2202-ff3083-0@1x.jpeg\" alt=\"Que sait-on sur les B-2, ces bombardiers furtifs am\u00e9ricains qui ont frapp\u00e9 3 sites nucl\u00e9aires en Iran ?\" loading=\"lazy\" importance=\"low\" fetchpriority=\"low\" class=\"\" aria-hidden=\"true\"\/>10:31<br class=\"jsx-494582681\"\/> 22 juin 2025L&rsquo;ALLEMAGNE APPELLE L&rsquo;IRAN \u00c0 N\u00c9GOCIER<\/p>\n<p>L&rsquo;Allemagne exhorte l&rsquo;Iran \u00e0 reprendre les discussions avec les \u00c9tats-Unis apr\u00e8s les frappes am\u00e9ricaines sur des sites nucl\u00e9aires, estimant qu&rsquo;elles avaient \u00ab\u00a0endommag\u00e9 une grande partie du programme iranien\u00a0\u00bb.<\/p>\n<p>\u00ab\u00a0Le chancelier Friedrich Merz a r\u00e9it\u00e9r\u00e9 son appel \u00e0 l&rsquo;Iran pour qu&rsquo;il entame imm\u00e9diatement des n\u00e9gociations avec les \u00c9tats-Unis et Isra\u00ebl afin de parvenir \u00e0 une solution diplomatique au conflit\u00a0\u00bb, a d\u00e9clar\u00e9 dans un communiqu\u00e9 le porte-parole du gouvernement allemand, Stefan Kornelius, \u00e0 l&rsquo;issue d&rsquo;une r\u00e9union sur le sujet.<\/p>\n<p>10:30<br class=\"jsx-494582681\"\/> 22 juin 2025&Prime;CONS\u00c9QUENCES IRR\u00c9VERSIBLES\u00a0\u00bb<\/p>\n<p>Les frappes am\u00e9ricaines font peser la menace d&rsquo;une \u00ab\u00a0guerre aux cons\u00e9quences irr\u00e9versibles\u00a0\u00bb, avertit la Croix Rouge (CICR). \u00ab\u00a0L&rsquo;intensification et l&rsquo;extension des grandes op\u00e9rations militaires au Moyen-Orient risquent de plonger la r\u00e9gion &#8211; et le monde &#8211; dans une guerre aux cons\u00e9quences irr\u00e9versibles\u00a0\u00bb, a d\u00e9clar\u00e9 Mirjana Spoljaric, pr\u00e9sidente du CICR, dans un communiqu\u00e9.<\/p>\n<p>10:20<br class=\"jsx-494582681\"\/> 22 juin 2025LES IMAGES DES D\u00c9G\u00c2TS \u00c0 TEL-AVIV<\/p>\n<p>Les images des d\u00e9g\u00e2ts des missiles non-intercept\u00e9s lors de la riposte iranienne sur Isra\u00ebl.<\/p>\n<p>Isra\u00ebl : les images des d\u00e9g\u00e2ts d&rsquo;un missile iranienSource : TF1 Info<\/p>\n<p><img decoding=\"async\" src=\"https:\/\/www.europesays.com\/fr\/wp-content\/uploads\/2025\/06\/israel-les-images-des-degats-d-un-missile-iranien-db8614-0@1x.jpeg\" alt=\"Isra\u00ebl : les images des d\u00e9g\u00e2ts d'un missile iranien\" loading=\"lazy\" importance=\"low\" fetchpriority=\"low\" class=\"\"\/><img decoding=\"async\" src=\"https:\/\/www.tf1info.fr\/images\/icons\/player-logo-play.svg\" alt=\"Logo lecture\" class=\"jsx-d0de44c05fe3042c PlayerLazyload__Play\"\/>10:09<br class=\"jsx-494582681\"\/> 22 juin 2025BAHRE\u00cfN<\/p>\n<p>Bahre\u00efn, s\u00e9par\u00e9 de l&rsquo;Iran par le Golfe persique, demande \u00e0 la plupart de ses fonctionnaires de travailler \u00e0 domicile. \u00ab\u00a0\u00c9tant donn\u00e9 les circonstances r\u00e9gionales et les derniers d\u00e9veloppements, (&#8230;) un syst\u00e8me de travail \u00e0 distance sera activ\u00e9 dans les minist\u00e8res et les agences gouvernementales, avec une capacit\u00e9 de travail \u00e0 domicile de 70%\u00a0\u00bb, a annonc\u00e9 l&rsquo;agence de presse officielle, en affirmant que cette mesure serait en vigueur \u00ab\u00a0jusqu&rsquo;\u00e0 nouvel ordre\u00a0\u00bb.<\/p>\n<p>10:05<br class=\"jsx-494582681\"\/> 22 juin 2025R\u00c9ACTIONS INTERNATIONALES<\/p>\n<p>Voici les principales r\u00e9actions dans le monde aux frappes am\u00e9ricaines en Iran.<\/p>\n<p>International<img decoding=\"async\" src=\"https:\/\/www.europesays.com\/fr\/wp-content\/uploads\/2025\/06\/ursula-von-der-leyen-ouzbekistan-3-avril-2025-69637c-0@1x.jpeg\" alt=\"La pr\u00e9sidente de la Commission europ\u00e9enne Ursula von der Leyen  lors d'un d\u00e9placement en Ouzb\u00e9kistan le 3 avril 2025.\" loading=\"lazy\" importance=\"low\" fetchpriority=\"low\" class=\"\" aria-hidden=\"true\"\/>09:54<br class=\"jsx-494582681\"\/> 22 juin 2025R\u00c9ACTION DU QATAR<\/p>\n<p>Le Qatar met en garde contre des \u00ab\u00a0cons\u00e9quences catastrophiques\u00a0\u00bb apr\u00e8s les frappes am\u00e9ricaines sur l&rsquo;Iran. \u00ab\u00a0L&rsquo;escalade dangereuse actuelle dans la r\u00e9gion peut entra\u00eener des cons\u00e9quences catastrophiques tant au niveau r\u00e9gional qu&rsquo;international\u00a0\u00bb, a affirm\u00e9 le minist\u00e8re qatari des Affaires \u00e9trang\u00e8res, appelant \u00ab\u00a0toutes les parties \u00e0 faire preuve de sagesse, de retenue et \u00e0 \u00e9viter toute nouvelle escalade.\u00a0\u00bb<\/p>\n<p>09:50<br class=\"jsx-494582681\"\/> 22 juin 2025CE QU&rsquo;IL FAUT RETENIR<\/p>\n<p>Voici les principales informations \u00e0 retenir ce dimanche :<\/p>\n<ul>\n<li>C&rsquo;est le fait majeur apr\u00e8s dix jours de guerre entre Isra\u00ebl et l&rsquo;Iran :<strong> les \u00c9tats-Unis ont frapp\u00e9 trois sites nucl\u00e9aires iraniens dans la nuit<\/strong>. D&rsquo;apr\u00e8s Donald Trump, qui s&rsquo;est exprim\u00e9 peu apr\u00e8s, les installations d&rsquo;enrichissement nucl\u00e9aire de T\u00e9h\u00e9ran ont \u00e9t\u00e9 \u00ab\u00a0totalement d\u00e9truites\u00a0\u00bb.<\/li>\n<li>Ces <strong>attaques am\u00e9ricaines \u00ab\u00a0auront des cons\u00e9quences \u00e9ternelles\u00a0\u00bb<\/strong>, a averti le ministre iranien des Affaires \u00e9trang\u00e8res Abbas Araghchi, affirmant que l&rsquo;Iran se r\u00e9servait \u00ab\u00a0toutes les options pour d\u00e9fendre sa souverainet\u00e9, ses int\u00e9r\u00eats et son peuple\u00a0\u00bb.<\/li>\n<li>L&rsquo;Iran a ripost\u00e9 ce dimanche matin, envoyant <strong>plusieurs salves de missiles sur l&rsquo;\u00c9tat h\u00e9breu<\/strong>. De fortes explosions ont \u00e9t\u00e9 entendues en Isra\u00ebl, dix impacts ont \u00e9t\u00e9 recens\u00e9s. <strong>Au moins 23 personnes ont \u00e9t\u00e9 bless\u00e9es<\/strong>, selon des sources isra\u00e9liennes \u00e0 TF1-LCI.<\/li>\n<li><strong>\u00ab\u00a0Aucune hausse des niveaux de radiation<\/strong> n&rsquo;a \u00e9t\u00e9 signal\u00e9e\u00a0\u00bb aux abords des trois sites nucl\u00e9aires iraniens vis\u00e9s par les frappes, <a href=\"https:\/\/www.tf1info.fr\/international\/frappes-americaines-en-iran-aucune-hausse-des-niveaux-de-radiation-affirme-l-aiea-avant-une-reunion-d-urgence-2378431.html\" target=\"_blank\" rel=\"noopener\">selon l&rsquo;Agence internationale de l&rsquo;\u00e9nergie atomique<\/a>, qui tiendra une r\u00e9union d&rsquo;urgence lundi.<\/li>\n<li><strong>L&rsquo;arm\u00e9e isra\u00e9lienne poursuit ses frappes<\/strong> ce dimanche matin dans l&rsquo;ouest de l&rsquo;Iran.<\/li>\n<\/ul>\n<p>International<img decoding=\"async\" src=\"https:\/\/www.europesays.com\/fr\/wp-content\/uploads\/2025\/06\/trump-decla-illus-afp-16d8bf-0@1x.jpeg\" alt=\"Donald Trump, le 22 juin 2025.\" loading=\"lazy\" importance=\"low\" fetchpriority=\"low\" class=\"\" aria-hidden=\"true\"\/>09:44<br class=\"jsx-494582681\"\/> 22 juin 2025&Prime;D\u00c9CLARATION DE GUERRE\u00a0\u00bb<\/p>\n<p>Les Houthis du Y\u00e9men consid\u00e8rent les frappes am\u00e9ricaines comme une \u00ab\u00a0d\u00e9claration de guerre\u00a0\u00bb contre le peuple iranien. \u00ab\u00a0L&rsquo;agression de l&rsquo;administration imprudente de Trump contre trois sites nucl\u00e9aires iraniens est une d\u00e9claration de guerre flagrante contre le peuple fr\u00e8re iranien\u00a0\u00bb, a d\u00e9clar\u00e9 le gouvernement houthi dans un communiqu\u00e9, en ajoutant que ses forces arm\u00e9es \u00e9taient pr\u00eates \u00ab\u00a0\u00e0 cibler les navires et les b\u00e2timents am\u00e9ricains en mer Rouge\u00a0\u00bb.<\/p>\n<p>09:33<br class=\"jsx-494582681\"\/> 22 juin 2025L&rsquo;UE EXHORTE \u00ab\u00a0\u00c0 FAIRE UN PAS EN ARRI\u00c8RE\u00a0\u00bb<\/p>\n<p>La cheffe de la diplomatie de l&rsquo;Union europ\u00e9enne, Kaja Kallas, appelle \u00e0 une d\u00e9sescalade et \u00e0 un retour aux n\u00e9gociations. \u00ab\u00a0J&rsquo;exhorte toutes les parties \u00e0 faire un pas en arri\u00e8re, \u00e0 revenir \u00e0 la table des n\u00e9gociations et \u00e0 \u00e9viter toute escalade suppl\u00e9mentaire\u00a0\u00bb, a-t-elle \u00e9crit, ajoutant que l&rsquo;Iran ne doit pas d\u00e9velopper l&rsquo;arme nucl\u00e9aire et que les ministres des Affaires \u00e9trang\u00e8res de l&rsquo;UE discuteront de la situation lundi.<\/p>\n<p>09:30<br class=\"jsx-494582681\"\/> 22 juin 2025&Prime;R\u00c9UNION D&rsquo;URGENCE\u00a0\u00bb DE L&rsquo;AIEA LUNDI<\/p>\n<p>Le chef de l&rsquo;Agence internationale de l&rsquo;\u00e9nergie atomique Rafael Grossi annonce une \u00ab\u00a0r\u00e9union d&rsquo;urgence\u00a0\u00bb ce lundi apr\u00e8s les frappes am\u00e9ricaines. \u00ab\u00a0Compte tenu de la situation urgente en Iran, je convoque une r\u00e9union d&rsquo;urgence du Conseil des gouverneurs pour demain\u00a0\u00bb, a-t-il \u00e9crit.<\/p>\n<p>09:25<br class=\"jsx-494582681\"\/> 22 juin 2025&Prime;VIOLATION GRAVE DU DROIT INTERNATIONAL\u00a0\u00bb<\/p>\n<p>Oman, qui joue le r\u00f4le de m\u00e9diateur entre les \u00c9tats-Unis et l&rsquo;Iran dans les discussions sur le nucl\u00e9aire, condamne les frappes am\u00e9ricaines contre des installations nucl\u00e9aires en Iran, en appelant \u00e0 la d\u00e9sescalade. Le sultanat condamne \u00ab\u00a0cette agression ill\u00e9gale\u00a0\u00bb et appelle \u00e0 \u00ab\u00a0une d\u00e9sescalade imm\u00e9diate\u00a0\u00bb, a affirm\u00e9 un porte-parole du minist\u00e8re omanais des Affaires \u00e9trang\u00e8res, cit\u00e9 par l&rsquo;agence de presse officielle, ajoutant que \u00ab\u00a0l&rsquo;action entreprise par les \u00c9tats-Unis menace d&rsquo;\u00e9largir l&rsquo;\u00e9tendue de la guerre et constitue une violation grave du droit international\u00a0\u00bb.<\/p>\n<p>09:22<br class=\"jsx-494582681\"\/> 22 juin 2025HA\u00cfFA<\/p>\n<p>D&rsquo;apr\u00e8s un habitant d&rsquo;Ha\u00effa \u00e0 LCI, les sir\u00e8nes d&rsquo;alerte n&rsquo;ont pas retenti dans la ville apr\u00e8s les tirs de missiles iraniens. \u00ab\u00a0C&rsquo;est anormal, il aurait d\u00fb y avoir une alerte, les gens \u00e9taient en panique\u00a0\u00bb, d\u00e9plore-t-il. Selon David Benaym, correspondant TF1-LCI en Isra\u00ebl, les alarmes n&rsquo;ont pas \u00e9t\u00e9 d\u00e9clench\u00e9es puisqu&rsquo;aucun missile iranien n&rsquo;\u00e9tait destin\u00e9 \u00e0 atteindre Ha\u00effa : les d\u00e9g\u00e2ts proviennent d&rsquo;un intercepteur qui a \u00e9chou\u00e9 dans sa mission.<\/p>\n<p>09:08<br class=\"jsx-494582681\"\/> 22 juin 2025PREMI\u00c8RES IMAGES DE FORDO<\/p>\n<p>D\u00e9couvrez les premi\u00e8res images de l&rsquo;explosion dans l&rsquo;usine d&rsquo;enrichissement d&rsquo;uranium de Fordo, en Iran, apr\u00e8s les frappes am\u00e9ricaines.<\/p>\n<p>Iran : premi\u00e8re image de l&rsquo;explosion \u00e0 Fordo apr\u00e8s les frappes am\u00e9ricainesSource : TF1 Info<\/p>\n<p><img decoding=\"async\" src=\"https:\/\/www.europesays.com\/fr\/wp-content\/uploads\/2025\/06\/iran-premiere-image-de-l-explosion-a-fordo-apres-les-frappes-americaines-0993ad-0@1x.jpeg\" alt=\"Iran : premi\u00e8re image de l'explosion \u00e0 Fordo apr\u00e8s les frappes am\u00e9ricaines\" loading=\"lazy\" importance=\"low\" fetchpriority=\"low\" class=\"\"\/><img decoding=\"async\" src=\"https:\/\/www.tf1info.fr\/images\/icons\/player-logo-play.svg\" alt=\"Logo lecture\" class=\"jsx-d0de44c05fe3042c PlayerLazyload__Play\"\/><\/p>\n<p>Voir plus<\/p>\n<p>09:05<br class=\"jsx-494582681\"\/> 22 juin 2025&Prime;GRANDE PR\u00c9OCCUPATION\u00a0\u00bb DE L&rsquo;ARABIE SAOUDITE<\/p>\n<p>L&rsquo;Arabie saoudite exprime sa \u00ab\u00a0grande pr\u00e9occupation\u00a0\u00bb apr\u00e8s les frappes am\u00e9ricaines contre l&rsquo;Iran. Le royaume \u00ab\u00a0suit avec une grande pr\u00e9occupation les d\u00e9veloppements en R\u00e9publique islamique d&rsquo;Iran, avec le ciblage des installations nucl\u00e9aires iraniennes par les \u00c9tats-Unis\u00a0\u00bb, a affirm\u00e9 le minist\u00e8re saoudien des Affaires \u00e9trang\u00e8res dans un communiqu\u00e9.<\/p>\n<p>08:59<br class=\"jsx-494582681\"\/> 22 juin 2025POUR L&rsquo;IRAN, LES \u00c9TATS-UNIS \u00ab\u00a0NE RESPECTENT AUCUN PRINCIPE\u00a0\u00bb<\/p>\n<p>Le minist\u00e8re iranien des Affaires \u00e9trang\u00e8res estime que les frappes am\u00e9ricaines sur des sites nucl\u00e9aires iraniens d\u00e9montraient que les \u00c9tats-Unis ne reculeraient devant \u00ab\u00a0aucun crime\u00a0\u00bb pour soutenir Isra\u00ebl dans sa guerre contre l&rsquo;Iran.<\/p>\n<p>\u00ab\u00a0Il est d\u00e9sormais tout \u00e0 fait clair pour tout le monde que le r\u00e9gime qui b\u00e9n\u00e9ficie d&rsquo;un statut de membre permanent au Conseil de s\u00e9curit\u00e9 ne respecte aucun principe ni aucune morale et ne recule devant aucune ill\u00e9galit\u00e9 ni aucun crime pour servir les objectifs d&rsquo;un r\u00e9gime d&rsquo;occupation g\u00e9nocidaire\u00a0\u00bb, a d\u00e9clar\u00e9 le minist\u00e8re dans un communiqu\u00e9 de presse, se r\u00e9f\u00e9rant aux \u00c9tats-Unis puis \u00e0 Isra\u00ebl.<\/p>\n<p>08:53<br class=\"jsx-494582681\"\/> 22 juin 2025KEIR STARMER : \u00ab\u00a0LES \u00c9TATS-UNIS ONT PRIS DES MESURES POUR ATT\u00c9NUER LA MENACE\u00a0\u00bb<\/p>\n<p>Le Premier ministre britannique Keir Starmer est l&rsquo;un des premiers dirigeants \u00e0 r\u00e9agir aux frappes am\u00e9ricaines en Iran. \u00ab\u00a0Le programme nucl\u00e9aire iranien constitue une grave menace pour la s\u00e9curit\u00e9 internationale. L&rsquo;Iran ne saurait \u00eatre autoris\u00e9 \u00e0 d\u00e9velopper l&rsquo;arme nucl\u00e9aire, et les \u00c9tats-Unis ont pris des mesures pour att\u00e9nuer cette menace\u00a0\u00bb, a-t-il \u00e9crit sur X, appelant l&rsquo;Iran \u00ab\u00a0\u00e0 revenir \u00e0 la table des n\u00e9gociations.\u00a0\u00bb<\/p>\n<blockquote data-testid=\"EmbedTwitter\" id=\"tweet-1936675855675035868-:Rec39mqb6ij9n79m:\" class=\"jsx-aeff1a1c40f54d7a twitter-tweet flex justify-center items-center\"><p>Iran\u2019s nuclear programme is a grave threat to international security. Iran can never be allowed to develop a nuclear weapon and the US has taken action to alleviate that threat. The situation in the Middle East remains volatile and stability in the region is a priority. We call\u2026 \u2014 Keir Starmer (@Keir_Starmer)  June 22, 2025<\/p><\/blockquote>\n<p>08:50<br class=\"jsx-494582681\"\/> 22 juin 2025R\u00c9ACTION DE NETANYAHOU<\/p>\n<p>Le Premier ministre isra\u00e9lien Benyamin Netanyahou a salu\u00e9 l&rsquo;attaque \u00ab\u00a0audacieuse\u00a0\u00bb men\u00e9e par Washington. Il a pr\u00e9cis\u00e9 que l&rsquo;action am\u00e9ricaine avait \u00e9t\u00e9 men\u00e9e en \u00ab\u00a0parfaite coordination\u00a0\u00bb avec Isra\u00ebl.<\/p>\n<p>International<img decoding=\"async\" src=\"https:\/\/www.europesays.com\/fr\/wp-content\/uploads\/2025\/06\/cap-jt-netanyahou-cd63ac-0@1x.jpeg\" alt=\"Frappes am\u00e9ricaines en Iran : Benyamin Netanyahou salue une attaque &quot;audacieuse&quot;\" loading=\"lazy\" importance=\"low\" fetchpriority=\"low\" class=\"\" aria-hidden=\"true\"\/>08:42<br class=\"jsx-494582681\"\/> 22 juin 2025DES LANCEURS DE MISSILES IRANIENS FRAPP\u00c9S PAR ISRA\u00cbL<\/p>\n<p>L&rsquo;arm\u00e9e de l&rsquo;air isra\u00e9lienne \u00ab\u00a0a entam\u00e9 une s\u00e9rie de frappes contre des cibles militaires dans l&rsquo;ouest de l&rsquo;Iran\u00a0\u00bb, indique un communiqu\u00e9 militaire. \u00ab\u00a0Ce matin, elle a \u00e9galement frapp\u00e9 des lanceurs de missiles pr\u00eats \u00e0 tirer sur le territoire isra\u00e9lien, ainsi que des soldats des forces arm\u00e9es iraniennes, et a rapidement neutralis\u00e9 les lanceurs qui avaient tir\u00e9 des missiles vers Isra\u00ebl peu auparavant.\u00a0\u00bb<\/p>\n<p>08:41<br class=\"jsx-494582681\"\/> 22 juin 2025RESTRICTIONS<\/p>\n<p>Tout rassemblement, \u00ab\u00a0y compris les activit\u00e9s culturelles, sportives et \u00e9ducatives\u00a0\u00bb, est interdit en Isra\u00ebl tout au long de la journ\u00e9e. Les \u00e9tablissements scolaires sont ferm\u00e9s jusqu&rsquo;\u00e0 nouvel ordre, tandis que l&rsquo;acc\u00e8s aux lieux de travail non \u00ab\u00a0essentiels \u00e0 la continuit\u00e9 du pays\u00a0\u00bb est interdit.<\/p>\n<blockquote data-testid=\"EmbedTwitter\" id=\"tweet-1936656428082593897-:Rec69mqb6ij9n79m:\" class=\"jsx-aeff1a1c40f54d7a twitter-tweet flex justify-center items-center\"><p>\u26a0\ufe0f Les autorit\u00e9s isra\u00e9liennes ont renforc\u00e9 leurs consignes de s\u00e9curit\u00e9, valables pour l\u2019ensemble du territoire isra\u00e9lien.  \ud83d\udd52 P\u00e9riode d&rsquo;application : du 22 juin \u00e0 03h00 au 23 juin \u00e0 08h00 \u274c Interdiction de tout rassemblement, y compris les activit\u00e9s culturelles, sportives et\u2026  pic.twitter.com\/Ghce3z1Cty \u2014 La France en Isra\u00ebl (@franceenisrael)  June 22, 2025<\/p><\/blockquote>\n<p>08:11<br class=\"jsx-494582681\"\/> 22 juin 2025L&rsquo;IRAK CONDAMNE UNE \u00ab\u00a0ESCALADE MILITAIRE\u00a0\u00bb<\/p>\n<p>Apr\u00e8s les frappes am\u00e9ricaines en Iran, l&rsquo;Irak condamne une \u00ab\u00a0escalade militaire\u00a0\u00bb qui \u00ab\u00a0menace la paix au Moyen-Orient\u00a0\u00bb.<\/p>\n<p>\u00ab\u00a0Les solutions militaires ne peuvent se substituer au dialogue et \u00e0 la diplomatie\u00a0\u00bb, a plaid\u00e9 dans un communiqu\u00e9 le porte-parole du gouvernement Bassem Alawadi pr\u00e9cisant que la poursuite des frappes \u00ab\u00a0conduirait \u00e0 une escalade dangereuse dont les r\u00e9percussions d\u00e9passeront les fronti\u00e8res de tout \u00c9tat\u00a0\u00bb.<\/p>\n<p>08:10<br class=\"jsx-494582681\"\/> 22 juin 2025CE QU&rsquo;IL FAUT RETENIR<\/p>\n<p>Voici les principales informations \u00e0 retenir ce dimanche :<\/p>\n<ul>\n<li>C&rsquo;est le fait majeur apr\u00e8s dix jours de guerre entre Isra\u00ebl et l&rsquo;Iran : <strong>les \u00c9tats-Unis ont frapp\u00e9 trois sites nucl\u00e9aires iraniens<\/strong> dans la nuit. D&rsquo;apr\u00e8s Donald Trump, <a href=\"https:\/\/www.tf1info.fr\/international\/video-discours-une-attaque-tres-reussie-ecoutez-l-allocution-de-donald-trump-apres-les-frappes-americaines-en-iran-2378420.html\" target=\"_blank\" rel=\"noopener\">qui s&rsquo;est exprim\u00e9 peu apr\u00e8s<\/a>, les installations d&rsquo;enrichissement nucl\u00e9aire de T\u00e9h\u00e9ran ont \u00e9t\u00e9 \u00ab\u00a0totalement d\u00e9truites\u00a0\u00bb.<\/li>\n<li>Ces <strong>attaques am\u00e9ricaines \u00ab\u00a0auront des cons\u00e9quences \u00e9ternelles\u00a0\u00bb<\/strong>, a averti le ministre iranien des Affaires \u00e9trang\u00e8res Abbas Araghchi, affirmant que l&rsquo;Iran se r\u00e9servait \u00ab\u00a0toutes les options pour d\u00e9fendre sa souverainet\u00e9, ses int\u00e9r\u00eats et son peuple\u00a0\u00bb.<\/li>\n<li>L&rsquo;Iran a ripost\u00e9 ce dimanche matin, envoyant <strong>plusieurs salves de missiles sur l&rsquo;\u00c9tat h\u00e9breu<\/strong>. De fortes explosions ont \u00e9t\u00e9 entendues en Isra\u00ebl, dix impacts ont \u00e9t\u00e9 recens\u00e9s. <strong>Au moins 23 personnes ont \u00e9t\u00e9 bless\u00e9es<\/strong>, selon des sources isra\u00e9liennes \u00e0 TF1-LCI.<\/li>\n<li>\u00ab\u00a0Aucune hausse des niveaux de radiation n&rsquo;a \u00e9t\u00e9 signal\u00e9e\u00a0\u00bb aux abords des trois sites nucl\u00e9aires iraniens vis\u00e9s par les frappes a\u00e9riennes am\u00e9ricaines, selon l&rsquo;Agence internationale de l&rsquo;\u00e9nergie atomique. Pas d&rsquo;effet radioactif d\u00e9tect\u00e9 non plus dans les pays du Golfe.<\/li>\n<li>L&rsquo;arm\u00e9e isra\u00e9lienne poursuit ce dimanche matin ses frappes dans l&rsquo;ouest de l&rsquo;Iran.<\/li>\n<\/ul>\n<p>08:00<br class=\"jsx-494582681\"\/> 22 juin 2025D\u00c9CLARATION DU PR\u00c9SIDENT ISRA\u00c9LIEN<\/p>\n<p>Le pr\u00e9sident isra\u00e9lien Isaac Herzog remercie les \u00c9tats-Unis apr\u00e8s l&rsquo;attaque am\u00e9ricaine de la nuit sur trois centres du programme nucl\u00e9aire iranien. \u00ab\u00a0Cette d\u00e9cision courageuse b\u00e9n\u00e9ficie \u00e0 la s\u00e9curit\u00e9 et \u00e0 la s\u00fbret\u00e9 du monde libre tout entier [et] j&rsquo;esp\u00e8re qu&rsquo;elle conduira \u00e0 un meilleur avenir pour le Moyen-Orient et [contribuera] \u00e0 la lib\u00e9ration, urgente, de nos otages en captivit\u00e9 \u00e0 Gaza\u00a0\u00bb, d\u00e9clare-t-il.<\/p>\n<p>07:57<br class=\"jsx-494582681\"\/> 22 juin 2025NOUVELLES FRAPPES ISRA\u00c9LIENNES<\/p>\n<p>L&rsquo;arm\u00e9e isra\u00e9lienne a annonc\u00e9 dimanche matin une nouvelle s\u00e9rie de frappes dans l&rsquo;ouest de l&rsquo;Iran, peu apr\u00e8s des tirs de missiles de la R\u00e9publique islamique vers Isra\u00ebl \u00e0 la suite \u00e0 des attaques am\u00e9ricaines de la nuit sur des centres du programme nucl\u00e9aire iranien. L&rsquo;arm\u00e9e de l&rsquo;Air \u00ab\u00a0a entam\u00e9 une s\u00e9rie de frappes contre des cibles militaires dans l&rsquo;ouest de l&rsquo;Iran\u00a0\u00bb, indique un communiqu\u00e9 militaire.\u00a0<\/p>\n<p>07:56<br class=\"jsx-494582681\"\/> 22 juin 2025L&rsquo;IRAN VISE UN A\u00c9ROPORT <\/p>\n<p>Les forces arm\u00e9es iraniennes affirment avoir pris pour cible plusieurs sites en Isra\u00ebl, dont l&rsquo;a\u00e9roport international Ben Gourion, pr\u00e8s de Tel-Aviv. \u00ab\u00a0La vingti\u00e8me vague de l&rsquo;op\u00e9ration Promesse honn\u00eate 3 a commenc\u00e9 \u00e0 utiliser une combinaison de missiles \u00e0 carburant liquide et solide de longue port\u00e9e dot\u00e9s d&rsquo;une puissance d&rsquo;ogive d\u00e9vastatrice\u00a0\u00bb, ont d\u00e9clar\u00e9 les forces arm\u00e9es dans un communiqu\u00e9 cit\u00e9 par l&rsquo;agence de presse Fars. Les cibles comprenaient l&rsquo;a\u00e9roport, un \u00ab\u00a0centre de recherche biologique\u00a0\u00bb, des bases logistiques et plusieurs niveaux de centres de commandement et de contr\u00f4le.<\/p>\n<p>07:53<br class=\"jsx-494582681\"\/> 22 juin 2025ALLOCUTION DE DONALD TRUMP<\/p>\n<p>Apr\u00e8s les frappes am\u00e9ricaines sur trois sites nucl\u00e9aires iraniens, le pr\u00e9sident am\u00e9ricain Donald Trump a prononc\u00e9 une courte allocution solennelle. Il a notamment mis en garde T\u00e9h\u00e9ran si l&rsquo;Iran ne faisait pas la paix.<\/p>\n<p>International<img decoding=\"async\" src=\"https:\/\/www.europesays.com\/fr\/wp-content\/uploads\/2025\/06\/donald-trump-22-juin-2025-frappes-americaines-sur-l-iran-001a29-0@1x.jpeg\" alt=\"Frappes am\u00e9ricaines en Iran : revoyez l'allocution de Donald Trump\" loading=\"lazy\" importance=\"low\" fetchpriority=\"low\" class=\"\" aria-hidden=\"true\"\/>07:50<br class=\"jsx-494582681\"\/> 22 juin 2025LE SITE DE FORDO, L&rsquo;UNE DES CIBLES DE WASHINGTON<\/p>\n<p>Zoom sur ce site tr\u00e8s prot\u00e9g\u00e9 dans les montagnes, situ\u00e9 \u00e0 environ 200 km au sud de T\u00e9h\u00e9ran. Voici pourquoi il fait partie des trois lieux cibl\u00e9s cette nuit par Washington.\u00a0<\/p>\n<p>Sites touch\u00e9s, bombes&#8230; Le point sur les frappes am\u00e9ricainesSource : TF1 Info<\/p>\n<p><img decoding=\"async\" src=\"https:\/\/www.europesays.com\/fr\/wp-content\/uploads\/2025\/06\/sites-touches-bombes-le-point-sur-les-frappes-americaines-1cbf39-0@1x.jpeg\" alt=\"Sites touch\u00e9s, bombes... Le point sur les frappes am\u00e9ricaines\" loading=\"lazy\" importance=\"low\" fetchpriority=\"low\" class=\"\"\/><img decoding=\"async\" src=\"https:\/\/www.tf1info.fr\/images\/icons\/player-logo-play.svg\" alt=\"Logo lecture\" class=\"jsx-d0de44c05fe3042c PlayerLazyload__Play\"\/>07:42<br class=\"jsx-494582681\"\/> 22 juin 2025EX\u00c9CUTION EN IRAN<\/p>\n<p>Les autorit\u00e9s iraniennes ont ex\u00e9cut\u00e9 ce dimanche un homme, condamn\u00e9 en tant qu&rsquo;agent du Mossad, le service de renseignement isra\u00e9lien, a annonc\u00e9 le pouvoir judiciaire. \u00ab\u00a0Majid Mosayebi a \u00e9t\u00e9 pendu ce matin apr\u00e8s le suivi de l&rsquo;ensemble de la proc\u00e9dure p\u00e9nale et apr\u00e8s que sa condamnation a \u00e9t\u00e9 confirm\u00e9e par la Cour supr\u00eame\u00a0\u00bb, a indiqu\u00e9 le site judiciaire iranien, Mizan, pr\u00e9cisant que l&rsquo;homme s&rsquo;\u00e9tait employ\u00e9 \u00e0 fournir des \u00ab\u00a0informations sensibles (&#8230;) au Mossad.\u00a0\u00bb<\/p>\n<p>07:35<br class=\"jsx-494582681\"\/> 22 juin 2025&Prime;AUCUNE HAUSSE DES NIVEAUX DE RADIATION\u00a0\u00bb<\/p>\n<p>L&rsquo;Agence internationale de l&rsquo;\u00e9nergie atomique (AIEA) affirme qu'\u00a0\u00bbaucune hausse des niveaux de radiation\u00a0\u00bb n&rsquo;a \u00e9t\u00e9 signal\u00e9e apr\u00e8s l&rsquo;attaque am\u00e9ricaine en Iran. \u00ab\u00a0L&rsquo;AIEA fournira de nouvelles \u00e9valuations de la situation en Iran \u00e0 mesure que de nouvelles informations seront disponibles.\u00a0\u00bb<\/p>\n<blockquote data-testid=\"EmbedTwitter\" id=\"tweet-1936650574939685121-:Recf9mqb6ij9n79m:\" class=\"jsx-aeff1a1c40f54d7a twitter-tweet flex justify-center items-center\"><p>Following attacks on three nuclear sites in Iran &#8211; including Fordow &#8211; the IAEA can confirm that no increase in off-site radiation levels has been reported as of this time. IAEA will provide further assessments on situation in Iran as more information becomes available. \u2014 IAEA &#8211; International Atomic Energy Agency \u269b\ufe0f (@iaeaorg)  June 22, 2025<\/p><\/blockquote>\n<p>07:32<br class=\"jsx-494582681\"\/> 22 juin 2025D\u00c9G\u00c2TS DES MISSILES IRANIENS<\/p>\n<p>La t\u00e9l\u00e9vision publique isra\u00e9lienne diffuse des sc\u00e8nes d&rsquo;importants d\u00e9g\u00e2ts dans le centre du pays apr\u00e8s les missiles iraniens. La cha\u00eene publique KAN 11 a diffus\u00e9 des images montrant un immeuble de plusieurs \u00e9tages \u00e0 la fa\u00e7ade totalement d\u00e9truite et plusieurs b\u00e2timents gravement endommag\u00e9s autour.<\/p>\n<p>07:29<br class=\"jsx-494582681\"\/> 22 juin 2025LE POINT DEPUIS WASHINGTON<\/p>\n<p>Selon le Wall Street Journal, Donald Trump a maintenu l&rsquo;ambigu\u00eft\u00e9 durant deux semaines pour mieux ordonner l&rsquo;attaque. Un haut-responsable am\u00e9ricain, cit\u00e9 par le m\u00e9dia am\u00e9ricain, pr\u00e9cise que \u00ab\u00a0l&rsquo;objectif \u00e9tait de cr\u00e9er une situation \u00e0 laquelle personne ne s&rsquo;attendait\u00a0\u00bb, explique H\u00e9l\u00e8ne Bonnet depuis Washington dans la vid\u00e9o ci-dessous.<\/p>\n<p>L&rsquo;Iran frapp\u00e9 par Washington : le point depuis les \u00c9tats-UnisSource : TF1 Info<\/p>\n<p><img decoding=\"async\" src=\"https:\/\/www.europesays.com\/fr\/wp-content\/uploads\/2025\/06\/l-iran-frappe-par-washington-le-point-depuis-les-etats-unis-b9bf9c-0@1x.jpeg\" alt=\"L'Iran frapp\u00e9 par Washington : le point depuis les \u00c9tats-Unis\" loading=\"lazy\" importance=\"low\" fetchpriority=\"low\" class=\"\"\/><img decoding=\"async\" src=\"https:\/\/www.tf1info.fr\/images\/icons\/player-logo-play.svg\" alt=\"Logo lecture\" class=\"jsx-d0de44c05fe3042c PlayerLazyload__Play\"\/>07:25<br class=\"jsx-494582681\"\/> 22 juin 2025DES ISRA\u00c9LIENS BLESS\u00c9S PAR LA RIPOSTE IRANIENNE<\/p>\n<p>Les secours isra\u00e9liens annoncent 11 bless\u00e9s apr\u00e8s des tirs de missiles depuis l&rsquo;Iran. Les secouristes \u00ab\u00a0prodiguent des soins m\u00e9dicaux et \u00e9vacuent vers l&rsquo;h\u00f4pital 11 bless\u00e9s, dont un dans un \u00e9tat mod\u00e9r\u00e9\u00a0\u00bb, indique un communiqu\u00e9 du Magen David Adom, un \u00e9quivalent isra\u00e9lien de la Croix-Rouge, sans pr\u00e9ciser o\u00f9 ces personnes avaient \u00e9t\u00e9 bless\u00e9es.<\/p>\n<p>07:21<br class=\"jsx-494582681\"\/> 22 juin 2025L&rsquo;ALERTE LEV\u00c9E<\/p>\n<p>L&rsquo;alerte anti-a\u00e9rienne isra\u00e9lienne a \u00e9t\u00e9 lev\u00e9e vers 8h10, heure locale (7h10 en France).<\/p>\n<p>07:19<br class=\"jsx-494582681\"\/> 22 juin 2025DES D\u00c9FLAGRATIONS ENTENDUES EN ISRA\u00cbL<\/p>\n<p>\u00ab\u00a0Les habitants s&rsquo;attendaient \u00e0 cette r\u00e9ponse iranienne\u00a0\u00bb, affirme depuis Tel-Aviv Claire Cambier, envoy\u00e9e sp\u00e9ciale en Isra\u00ebl. Dix sites au moins auraient \u00e9t\u00e9 touch\u00e9s, notamment \u00e0 Ha\u00effa.<\/p>\n<p>L&rsquo;Iran frapp\u00e9 par les \u00c9tats-Unis, Isra\u00ebl en alerteSource : TF1 Info<\/p>\n<p><img decoding=\"async\" src=\"https:\/\/www.europesays.com\/fr\/wp-content\/uploads\/2025\/06\/l-iran-frappe-par-les-etats-unis-israel-en-alerte-459789-0@1x.jpeg\" alt=\"L'Iran frapp\u00e9 par les \u00c9tats-Unis, Isra\u00ebl en alerte\" loading=\"lazy\" importance=\"low\" fetchpriority=\"low\" class=\"\"\/><img decoding=\"async\" src=\"https:\/\/www.tf1info.fr\/images\/icons\/player-logo-play.svg\" alt=\"Logo lecture\" class=\"jsx-d0de44c05fe3042c PlayerLazyload__Play\"\/>07:15<br class=\"jsx-494582681\"\/> 22 juin 2025LES SIR\u00c8NES RETENTISSENT EN ISRA\u00cbL<\/p>\n<p>Les sir\u00e8nes ont retenti dans tout le pays en Isra\u00ebl t\u00f4t ce matin apr\u00e8s les frappes am\u00e9ricaines cette nuit.\u00a0<\/p>\n<p>Isra\u00ebl : les sir\u00e8nes retentissent dans tout le paysSource : TF1 Info<\/p>\n<p><img decoding=\"async\" src=\"https:\/\/www.europesays.com\/fr\/wp-content\/uploads\/2025\/06\/israel-les-sirenes-retentissent-dans-tout-le-pays-40b16e-0@1x.jpeg\" alt=\"Isra\u00ebl : les sir\u00e8nes retentissent dans tout le pays\" loading=\"lazy\" importance=\"low\" fetchpriority=\"low\" class=\"\"\/><img decoding=\"async\" src=\"https:\/\/www.tf1info.fr\/images\/icons\/player-logo-play.svg\" alt=\"Logo lecture\" class=\"jsx-d0de44c05fe3042c PlayerLazyload__Play\"\/>07:12<br class=\"jsx-494582681\"\/> 22 juin 2025L&rsquo;ESPACE A\u00c9RIEN ISRA\u00c9LIEN FERM\u00c9<\/p>\n<p>L&rsquo;espace a\u00e9rien isra\u00e9lien est ferm\u00e9 jusqu&rsquo;\u00e0 nouvel ordre, a annonc\u00e9 ce dimanche matin l&rsquo;autorit\u00e9 a\u00e9roportuaire isra\u00e9lienne. \u00ab\u00a0L&rsquo;espace a\u00e9rien de l&rsquo;\u00c9tat d&rsquo;Isra\u00ebl est ferm\u00e9 \u00e0 l&rsquo;entr\u00e9e et \u00e0 la sortie en raison des derniers d\u00e9veloppements\u00a0\u00bb, indique un communiqu\u00e9 de l&rsquo;autorit\u00e9, pr\u00e9cisant que \u00ab\u00a0les points de passage terrestres [avec l&rsquo;\u00c9gypte] et la Jordanie fonctionnent normalement\u00a0\u00bb.<\/p>\n<p>07:05<br class=\"jsx-494582681\"\/> 22 juin 2025LES ISRA\u00c9LIENS AUX ABRIS<\/p>\n<p>L&rsquo;arm\u00e9e isra\u00e9lienne appelle la population des zones vis\u00e9es par les missiles iraniens \u00e0 se rendre aux abris. Les sir\u00e8nes ont retenti \u00e0 J\u00e9rusalem, \u00e0 Tel-Aviv ainsi que dans le nord et dans le centre du pays, selon la D\u00e9fense passive.<\/p>\n<p>07:00<br class=\"jsx-494582681\"\/> 22 juin 2025\u00c9DITION SP\u00c9CIALE SUR LCI06:58<br class=\"jsx-494582681\"\/> 22 juin 2025AUCUN EFFET RADIOACTIF DANS LE GOLFE<\/p>\n<p>Aucun effet radioactif n&rsquo;a \u00e9t\u00e9 d\u00e9tect\u00e9 en Arabie saoudite ni dans les autres \u00c9tats du Golfe apr\u00e8s l&rsquo;attaque am\u00e9ricaine contre trois sites nucl\u00e9aires en Iran, a fait savoir la Commission de r\u00e9gulation nucl\u00e9aire et radiologique saoudienne.<\/p>\n<p>06:56<br class=\"jsx-494582681\"\/> 22 juin 2025LES \u00c9TATS-UNIS ONT FRAPP\u00c9 L&rsquo;IRAN<\/p>\n<p>\u00ab\u00a0L&rsquo;arm\u00e9e am\u00e9ricaine vient de mener d&rsquo;importantes frappes sur les trois principales installations nucl\u00e9aires du r\u00e9gime iranien\u00a0\u00bb, a indiqu\u00e9 le pr\u00e9sident am\u00e9ricain Donald Trump dans la nuit. \u00ab\u00a0Notre objectif \u00e9tait de d\u00e9truire les capacit\u00e9s nucl\u00e9aires de l&rsquo;Iran et de mettre fin \u00e0 la menace nucl\u00e9aire. Je peux dire au monde que les frappes ont \u00e9t\u00e9 une r\u00e9ussite militaire spectaculaire. Les principales installations d&rsquo;enrichissement nucl\u00e9aire de l&rsquo;Iran ont \u00e9t\u00e9 int\u00e9gralement et totalement d\u00e9truites. L&rsquo;Iran doit maintenant faire la paix.\u00a0\u00bb<\/p>\n<p>Les Etats-Unis ont frapp\u00e9 l&rsquo;Iran : l&rsquo;allocution de Donald TrumpSource : TF1 Info<\/p>\n<p><img decoding=\"async\" src=\"https:\/\/www.europesays.com\/fr\/wp-content\/uploads\/2025\/06\/les-etats-unis-ont-frappe-l-iran-l-allocution-de-donald-trump-c96819-0@1x.jpeg\" alt=\"Les Etats-Unis ont frapp\u00e9 l'Iran : l'allocution de Donald Trump\" loading=\"lazy\" importance=\"low\" fetchpriority=\"low\" class=\"\"\/><img decoding=\"async\" src=\"https:\/\/www.tf1info.fr\/images\/icons\/player-logo-play.svg\" alt=\"Logo lecture\" class=\"jsx-d0de44c05fe3042c PlayerLazyload__Play\"\/>06:53<br class=\"jsx-494582681\"\/> 22 juin 2025NOUVELLE SALVE DE MISSILES<\/p>\n<p>La t\u00e9l\u00e9vision d&rsquo;\u00c9tat iranienne annonce une nouvelle salve de 30 missiles sur Isra\u00ebl. \u00ab\u00a0Ces images en direct que vous voyez sont celles d&rsquo;une nouvelle salve de missiles iraniens tir\u00e9s sur les territoires occup\u00e9s\u00a0\u00bb, a affirm\u00e9 \u00e0 l&rsquo;antenne un pr\u00e9sentateur, en r\u00e9f\u00e9rence \u00e0 Isra\u00ebl. La t\u00e9l\u00e9vision diffusait des images en direct d&rsquo;Isra\u00ebl en attendant l&rsquo;arriv\u00e9e des missiles, avec en fond un chant militaire iranien.<\/p>\n<p>06:50<br class=\"jsx-494582681\"\/> 22 juin 2025&Prime;LA D\u00c9FENSE N&rsquo;EST PAS HERM\u00c9TIQUE\u00a0\u00bb<\/p>\n<p>L&rsquo;arm\u00e9e isra\u00e9lienne \u00ab\u00a0s&rsquo;efforce d&rsquo;intercepter\u00a0\u00bb les missiles envoy\u00e9s depuis l&rsquo;Iran. \u00ab\u00a0Des alertes ont \u00e9t\u00e9 activ\u00e9es dans plusieurs zones du pays. La d\u00e9fense n&rsquo;est pas herm\u00e9tique et les instructions du commandement du front int\u00e9rieur doivent \u00eatre suivies.\u00a0\u00bb<\/p>\n<blockquote data-testid=\"EmbedTwitter\" id=\"tweet-1936644788381511714-:Recs9mqb6ij9n79m:\" class=\"jsx-aeff1a1c40f54d7a twitter-tweet flex justify-center items-center\"><p>\u05dc\u05e4\u05e0\u05d9 \u05d6\u05de\u05df \u05e7\u05e6\u05e8, \u05d4\u05d5\u05e4\u05e2\u05dc\u05d5 \u05d4\u05ea\u05e8\u05e2\u05d5\u05ea \u05d1\u05de\u05e1\u05e4\u05e8 \u05de\u05e8\u05d7\u05d1\u05d9\u05dd \u05d1\u05e9\u05d8\u05d7 \u05d4\u05d0\u05e8\u05e5 \u05d1\u05e2\u05e7\u05d1\u05d5\u05ea \u05d2\u05d9\u05dc\u05d5\u05d9 \u05d8\u05d9\u05dc\u05d9\u05dd \u05e9\u05e9\u05d5\u05d2\u05e8\u05d5 \u05de\u05d0\u05d9\u05e8\u05d0\u05df \u05dc\u05e9\u05d8\u05d7 \u05de\u05d3\u05d9\u05e0\u05ea \u05d9\u05e9\u05e8\u05d0\u05dc. \u05d4\u05e6\u05d9\u05d1\u05d5\u05e8 \u05de\u05ea\u05d1\u05e7\u05e9 \u05dc\u05d4\u05d9\u05e9\u05de\u05e2 \u05dc\u05d4\u05e0\u05d7\u05d9\u05d5\u05ea \u05e4\u05d9\u05e7\u05d5\u05d3 \u05d4\u05e2\u05d5\u05e8\u05e3.  \u05d1\u05e9\u05e2\u05d4 \u05d6\u05d5 \u05d7\u05d9\u05dc \u05d4\u05d0\u05d5\u05d5\u05d9\u05e8 \u05e4\u05d5\u05e2\u05dc \u05dc\u05d9\u05d9\u05e8\u05d5\u05d8 \u05d5\u05dc\u05ea\u05e7\u05d9\u05e4\u05d4 \u05d1\u05db\u05dc \u05de\u05e7\u05d5\u05dd \u05d1\u05d5 \u05d9\u05d9\u05d3\u05e8\u05e9 \u05dc\u05d4\u05e1\u05e8\u05ea \u05d4\u05d0\u05d9\u05d5\u05dd. \u05d4\u05d4\u05d2\u05e0\u05d4 \u05dc\u05d0 \u05d4\u05e8\u05de\u05d8\u05d9\u05ea, \u05d5\u05e2\u05dc \u05db\u05df \u05d9\u05e9 \u05dc\u05d4\u05de\u05e9\u05d9\u05da \u05d5\u05dc\u05d4\u05d9\u05e9\u05de\u05e2 \u05dc\u05d4\u05e0\u05d7\u05d9\u05d5\u05ea \u05e4\u05d9\u05e7\u05d5\u05d3 \u05d4\u05e2\u05d5\u05e8\u05e3. \u2014 Israeli Air Force (@IAFsite)  June 22, 2025<\/p><\/blockquote>\n<p>06:47<br class=\"jsx-494582681\"\/> 22 juin 2025SIR\u00c8NES ANTI-A\u00c9RIENNES \u00c0 TEL-AVIV<\/p>\n<p>Les sir\u00e8nes d&rsquo;alertes anti-a\u00e9riennes retentissent \u00e0 Tel-Aviv, de fortes explosions sont entendues de J\u00e9rusalem. Quelques instants plus t\u00f4t, l&rsquo;arm\u00e9e isra\u00e9lienne a indiqu\u00e9 avoir identifi\u00e9 des tirs de missiles de l&rsquo;Iran vers Isra\u00ebl.<\/p>\n<p>06:35<br class=\"jsx-494582681\"\/> 22 juin 2025&Prime;LE DANGER IMMINENT L&rsquo;EMPORTAIT\u00a0\u00bb<\/p>\n<p>Mike Johnson, le Pr\u00e9sident de la Chambre des repr\u00e9sentants des \u00c9tats-Unis, salue la d\u00e9cision de Donald Trump : \u00ab\u00a0le commandant en chef a estim\u00e9 que le danger imminent l&#8217;emportait sur le temps qu&rsquo;il faudrait au Congr\u00e8s pour agir\u00a0\u00bb. \u00a0<\/p>\n<blockquote data-testid=\"EmbedTwitter\" id=\"tweet-1936602051431063760-:Recu9mqb6ij9n79m:\" class=\"jsx-aeff1a1c40f54d7a twitter-tweet flex justify-center items-center\"><p>The President made the right call, and did what he needed to do. Leaders in Congress were aware of the urgency of this situation and the Commander-in-Chief evaluated that the imminent danger outweighed the time it would take for Congress to act.  The world\u2019s largest state\u2026 \u2014 Speaker Mike Johnson (@SpeakerJohnson)  June 22, 2025<\/p><\/blockquote>\n<p>06:32<br class=\"jsx-494582681\"\/> 22 juin 2025L&rsquo;IRAN R\u00c9AGIT<\/p>\n<p>Les attaques am\u00e9ricaines contre des sites nucl\u00e9aires en Iran \u00ab\u00a0auront des cons\u00e9quences \u00e9ternelles\u00a0\u00bb, a averti ce dimanche le ministre iranien des Affaires \u00e9trang\u00e8res Abbas Araghchi. \u00ab\u00a0Les \u00e9v\u00e9nements de ce matin sont scandaleux et auront des cons\u00e9quences \u00e9ternelles\u00a0\u00bb, a-t-il \u00e9crit, d\u00e9non\u00e7ant le \u00ab\u00a0comportement extr\u00eamement dangereux, anarchique et criminel\u00a0\u00bb des \u00c9tats-Unis. \u00ab\u00a0L&rsquo;Iran se r\u00e9serve toutes les options pour d\u00e9fendre sa souverainet\u00e9, ses int\u00e9r\u00eats et son peuple.\u00a0\u00bb<\/p>\n<p>06:32<br class=\"jsx-494582681\"\/> 22 juin 2025ISRAEL REMERCIE TRUMP<\/p>\n<p>Le Premier ministre isra\u00e9lien Benyamin N\u00e9tanyahou a remerci\u00e9 dimanche le pr\u00e9sident am\u00e9ricain Donald Trump pour l&rsquo;attaque \u00ab\u00a0audacieuse\u00a0\u00bb des \u00c9tats-Unis contre des installations du programme nucl\u00e9aire iranien, estimant qu&rsquo;elle cr\u00e9ait un \u00ab\u00a0tournant historique\u00a0\u00bb susceptible de mener le Moyen-Orient \u00e0 la paix. \u00ab\u00a0Je vous remercie, le peuple d&rsquo;Isra\u00ebl vous remercie\u00a0\u00bb, a d\u00e9clar\u00e9 M. N\u00e9tanyahou dans un message vid\u00e9o en anglais adress\u00e9 \u00e0 M. Trump, apr\u00e8s que celui-ci eut annonc\u00e9 que l&rsquo;arm\u00e9e am\u00e9ricaine avait men\u00e9 avec succ\u00e8s des frappes contre trois centres n\u00e9vralgiques du programme nucl\u00e9aire iranien: les installations de Fordo, Ispahan et Natanz.\u00a0<\/p>\n<blockquote data-testid=\"EmbedTwitter\" id=\"tweet-1936624102485237770-:Red09mqb6ij9n79m:\" class=\"jsx-aeff1a1c40f54d7a twitter-tweet flex justify-center items-center\"><p>Prime Minister Benjamin Netanyahu: \u201cPresident  @realDonaldTrump and I often say: \u2018Peace through strength.\u2019 First comes strength, then comes peace. And tonight,  @POTUS Trump and the United States acted with a lot of strength.\u201d  pic.twitter.com\/dqho3CJS1C \u2014 Prime Minister of Israel (@IsraeliPM)  June 22, 2025<\/p><\/blockquote>\n<p>06:29<br class=\"jsx-494582681\"\/> 22 juin 2025AUCUN SIGNE DE CONTAMINATION NUCL\u00c9AIRE<\/p>\n<p>L&rsquo;autorit\u00e9 iranienne de s\u00e9curit\u00e9 nucl\u00e9aire a affirm\u00e9 dimanche n&rsquo;avoir d\u00e9tect\u00e9 \u00ab\u00a0aucun signe de contamination\u00a0\u00bb sur trois sites nucl\u00e9aires vis\u00e9s par des frappes a\u00e9riennes am\u00e9ricaines. \u00a0\u00ab\u00a0Aucun signe de contamination n&rsquo;a \u00e9t\u00e9 d(&#8230;) il n&rsquo;y a donc aucun danger pour les personnes habitant autour des sites\u00a0\u00bb de Fordo, Natanz et Ispahan, a d\u00e9clar\u00e9 le Centre national du syst\u00e8me de s\u00e9curit\u00e9 nucl\u00e9aire, d\u00e9pendant de l&rsquo;Organisation iranienne de l&rsquo;\u00e9nergie atomique.\u00a0<\/p>\n<p>06:28<br class=\"jsx-494582681\"\/> 22 juin 2025L&rsquo;AVERTISSEMENT DE TRUMP<\/p>\n<p>Donald Trump a menac\u00e9 samedi soir l&rsquo;Iran de nouvelles frappes si T\u00e9h\u00e9ran ne faisait pas la paix \u00ab\u00a0rapidement\u00a0\u00bb avec Isra\u00ebl, apr\u00e8s que les \u00c9tats-Unis ont bombard\u00e9 des sites nucl\u00e9aires iraniens. \u00ab\u00a0Rappelez-vous qu&rsquo;il reste de nombreuses cibles, celle de ce soir \u00e9tait de loin la plus difficile de toutes (&#8230;). Mais si la paix ne vient pas rapidement, nous viserons ces autres cibles avec pr\u00e9cision, rapidit\u00e9 et comp\u00e9tence\u00a0\u00bb, a d\u00e9clar\u00e9 le pr\u00e9sident am\u00e9ricain.<\/p>\n<p>\u00ab\u00a0La plupart d&rsquo;entre elles peuvent \u00eatre neutralis\u00e9es en quelques minutes\u00a0\u00bb, a-t-il ajout\u00e9 lors d&rsquo;une d\u00e9claration solennelle \u00e0 la nation.\u00a0<\/p>\n<p>03:40<br class=\"jsx-494582681\"\/> 22 juin 2025D. TRUMP : \u00ab\u00a0METTRE FIN A LA GUERRE\u00a0\u00bb<\/p>\n<p>Le pr\u00e9sident am\u00e9ricain Donald Trump a estim\u00e9 samedi que l&rsquo;Iran devait \u00ab\u00a0maintenant accepter de mettre fin\u00a0\u00bb \u00e0 la guerre avec Isra\u00ebl, apr\u00e8s le bombardement par les \u00c9tats-Unis des sites nucl\u00e9aires iraniens. \u00a0\u00ab\u00a0C&rsquo;est un MOMENT HISTORIQUE POUR LES \u00c9TATS-UNIS D&rsquo;AM\u00c9RIQUE, ISRA\u00cbL ET LE MONDE. L&rsquo;IRAN DOIT MAINTENANT ACCEPTER DE METTRE FIN \u00c0 CETTE GUERRE\u00a0\u00bb, a d\u00e9clar\u00e9 le pr\u00e9sident am\u00e9ricain sur sa plateforme Truth Social.\u00a0<\/p>\n<p>03:27<br class=\"jsx-494582681\"\/> 22 juin 2025LES \u00c9TATS-UNIS ONT ATTAQU\u00c9<\/p>\n<p>Les \u00c9tats-Unis ont largu\u00e9 \u00ab\u00a0une charge compl\u00e8te de bombes\u00a0\u00bb sur le site nucl\u00e9aire de Fordo en Iran, a annonc\u00e9 Donald Trump, dans la nuit de samedi \u00e0 dimanche. \u00ab\u00a0Nous avons men\u00e9 \u00e0 bien notre attaque contre les trois sites nucl\u00e9aires iraniens, \u00e0 savoir Fordo, Natanz et Ispahan. Tous les avions sont maintenant en dehors de l&rsquo;espace a\u00e9rien iranien. Une charge compl\u00e8te de bombes a \u00e9t\u00e9 largu\u00e9e sur le site principal, Fordo. Tous les avions sont rentr\u00e9s chez eux en toute s\u00e9curit\u00e9.\u00a0\u00bb Avant d&rsquo;ajouter sur son r\u00e9seau social Truth : \u00ab\u00a0L&rsquo;HEURE DE LA PAIX A SONN\u00c9 !\u00a0\u00bb<\/p>\n<blockquote data-testid=\"EmbedTwitter\" id=\"tweet-1936573183634645387-:Red49mqb6ij9n79m:\" class=\"jsx-aeff1a1c40f54d7a twitter-tweet flex justify-center items-center\"><p>pic.twitter.com\/wu9mMkxtUg \u2014 Donald J. Trump (@realDonaldTrump)  June 21, 2025<\/p><\/blockquote>\n<p data-module=\"article-paragraph\" class=\"jsx-3046738180 Paragraph\">Les \u00c9tats-Unis ont men\u00e9 une attaque \u00ab\u00a0tr\u00e8s r\u00e9ussie\u00a0\u00bb sur trois sites nucl\u00e9aires iraniens, larguant une \u00ab\u00a0charge compl\u00e8te de bombes\u00a0\u00bb sur celui de Fordo, a annonc\u00e9 samedi le pr\u00e9sident am\u00e9ricain Donald Trump.<\/p>\n<p data-module=\"article-paragraph\" class=\"jsx-3046738180 Paragraph\">\u00ab\u00a0Nous avons men\u00e9 \u00e0 bien une attaque tr\u00e8s r\u00e9ussie sur les trois sites nucl\u00e9aires en Iran, notamment Fordo, Natanz et Ispahan\u00a0\u00bb, a d\u00e9clar\u00e9 le pr\u00e9sident am\u00e9ricain dans un communiqu\u00e9.\u00a0<\/p>\n<p data-module=\"article-paragraph\" class=\"jsx-3046738180 Paragraph\">\u00ab\u00a0Une pleine charge de bombes a \u00e9t\u00e9 largu\u00e9e sur le site principal, Fordo\u00a0\u00bb au sud de T\u00e9h\u00e9ran, a poursuivi Donald Trump qui a pr\u00e9sid\u00e9 samedi en fin d&rsquo;apr\u00e8s-midi \u00e0 la Maison Blanche un conseil de s\u00e9curit\u00e9.<\/p>\n<p data-module=\"article-paragraph\" class=\"jsx-3046738180 Paragraph\">Il a par ailleurs indiqu\u00e9 que tous les avions ayant particip\u00e9 \u00e0 l&rsquo;attaque \u00e9taient \u00ab\u00a0d\u00e9sormais hors de l&rsquo;espace a\u00e9rien iranien\u00a0\u00bb.\u00a0<\/p>\n<p data-module=\"article-paragraph\" class=\"jsx-3046738180 Paragraph\">\u00ab\u00a0F\u00e9licitations \u00e0 nos grands guerriers am\u00e9ricains. Il n&rsquo;y a pas d&rsquo;autre arm\u00e9e au monde qui aurait pu faire cela. MAINTENANT L&rsquo;HEURE DE LA PAIX A SONNE !\u00a0\u00bb, a ajout\u00e9 Donald Trump, qui n&rsquo;a pas pr\u00e9cis\u00e9 quel type d&rsquo;avions ou de munitions am\u00e9ricains \u00e9taient impliqu\u00e9s.<\/p>\n<p data-module=\"article-paragraph\" class=\"jsx-3046738180 Paragraph Paragraph__End\">Le pr\u00e9sident am\u00e9ricain, qui a dit que l&rsquo;Iran ne pouvait pas disposer d&rsquo;une arme nucl\u00e9aire, soupesait depuis plusieurs jours la possibilit\u00e9 d&rsquo;une intervention militaire contre l&rsquo;Iran. Il avait donn\u00e9 vendredi au \u00ab\u00a0maximum\u00a0\u00bb deux semaines \u00e0 T\u00e9h\u00e9ran pour \u00e9viter d&rsquo;\u00e9ventuelles frappes am\u00e9ricaines.<\/p>\n<p data-module=\"article-paragraph\" class=\"jsx-3046738180 Paragraph\">Le pr\u00e9sident iranien, Masoud Pezeshkian, avait menac\u00e9 samedi Isra\u00ebl d&rsquo;une riposte \u00ab\u00a0plus d\u00e9vastatrice\u00a0\u00bb \u00e0 son attaque, et exclu tout arr\u00eat du programme nucl\u00e9aire de T\u00e9h\u00e9ran. Le pr\u00e9sident am\u00e9ricain Donald Trump aviat lui donn\u00e9 vendredi au \u00ab\u00a0maximum\u00a0\u00bb deux semaines \u00e0 l&rsquo;Iran pour \u00e9viter d&rsquo;\u00e9ventuelles frappes am\u00e9ricaines. Selon des sites de suivi de vols et le New York Times, des <a href=\"https:\/\/www.tf1info.fr\/international\/guerre-israel-iran-des-bombardiers-americains-b-2-deplaces-sur-l-ile-de-guam-si-c-est-le-cas-ils-peuvent-frapper-ou-ils-veulent-en-iran-2378355.html\" target=\"_blank\" rel=\"noopener\">avions bombardiers B-2<\/a> ont d\u00e9coll\u00e9 des \u00c9tats-Unis et se dirigeaient vers l&rsquo;ouest ce samedi.<\/p>\n<p data-module=\"article-paragraph\" class=\"jsx-3046738180 Paragraph Paragraph__End\">Isra\u00ebl a de son c\u00f4t\u00e9 pr\u00e9venu d&rsquo;une \u00ab\u00a0longue\u00a0\u00bb op\u00e9ration militaire, le chef de la diplomatie, Gideon Saar, affirmant que le risque que <a href=\"https:\/\/www.tf1info.fr\/international\/guerre-israel-iran-teheran-dispose-des-differentes-pieces-pour-une-bombe-nucleaire-met-en-garde-le-ministre-des-armees-sebastien-lecornu-2378378.html\" target=\"_blank\" rel=\"noopener\">T\u00e9h\u00e9ran se dote de \u00ab\u00a0la bombe atomique\u00a0\u00bb<\/a> avait d\u00e9j\u00e0 \u00e9t\u00e9 \u00ab\u00a0retard\u00e9 d&rsquo;au moins deux ou trois ans\u00a0\u00bb.<\/p>\n<p data-module=\"article-paragraph\" class=\"jsx-3046738180 Paragraph Paragraph__End\"><strong>Retrouvez les derni\u00e8res informations dans le fil ci-dessus.<\/strong><\/p>\n<p>La r\u00e9daction de TF1info<\/p>\n<p><script async src=\"https:\/\/platform.twitter.com\/widgets.js\" charset=\"utf-8\"><\/script><\/p>\n","protected":false},"excerpt":{"rendered":"Emmanuel Macron a r\u00e9uni un conseil de d\u00e9fense et de s\u00e9curit\u00e9 nationale ce dimanche soir. Les dirigeants de&hellip;\n","protected":false},"author":2,"featured_media":196978,"comment_status":"","ping_status":"","sticky":false,"template":"","format":"standard","meta":{"footnotes":""},"categories":[1589],"tags":[1111,11,1921,952,75,73,1866,33671,1922,3019,664,12,5654,1864,1865,1863,308,133,1920],"class_list":{"0":"post-196977","1":"post","2":"type-post","3":"status-publish","4":"format-standard","5":"has-post-thumbnail","7":"category-etats-unis","8":"tag-actu","9":"tag-actualites","10":"tag-article-video","11":"tag-benyamin-netanyahou","12":"tag-donald-trump","13":"tag-etats-unis","14":"tag-etats-unis-damerique","15":"tag-guerre-israel-iran-les-etats-unis-ont-frappe","16":"tag-info","17":"tag-iran","18":"tag-israel","19":"tag-news","20":"tag-nucleaire","21":"tag-united-states","22":"tag-united-states-of-america","23":"tag-us","24":"tag-usa","25":"tag-video","26":"tag-video-international"},"share_on_mastodon":{"url":"https:\/\/pubeurope.com\/@fr\/114729840969805264","error":""},"_links":{"self":[{"href":"https:\/\/www.europesays.com\/fr\/wp-json\/wp\/v2\/posts\/196977","targetHints":{"allow":["GET"]}}],"collection":[{"href":"https:\/\/www.europesays.com\/fr\/wp-json\/wp\/v2\/posts"}],"about":[{"href":"https:\/\/www.europesays.com\/fr\/wp-json\/wp\/v2\/types\/post"}],"author":[{"embeddable":true,"href":"https:\/\/www.europesays.com\/fr\/wp-json\/wp\/v2\/users\/2"}],"replies":[{"embeddable":true,"href":"https:\/\/www.europesays.com\/fr\/wp-json\/wp\/v2\/comments?post=196977"}],"version-history":[{"count":0,"href":"https:\/\/www.europesays.com\/fr\/wp-json\/wp\/v2\/posts\/196977\/revisions"}],"wp:featuredmedia":[{"embeddable":true,"href":"https:\/\/www.europesays.com\/fr\/wp-json\/wp\/v2\/media\/196978"}],"wp:attachment":[{"href":"https:\/\/www.europesays.com\/fr\/wp-json\/wp\/v2\/media?parent=196977"}],"wp:term":[{"taxonomy":"category","embeddable":true,"href":"https:\/\/www.europesays.com\/fr\/wp-json\/wp\/v2\/categories?post=196977"},{"taxonomy":"post_tag","embeddable":true,"href":"https:\/\/www.europesays.com\/fr\/wp-json\/wp\/v2\/tags?post=196977"}],"curies":[{"name":"wp","href":"https:\/\/api.w.org\/{rel}","templated":true}]}}