{"id":196981,"date":"2025-06-23T00:27:16","date_gmt":"2025-06-23T00:27:16","guid":{"rendered":"https:\/\/www.europesays.com\/fr\/196981\/"},"modified":"2025-06-23T00:27:16","modified_gmt":"2025-06-23T00:27:16","slug":"euro-espoirs-france-allemagne-en-demi-finale","status":"publish","type":"post","link":"https:\/\/www.europesays.com\/fr\/196981\/","title":{"rendered":"Euro Espoirs : France-Allemagne en demi-finale"},"content":{"rendered":"<p>L\u2019Allemagne retrouvera la France en demi-finale de l\u2019Euro Espoirs mercredi, apr\u00e8s un quart de finale haletant face \u00e0 l\u2019Italie. Men\u00e9s puis en sup\u00e9riorit\u00e9 num\u00e9rique, les Allemands ont cru l\u2019emporter dans le temps r\u00e9glementaire avant d\u2019\u00eatre pouss\u00e9s en prolongation par un coup franc d\u2019Ambrosino. Finalement, Rohl a d\u00e9livr\u00e9 la Mannschaft \u00e0 la 117e minute (3-2 a.p.). Les Bleuets, renversants eux aussi contre le Danemark (3-2), devront se m\u00e9fier d\u2019un adversaire qui ne l\u00e2che rien. Cette affiche promet du spectacle entre deux nations qui r\u00eavent de s\u2019offrir un titre continental chez les jeunes.<\/p>\n","protected":false},"excerpt":{"rendered":"L\u2019Allemagne retrouvera la France en demi-finale de l\u2019Euro Espoirs mercredi, apr\u00e8s un quart de finale haletant face \u00e0&hellip;\n","protected":false},"author":2,"featured_media":196982,"comment_status":"","ping_status":"","sticky":false,"template":"","format":"standard","meta":{"footnotes":""},"categories":[1587],"tags":[11,672,1804,1805,1803,1777,674,1801,12,1802],"class_list":{"0":"post-196981","1":"post","2":"type-post","3":"status-publish","4":"format-standard","5":"has-post-thumbnail","7":"category-allemagne","8":"tag-actualites","9":"tag-allemagne","10":"tag-bundesrepublik-deutschland","11":"tag-de","12":"tag-deutschland","13":"tag-eu","14":"tag-europe","15":"tag-germany","16":"tag-news","17":"tag-republique-federale-dallemagne"},"share_on_mastodon":{"url":"https:\/\/pubeurope.com\/@fr\/114729847544912511","error":""},"_links":{"self":[{"href":"https:\/\/www.europesays.com\/fr\/wp-json\/wp\/v2\/posts\/196981","targetHints":{"allow":["GET"]}}],"collection":[{"href":"https:\/\/www.europesays.com\/fr\/wp-json\/wp\/v2\/posts"}],"about":[{"href":"https:\/\/www.europesays.com\/fr\/wp-json\/wp\/v2\/types\/post"}],"author":[{"embeddable":true,"href":"https:\/\/www.europesays.com\/fr\/wp-json\/wp\/v2\/users\/2"}],"replies":[{"embeddable":true,"href":"https:\/\/www.europesays.com\/fr\/wp-json\/wp\/v2\/comments?post=196981"}],"version-history":[{"count":0,"href":"https:\/\/www.europesays.com\/fr\/wp-json\/wp\/v2\/posts\/196981\/revisions"}],"wp:featuredmedia":[{"embeddable":true,"href":"https:\/\/www.europesays.com\/fr\/wp-json\/wp\/v2\/media\/196982"}],"wp:attachment":[{"href":"https:\/\/www.europesays.com\/fr\/wp-json\/wp\/v2\/media?parent=196981"}],"wp:term":[{"taxonomy":"category","embeddable":true,"href":"https:\/\/www.europesays.com\/fr\/wp-json\/wp\/v2\/categories?post=196981"},{"taxonomy":"post_tag","embeddable":true,"href":"https:\/\/www.europesays.com\/fr\/wp-json\/wp\/v2\/tags?post=196981"}],"curies":[{"name":"wp","href":"https:\/\/api.w.org\/{rel}","templated":true}]}}