{"id":196999,"date":"2025-06-23T00:37:18","date_gmt":"2025-06-23T00:37:18","guid":{"rendered":"https:\/\/www.europesays.com\/fr\/196999\/"},"modified":"2025-06-23T00:37:18","modified_gmt":"2025-06-23T00:37:18","slug":"un-plateau-tres-releve-a-charleville","status":"publish","type":"post","link":"https:\/\/www.europesays.com\/fr\/196999\/","title":{"rendered":"Un plateau tr\u00e8s relev\u00e9 \u00e0 Charleville"},"content":{"rendered":"<p>                            <img decoding=\"async\" class=\"img-fluid thumbnail__news\" src=\"https:\/\/www.europesays.com\/fr\/wp-content\/uploads\/2025\/06\/850c9ae1-d88d-4bb3-bede-dd2f6424bfc5.jpg\" alt=\"Un plateau tr\u00e8s relev\u00e9 \u00e0 Charleville\"\/><br \/>\n                                                        Finaliste de la Coupe de France en 2023, Charleville accueillera un des deux plateaux quarts et demi-finale le 15 mars prochain. Est-ce que \u00e7a sera suffisant pour que les troupes de Dessislava Anguelova rejoingnent \u00e0 nouveau Paris ?<\/p>\n<p><strong>Programme des quarts et des demi-finales de la Coupe de France U18 f\u00e9minines<\/strong><br \/><strong>Site 1 : Le Coteau (42)<\/strong><br \/>Samedi 15 mars 2024<br \/>17h15 : Charnay BBS (National) &#8211; Lyon ASVEL F\u00e9minin (National)<br \/>20h00 : Basket Landes (National) &#8211; Toulouse MB (National)<\/p>\n<p>Dimanche 16 mars 2025<br \/>Vainqueur match 1 &#8211; Vainqueur match 2<\/p>\n<p><strong>Site 2 : Charleville-M\u00e9zi\u00e8res (08)<br \/><\/strong>Samedi 15 mars 2025<strong><br \/><\/strong>17h15 : Angers UFAB 49 (National) &#8211; USO Mondeville (National)<br \/>20h00 : FCBA Charleville-M\u00e9zi\u00e8res (National) &#8211; Bourges (National)<\/p>\n<p>Dimanche 16 mars 2025<br \/>Vainqueur match 1 &#8211; Vainqueur match 2<\/p>\n","protected":false},"excerpt":{"rendered":"Finaliste de la Coupe de France en 2023, Charleville accueillera un des deux plateaux quarts et demi-finale le&hellip;\n","protected":false},"author":2,"featured_media":197000,"comment_status":"","ping_status":"","sticky":false,"template":"","format":"standard","meta":{"footnotes":""},"categories":[1414],"tags":[1465,1464,1011,27,60],"class_list":{"0":"post-196999","1":"post","2":"type-post","3":"status-publish","4":"format-standard","5":"has-post-thumbnail","7":"category-basket","8":"tag-basket","9":"tag-basketball","10":"tag-fr","11":"tag-france","12":"tag-sports"},"share_on_mastodon":{"url":"https:\/\/pubeurope.com\/@fr\/114729887215412290","error":""},"_links":{"self":[{"href":"https:\/\/www.europesays.com\/fr\/wp-json\/wp\/v2\/posts\/196999","targetHints":{"allow":["GET"]}}],"collection":[{"href":"https:\/\/www.europesays.com\/fr\/wp-json\/wp\/v2\/posts"}],"about":[{"href":"https:\/\/www.europesays.com\/fr\/wp-json\/wp\/v2\/types\/post"}],"author":[{"embeddable":true,"href":"https:\/\/www.europesays.com\/fr\/wp-json\/wp\/v2\/users\/2"}],"replies":[{"embeddable":true,"href":"https:\/\/www.europesays.com\/fr\/wp-json\/wp\/v2\/comments?post=196999"}],"version-history":[{"count":0,"href":"https:\/\/www.europesays.com\/fr\/wp-json\/wp\/v2\/posts\/196999\/revisions"}],"wp:featuredmedia":[{"embeddable":true,"href":"https:\/\/www.europesays.com\/fr\/wp-json\/wp\/v2\/media\/197000"}],"wp:attachment":[{"href":"https:\/\/www.europesays.com\/fr\/wp-json\/wp\/v2\/media?parent=196999"}],"wp:term":[{"taxonomy":"category","embeddable":true,"href":"https:\/\/www.europesays.com\/fr\/wp-json\/wp\/v2\/categories?post=196999"},{"taxonomy":"post_tag","embeddable":true,"href":"https:\/\/www.europesays.com\/fr\/wp-json\/wp\/v2\/tags?post=196999"}],"curies":[{"name":"wp","href":"https:\/\/api.w.org\/{rel}","templated":true}]}}