{"id":197003,"date":"2025-06-23T00:39:10","date_gmt":"2025-06-23T00:39:10","guid":{"rendered":"https:\/\/www.europesays.com\/fr\/197003\/"},"modified":"2025-06-23T00:39:10","modified_gmt":"2025-06-23T00:39:10","slug":"decouverte-star-reve-bleu-pourquoi-larrivee-de-pogba-a-monaco-et-en-ligue-1-representait-un-evenement","status":"publish","type":"post","link":"https:\/\/www.europesays.com\/fr\/197003\/","title":{"rendered":"D\u00e9couverte, star, r\u00eave bleu&#8230; Pourquoi l\u2019arriv\u00e9e de Pogba \u00e0 Monaco et en Ligue 1 repr\u00e9sentait un \u00e9v\u00e9nement"},"content":{"rendered":"<p><strong>D\u00c9CRYPTAGE \u2013<\/strong> La probable signature du champion du monde de 32 ans \u00e0 l\u2019AS Monaco ne manquerait pas de faire parler et de susciter l\u2019int\u00e9r\u00eat.<\/p>\n<p class=\"fig-paragraph\">Coup de tonnerre sur la plan\u00e8te football. Apr\u00e8s plusieurs semaines de discussions, des rumeurs ici et l\u00e0, un int\u00e9r\u00eat suppos\u00e9 d\u2019Arabie saoudite,\u00a0<a href=\"https:\/\/www.lefigaro.fr\/sports\/football\/transferts\/mercato-paul-pogba-en-route-vers-monaco-20250622\" target=\"_blank\" data-fig-type=\"NewsFlash\" rel=\"noopener\" data-gtm-custom-categorie=\"navigation\" data-gtm-custom-action=\"crossclick\" data-gtm-custom-label=\"Contextuel\" data-gtm-event=\"customEventSPE\" data-fig-domain=\"LEFIGARO\">Paul Pogba et Monaco se seraient entendus<\/a>\u00a0autour d\u2019un contrat de deux ans selon\u00a0<a href=\"https:\/\/www.leparisien.fr\/sports\/football\/ligue-1\/mercato-paul-pogba-va-bien-signer-a-monaco-22-06-2025-BTR3XWHAKNGA7NWRJ6IEHRLQ3E.php?ts=1750614651164\" target=\"_blank\" rel=\"nofollow noopener\" data-gtm-custom-categorie=\"navigation\" data-gtm-custom-action=\"crossclick\" data-gtm-custom-label=\"Contextuel\" data-gtm-event=\"customEventSPE\">Le Parisien<\/a> \u00a0et diverses autres sources.\u00a0<a href=\"http:\/\/www.lefigaro.fr\/sports\/football\/italie\/foot-la-juventus-turin-a-mis-fin-au-contrat-de-paul-pogba-suspendu-pour-dopage-20241115\" data-fig-type=\"NewsFlash\" data-gtm-custom-categorie=\"navigation\" data-gtm-custom-action=\"crossclick\" data-gtm-custom-label=\"Contextuel\" data-gtm-event=\"customEventSPE\" data-fig-domain=\"LEFIGARO\" target=\"_blank\" rel=\"noopener\">Lib\u00e9r\u00e9 par la Juventus en d\u00e9but d\u2019ann\u00e9e<\/a>\u00a0et \u00e9ligible \u00e0 retrouver les terrains depuis mars, apr\u00e8s la fin de sa\u00a0<a href=\"http:\/\/www.lefigaro.fr\/sports\/football\/equipe-de-france\/il-est-tombe-dans-le-panneau-paul-pogba-suspendu-pour-dopage-les-dessous-d-une-descente-aux-enfers-20240229\" data-fig-type=\"Article\" data-gtm-custom-categorie=\"navigation\" data-gtm-custom-action=\"crossclick\" data-gtm-custom-label=\"Contextuel\" data-gtm-event=\"customEventSPE\" data-fig-domain=\"LEFIGARO\" target=\"_blank\" rel=\"noopener\">suspension pour dopage<\/a>, le champion du monde de 32 ans ne serait \u00e9videmment pas un joueur lambda au sein de l\u2019effectif mon\u00e9gasque ou en Ligue 1. La Pioche deviendrait l\u2019une des principales t\u00eates d\u2019affiche du championnat. Une probable signature en forme d\u2019\u00e9v\u00e9nement. Explications.<\/p>\n<p>Un champion du monde de retour au bercail<\/p>\n<p class=\"fig-paragraph\">Outre les Parisiens Ousmane Demb\u00e9l\u00e9 et Lucas Hernandez ainsi que le Lyonnais Corentin Tolisso, les champions du monde 2018 se font rares au sein du championnat de France. Steve Mandanda (Rennes) et Samuel Umtiti (Lille), eux, sont en fin de contrat cet \u00e9t\u00e9. L\u2019arriv\u00e9e de Paul Pogba en Ligue 1 et \u00e0 l\u2019ASM serait donc forc\u00e9ment un \u00e9v\u00e9nement en ce sens\u2026<\/p>\n<p class=\"fig-premium-paywall__infos\">\n        Cet article est r\u00e9serv\u00e9 aux abonn\u00e9s.        Il vous reste 82% \u00e0 d\u00e9couvrir.\n    <\/p>\n<p>                <img  data- alt=\"Le Figaro\" class=\"fig-img--complete fig-img\"\/><\/p>\n<p class=\"fig-premium-paywall__title\">Vente Flash<\/p>\n<p class=\"fig-premium-paywall__subtitle\">3,99\u20ac par mois pendant 12 mois. Sans engagement.<\/p>\n<p class=\"fig-premium-paywall__connect\">\n                D\u00e9j\u00e0 abonn\u00e9\u00a0?                <a class=\"fig-premium-paywall__connect-link\" href=\"https:\/\/connect.lefigaro.fr\/login?client=horizon_web&amp;type=main&amp;redirect_uri=https%3A%2F%2Fwww.lefigaro.fr%2Fsports%2Ffootball%2Ftransferts%2Fdecouverte-star-reve-bleu-pourquoi-l-arrivee-de-pogba-a-monaco-et-en-ligue-1-representait-un-evenement-20250622\" data-js-gtm=\"{&quot;customCategorie&quot;: &quot;conversion&quot;, &quot;customAction&quot;: &quot;before_Landing_Connexion_paywall_auto&quot;, &quot;customLabel&quot;: &quot;bGVmaWdhcm8uZnJfXzFmMDRmYWZhLTA3YTItNjJjYy1iMzEwLTU5NmYwZGUxY2Y2MV9fTmV3c0ZsYXNo_D\u00e9couverte, star, r\u00eave bleu... Pourquoi l\u2019arriv\u00e9e de Pogba \u00e0 Monaco et en Ligue 1 repr\u00e9sentait un \u00e9v\u00e9nement_347&quot;, &quot;customIDSPE&quot;: &quot;bGVmaWdhcm8uZnJfXzFmMDRmYWZhLTA3YTItNjJjYy1iMzEwLTU5NmYwZGUxY2Y2MV9fTmV3c0ZsYXNo&quot;, &quot;event&quot;: &quot;customEventSPE&quot;}\" target=\"_blank\" rel=\"noopener\"><br \/>\n                    Connectez-vous<br \/>\n                <\/a>\n            <\/p>\n","protected":false},"excerpt":{"rendered":"D\u00c9CRYPTAGE \u2013 La probable signature du champion du monde de 32 ans \u00e0 l\u2019AS Monaco ne manquerait pas&hellip;\n","protected":false},"author":2,"featured_media":197004,"comment_status":"","ping_status":"","sticky":false,"template":"","format":"standard","meta":{"footnotes":""},"categories":[1412],"tags":[2266,69,2261,20532,1451,63,1452,1453,1454,1455,1011,27,7154,3309,6201,453,66,446,3225,1434,32134,70,67,60,969,10662],"class_list":{"0":"post-197003","1":"post","2":"type-post","3":"status-publish","4":"format-standard","5":"has-post-thumbnail","7":"category-f1","8":"tag-as-monaco","9":"tag-bundesliga","10":"tag-calcio","11":"tag-didier-deschamps","12":"tag-f1","13":"tag-football","14":"tag-formula-1","15":"tag-formula1","16":"tag-formule-1","17":"tag-formule1","18":"tag-fr","19":"tag-france","20":"tag-juventus-turin","21":"tag-l1","22":"tag-l2","23":"tag-liga","24":"tag-ligue-1","25":"tag-ligue-2","26":"tag-manchester-united","27":"tag-mercato","28":"tag-paul-pogba","29":"tag-premier-league","30":"tag-serie-a","31":"tag-sports","32":"tag-transfert","33":"tag-transferts"},"share_on_mastodon":{"url":"https:\/\/pubeurope.com\/@fr\/114729894734386535","error":""},"_links":{"self":[{"href":"https:\/\/www.europesays.com\/fr\/wp-json\/wp\/v2\/posts\/197003","targetHints":{"allow":["GET"]}}],"collection":[{"href":"https:\/\/www.europesays.com\/fr\/wp-json\/wp\/v2\/posts"}],"about":[{"href":"https:\/\/www.europesays.com\/fr\/wp-json\/wp\/v2\/types\/post"}],"author":[{"embeddable":true,"href":"https:\/\/www.europesays.com\/fr\/wp-json\/wp\/v2\/users\/2"}],"replies":[{"embeddable":true,"href":"https:\/\/www.europesays.com\/fr\/wp-json\/wp\/v2\/comments?post=197003"}],"version-history":[{"count":0,"href":"https:\/\/www.europesays.com\/fr\/wp-json\/wp\/v2\/posts\/197003\/revisions"}],"wp:featuredmedia":[{"embeddable":true,"href":"https:\/\/www.europesays.com\/fr\/wp-json\/wp\/v2\/media\/197004"}],"wp:attachment":[{"href":"https:\/\/www.europesays.com\/fr\/wp-json\/wp\/v2\/media?parent=197003"}],"wp:term":[{"taxonomy":"category","embeddable":true,"href":"https:\/\/www.europesays.com\/fr\/wp-json\/wp\/v2\/categories?post=197003"},{"taxonomy":"post_tag","embeddable":true,"href":"https:\/\/www.europesays.com\/fr\/wp-json\/wp\/v2\/tags?post=197003"}],"curies":[{"name":"wp","href":"https:\/\/api.w.org\/{rel}","templated":true}]}}