{"id":197009,"date":"2025-06-23T00:42:10","date_gmt":"2025-06-23T00:42:10","guid":{"rendered":"https:\/\/www.europesays.com\/fr\/197009\/"},"modified":"2025-06-23T00:42:10","modified_gmt":"2025-06-23T00:42:10","slug":"jamel-debbouze-balance-tout-sur-sa-colocation-avec-kylian-mbappe-un-gamin","status":"publish","type":"post","link":"https:\/\/www.europesays.com\/fr\/197009\/","title":{"rendered":"Jamel Debbouze balance tout sur sa colocation avec Kylian Mbapp\u00e9, \u00ab\u00a0Un gamin\u00a0\u00bb"},"content":{"rendered":"<p>Alors qu\u00a0\u00bbil \u00e9tait en pleine promotion de son dernier film<br \/>\nMercato, <strong>Jamel Debbouze<\/strong> a encha\u00een\u00e9 les<br \/>\ninterviews, \u00e9voquant son amour pour le ballon rond et le r\u00f4le<br \/>\ncentral que ce sport joue aujourd\u2019hui dans notre quotidien. Son<br \/>\nregard sur le foot va bien au-del\u00e0 du terrain : il en parle avec<br \/>\npassion, comme d\u2019un langage universel qui traverse les \u00e2ges et les<br \/>\ncultures. Mais derri\u00e8re les cam\u00e9ras et les micros, c\u2019est un autre<br \/>\nlien qui intrigue : <strong>sa complicit\u00e9 avec Kylian<br \/>\nMbapp\u00e9<\/strong>. Il faut dire que lors du confinement impos\u00e9 par la<br \/>\npand\u00e9mie, l\u2019humoriste a v\u00e9cu sous le m\u00eame toit que la star du<br \/>\nfootball fran\u00e7ais. Une cohabitation in\u00e9dite, qui a marqu\u00e9 le papa<br \/>\nde <strong>L\u00e9on<\/strong> \u00e0 vie.<\/p>\n<p>Kylian Mbapp\u00e9 hospitalis\u00e9 en pleine Coupe du monde des<br \/>\nclubs<\/p>\n<p>L\u2019absence de Kylian Mbapp\u00e9 lors de l\u2019affiche entre le Real<br \/>\nMadrid et Al-Hilal, mercredi soir, n\u2019est pas pass\u00e9e inaper\u00e7ue.<br \/>\nAlors que le natif de Bondy \u00e9tait attendu pour cette rencontre dans<br \/>\nle cadre de la Coupe du monde des clubs, c\u2019est <strong>une<br \/>\nsituation m\u00e9dicale inqui\u00e9tante<\/strong> qui l\u2019a emp\u00each\u00e9 de r\u00e9pondre<br \/>\npr\u00e9sent. Son \u00e9tat de sant\u00e9 s\u2019est fortement d\u00e9grad\u00e9, au point que le<br \/>\nstaff m\u00e9dical a jug\u00e9 n\u00e9cessaire de l\u2019hospitaliser. Un \u00e9pisode<br \/>\nmarquant, d\u2019autant plus surprenant pour un athl\u00e8te de ce calibre,<br \/>\nhabituellement solide physiquement.<\/p>\n<p>Cette hospitalisation a fait r\u00e9agir de nombreux observateurs,<br \/>\ndont <strong>Daniel Riolo<\/strong>. Le journaliste s\u2019est exprim\u00e9<br \/>\ndans l\u2019\u00e9mission L\u2019After Foot sur RMC, n\u2019h\u00e9sitant pas \u00e0 exprimer son<br \/>\n\u00e9tonnement : \u00ab Je trouve \u00e7a fou d\u2019\u00eatre hospitalis\u00e9 pour \u00e7a. \u00c7a<br \/>\na d\u00fb \u00eatre s\u00e9v\u00e8re \u00bb. Une d\u00e9claration qui en dit long sur la<br \/>\ngravit\u00e9 per\u00e7ue de l\u2019incident, alors que <a href=\"https:\/\/www.melty.fr\/sportz\/kylian-mbappe-decu-de-la-victoire-du-psg-en-ligue-des-champions-sa-reponse-cash-vous-voulez-les-details-2240658.html\" rel=\"nofollow noopener\" target=\"_blank\"><br \/>\nl&rsquo;ex-attaquant du PSG<\/a> suscite d\u00e9sormais des interrogations sur<br \/>\nsa condition physique dans cette p\u00e9riode cruciale de la saison.<\/p>\n<p>Le capitaine des Bleus va mieux<\/p>\n<p>Mis \u00e0 l\u2019\u00e9cart du groupe pour \u00e9viter tout risque de<br \/>\ncontamination, le joueur de la Maison Blanche a d\u00fb \u00eatre bri\u00e8vement<br \/>\nhospitalis\u00e9, comme l\u2019a confirm\u00e9 jeudi un communiqu\u00e9 officiel du<br \/>\nReal Madrid. Le club a pr\u00e9cis\u00e9 que cette \u00e9tape a permis \u00e0<br \/>\nl\u2019attaquant fran\u00e7ais de recevoir des soins adapt\u00e9s et de passer des<br \/>\nexamens compl\u00e9mentaires. Fort heureusement, <strong>les r\u00e9sultats<br \/>\nse sont r\u00e9v\u00e9l\u00e9s plut\u00f4t rassurants<\/strong>, dissipant ainsi les<br \/>\ninqui\u00e9tudes autour de son \u00e9tat de sant\u00e9.<\/p>\n<p>Peu apr\u00e8s, le club espagnol a publi\u00e9 une nouvelle d\u00e9claration<br \/>\npour indiquer que Kyky avait quitt\u00e9 l\u2019\u00e9tablissement de soins. Il a<br \/>\ndepuis retrouv\u00e9 la base du Real Madrid, install\u00e9e \u00e0 Palm Beach, en<br \/>\nFloride. \u00ab Notre joueur Kylian Mbapp\u00e9 est sorti de l\u2019h\u00f4pital<br \/>\ncet apr\u00e8s-midi et est revenu au camp d\u2019entra\u00eenement du Real Madrid.<br \/>\nMbapp\u00e9 continuera de recevoir un traitement m\u00e9dical sp\u00e9cifique et<br \/>\n<strong>reprendra progressivement une activit\u00e9 au sein de<br \/>\nl\u2019\u00e9quipe<\/strong> \u00bb, a pr\u00e9cis\u00e9 le club. D\u2019apr\u00e8s le m\u00e9dia AS,<br \/>\nle fils de <strong>Wilfried Mbapp\u00e9<\/strong> semble d\u00e9j\u00e0 en<br \/>\nmeilleure forme. N\u00e9anmoins, aucun calendrier pr\u00e9cis n\u2019a \u00e9t\u00e9<br \/>\ncommuniqu\u00e9 concernant sa reprise. Il para\u00eet peu probable qu\u2019il soit<br \/>\nalign\u00e9 pour la prochaine rencontre des hommes de <strong>Xabi<br \/>\nAlonso<\/strong> face \u00e0 Pachuca dans le cadre du Mondial des<br \/>\nclubs.<\/p>\n<p>Kylian Mbapp\u00e9 vu de l\u2019int\u00e9rieur : le<br \/>\nt\u00e9moignage sinc\u00e8re de Jamel Debbouze<\/p>\n<p>Impossible d\u2019ignorer Kylian Mbapp\u00e9 tant il est expos\u00e9. Cette<br \/>\nsurm\u00e9diatisation l\u2019am\u00e8ne souvent \u00e0 essuyer des critiques, m\u00eame<br \/>\nlorsqu\u2019il n\u2019est pas directement concern\u00e9. Exemple frappant : le 31<br \/>\nmai dernier, <strong>apr\u00e8s le sacre du PSG en Ligue des<br \/>\nChampions<\/strong>. Bien qu\u2019il ne soit plus parisien depuis un an,<br \/>\ncertains n\u2019ont pas h\u00e9sit\u00e9 \u00e0 pointer du doigt son passage au club,<br \/>\nsous-entendant qu\u2019il aurait \u00e9t\u00e9 un frein \u00e0 cette conqu\u00eate<br \/>\neurop\u00e9enne tant attendue.<\/p>\n<p>Mais dans l\u2019\u00e9mission Clique sur Canal+, Jamel Debbouze avait<br \/>\ntenu un tout autre discours. <a href=\"https:\/\/www.melty.fr\/sportz\/confine-avec-lui-jamel-debbouze-livre-un-avis-franc-sur-kylian-mbappe-jai-vu-un-gamin-2228963.html\" rel=\"nofollow noopener\" target=\"_blank\"><br \/>\nLui qui a v\u00e9cu plusieurs mois avec l\u2019attaquant du Real Madrid<br \/>\npendant le confinement<\/a>, partageant m\u00eame le quotidien de leurs<br \/>\ndeux familles, s\u2019est confi\u00e9 avec sinc\u00e9rit\u00e9 : \u00ab On a fini<br \/>\nensemble. J\u2019ai eu la chance de passer plusieurs mois \u00e0 ses c\u00f4t\u00e9s et<br \/>\nau c\u00f4t\u00e9 de sa famille. Nos deux familles se sont retrouv\u00e9es dans la<br \/>\nm\u00eame maison pendant le confinement. Ne me demande pas pourquoi,<br \/>\nc\u2019est trop long (\u2026) <strong>J\u2019ai vu toute l\u2019humanit\u00e9<\/strong>. (\u2026)<br \/>\n<strong>J\u2019ai vu un gamin<\/strong> et sa famille avec une vie des<br \/>\nplus normales. Ils essaient d\u2019avoir la vie la plus normale au<br \/>\nmonde. Et pourtant, c\u2019est tout sauf normal, ce qu\u2019ils vivent.<br \/>\n\u00bb<\/p>\n<p>L\u2019humoriste a aussi \u00e9voqu\u00e9 la pression permanente autour du<br \/>\njeune prodige : \u00ab Il n\u2019y a personne qui le pr\u00e9pare \u00e0 \u00e7a. \u00c7a m\u2019a<br \/>\ntoujours touch\u00e9, \u00e7a m\u2019a fascin\u00e9 de me dire qu\u2019on pouvait r\u00e9ussir \u00e0<br \/>\n\u00eatre au centre du monde et tenter de rester humain. Imaginez les<br \/>\nchoses auxquelles ils sont oblig\u00e9s de faire face, elles sont\u2026 Je ne<br \/>\ndis pas inhumaines, parce que \u00e7a reste des joueurs de foot malgr\u00e9<br \/>\ntout, mais <strong>c\u2019est extr\u00eamement dur, je trouve<\/strong>.<br \/>\n\u00bb Un t\u00e9moignage sinc\u00e8re, qui rappelle que derri\u00e8re la star se cache<br \/>\nencore un jeune homme comme tous les autres de son \u00e2ge.<\/p>\n","protected":false},"excerpt":{"rendered":"Alors qu\u00a0\u00bbil \u00e9tait en pleine promotion de son dernier film Mercato, Jamel Debbouze a encha\u00een\u00e9 les interviews, \u00e9voquant&hellip;\n","protected":false},"author":2,"featured_media":197010,"comment_status":"","ping_status":"","sticky":false,"template":"","format":"standard","meta":{"footnotes":""},"categories":[1359],"tags":[58,59,1011,27,8585,6477,973],"class_list":{"0":"post-197009","1":"post","2":"type-post","3":"status-publish","4":"format-standard","5":"has-post-thumbnail","7":"category-people","8":"tag-divertissement","9":"tag-entertainment","10":"tag-fr","11":"tag-france","12":"tag-jamel-debbouze","13":"tag-kylian-mbappe","14":"tag-people"},"share_on_mastodon":{"url":"https:\/\/pubeurope.com\/@fr\/114729906498577307","error":""},"_links":{"self":[{"href":"https:\/\/www.europesays.com\/fr\/wp-json\/wp\/v2\/posts\/197009","targetHints":{"allow":["GET"]}}],"collection":[{"href":"https:\/\/www.europesays.com\/fr\/wp-json\/wp\/v2\/posts"}],"about":[{"href":"https:\/\/www.europesays.com\/fr\/wp-json\/wp\/v2\/types\/post"}],"author":[{"embeddable":true,"href":"https:\/\/www.europesays.com\/fr\/wp-json\/wp\/v2\/users\/2"}],"replies":[{"embeddable":true,"href":"https:\/\/www.europesays.com\/fr\/wp-json\/wp\/v2\/comments?post=197009"}],"version-history":[{"count":0,"href":"https:\/\/www.europesays.com\/fr\/wp-json\/wp\/v2\/posts\/197009\/revisions"}],"wp:featuredmedia":[{"embeddable":true,"href":"https:\/\/www.europesays.com\/fr\/wp-json\/wp\/v2\/media\/197010"}],"wp:attachment":[{"href":"https:\/\/www.europesays.com\/fr\/wp-json\/wp\/v2\/media?parent=197009"}],"wp:term":[{"taxonomy":"category","embeddable":true,"href":"https:\/\/www.europesays.com\/fr\/wp-json\/wp\/v2\/categories?post=197009"},{"taxonomy":"post_tag","embeddable":true,"href":"https:\/\/www.europesays.com\/fr\/wp-json\/wp\/v2\/tags?post=197009"}],"curies":[{"name":"wp","href":"https:\/\/api.w.org\/{rel}","templated":true}]}}