{"id":197011,"date":"2025-06-23T00:44:22","date_gmt":"2025-06-23T00:44:22","guid":{"rendered":"https:\/\/www.europesays.com\/fr\/197011\/"},"modified":"2025-06-23T00:44:22","modified_gmt":"2025-06-23T00:44:22","slug":"le-premier-salon-du-livre-de-locmariaquer-a-tout-lavenir-devant-lui-en-images","status":"publish","type":"post","link":"https:\/\/www.europesays.com\/fr\/197011\/","title":{"rendered":"Le premier salon du livre de Locmariaquer a tout l\u2019avenir devant lui [En images]"},"content":{"rendered":"<p>L\u2019\u00c9cume des livres, le premier salon du livre de Locmariaquer, a attir\u00e9 de nombreux visiteurs samedi 21 et dimanche 22 juin sur le port. Une soixantaine de personnes ont assist\u00e9 \u00e0 la soir\u00e9e d\u2019ouverture, vendredi au cin\u00e9ma Ti Hanok. Samedi et dimanche, les 25 auteurs pr\u00e9sents ont d\u00e9dicac\u00e9 leurs ouvrages et \u00e9chang\u00e9 avec leurs lectrices et lecteurs. La dict\u00e9e pour les nuls, \u00e9crite et lue par Jean-Joseph Julaud, avait pour th\u00e8me Locmariaquer. De nombreux pi\u00e8ges ont donn\u00e9 du fil \u00e0 retordre aux participants. Les tables rondes ont trouv\u00e9 leur public. La deuxi\u00e8me \u00e9dition est d\u00e9j\u00e0 dans toutes les t\u00eates.<\/p>\n","protected":false},"excerpt":{"rendered":"L\u2019\u00c9cume des livres, le premier salon du livre de Locmariaquer, a attir\u00e9 de nombreux visiteurs samedi 21 et&hellip;\n","protected":false},"author":2,"featured_media":197012,"comment_status":"","ping_status":"","sticky":false,"template":"","format":"standard","meta":{"footnotes":""},"categories":[1357],"tags":[7507,1379,58,59,1011,27,1380,18642],"class_list":{"0":"post-197011","1":"post","2":"type-post","3":"status-publish","4":"format-standard","5":"has-post-thumbnail","7":"category-livres","8":"tag-auray","9":"tag-books","10":"tag-divertissement","11":"tag-entertainment","12":"tag-fr","13":"tag-france","14":"tag-livres","15":"tag-locmariaquer"},"share_on_mastodon":{"url":"https:\/\/pubeurope.com\/@fr\/114729914658395182","error":""},"_links":{"self":[{"href":"https:\/\/www.europesays.com\/fr\/wp-json\/wp\/v2\/posts\/197011","targetHints":{"allow":["GET"]}}],"collection":[{"href":"https:\/\/www.europesays.com\/fr\/wp-json\/wp\/v2\/posts"}],"about":[{"href":"https:\/\/www.europesays.com\/fr\/wp-json\/wp\/v2\/types\/post"}],"author":[{"embeddable":true,"href":"https:\/\/www.europesays.com\/fr\/wp-json\/wp\/v2\/users\/2"}],"replies":[{"embeddable":true,"href":"https:\/\/www.europesays.com\/fr\/wp-json\/wp\/v2\/comments?post=197011"}],"version-history":[{"count":0,"href":"https:\/\/www.europesays.com\/fr\/wp-json\/wp\/v2\/posts\/197011\/revisions"}],"wp:featuredmedia":[{"embeddable":true,"href":"https:\/\/www.europesays.com\/fr\/wp-json\/wp\/v2\/media\/197012"}],"wp:attachment":[{"href":"https:\/\/www.europesays.com\/fr\/wp-json\/wp\/v2\/media?parent=197011"}],"wp:term":[{"taxonomy":"category","embeddable":true,"href":"https:\/\/www.europesays.com\/fr\/wp-json\/wp\/v2\/categories?post=197011"},{"taxonomy":"post_tag","embeddable":true,"href":"https:\/\/www.europesays.com\/fr\/wp-json\/wp\/v2\/tags?post=197011"}],"curies":[{"name":"wp","href":"https:\/\/api.w.org\/{rel}","templated":true}]}}