{"id":197021,"date":"2025-06-23T00:50:14","date_gmt":"2025-06-23T00:50:14","guid":{"rendered":"https:\/\/www.europesays.com\/fr\/197021\/"},"modified":"2025-06-23T00:50:14","modified_gmt":"2025-06-23T00:50:14","slug":"miley-cyrus-claque-plus-de-400-000-euros-pour-se-loger-a-paris-2","status":"publish","type":"post","link":"https:\/\/www.europesays.com\/fr\/197021\/","title":{"rendered":"Miley Cyrus claque plus de 400.000 euros pour se loger \u00e0 Paris"},"content":{"rendered":"<p>A la magie des <a href=\"https:\/\/www.20minutes.fr\/dossier\/reseaux_sociaux\" class=\"color-ultramarine c-link\" rel=\"nofollow noopener\" target=\"_blank\">r\u00e9seaux sociaux<\/a> (ou pas). Ils permettent de dire \u00ab\u00a0Coucou, je suis l\u00e0\u00a0\u00bb \u00e0 l\u2019image de <a href=\"https:\/\/www.20minutes.fr\/arts-stars\/people\/miley_cyrus\/\" class=\"color-ultramarine c-link\" rel=\"nofollow noopener\" target=\"_blank\">Miley Cyrus<\/a> qui sur <a href=\"https:\/\/www.instagram.com\/mileycyrus\/\" rel=\"nofollow noopener\" target=\"_blank\" class=\"color-ultramarine c-link\">Instagram<\/a> d\u00e9clare sa flamme \u00e0 la capitale parisienne &#8211; \u00ab\u00a0Paris is the place for me\u2026 I love you all\u00a0\u00bb sur sa chanson Give Me Love (\u00ab Paris est le lieu pour moi\u2026 Je vous aime tous\u00a0\u00bb) &#8211; lors de sa venue pour le premier concert de <a href=\"https:\/\/www.20minutes.fr\/arts-stars\/insolite\/4156131-20250530-beyonce-revele-deux-fans-sexe-futur-bebe-lors-concert-tournee-cowboy-carter\" target=\"_blank\" class=\"color-ultramarine c-link\" rel=\"nofollow noopener\">Beyonc\u00e9<\/a> au Stade de France. Et ils permettent aux fans de savoir facilement o\u00f9 logent les stars. C\u2019est le cas pour la chanteuse am\u00e9ricaine.<\/p>\n<\/p>\n<p>Ses suiveurs n\u2019ont eu qu\u2019\u00e0 suivre ses posts pour savoir qu\u2019elle \u00e9tait au Lutetia (6e\u00a0arrondissement). Dans l\u2019un, elle pose sur une terrasse surplombant Paris avec en arri\u00e8re plan le square Boucicaut. Dans un autre, elle entre dans le palace et ses fans pr\u00e9sents sont pr\u00e9sents pour lui offrir des fleurs.<\/p>\n<p class=\"mb-m@xs text-l@xs\">En cliquant sur\u00ab J\u2019accepte \u00bb, vous acceptez le d\u00e9p\u00f4t de cookies par des services externes et aurez ainsi acc\u00e8s aux contenus de nos partenaires.<\/p>\n<p class=\"mb-xl@xs text-s@xs\">Plus d\u2019informations sur la page<a href=\"https:\/\/www.20minutes.fr\/gestion-cookies\" class=\"mx-xxs@xs color-ultramarine\" rel=\"nofollow noopener\" target=\"_blank\">Politique de gestion des cookies<\/a><\/p>\n<p>J\u2019accepte<\/p>\n<p><a href=\"https:\/\/www.leparisien.fr\/politique\/lautomne-international-de-bardella-la-suite-de-luxe-de-miley-cyrus-les-defiles-delus-a-bercy-nos-indiscretions-de-la-semaine-22-06-2025-DR67MOPYUFDMHM5IRS4C6FSN3I.php\" target=\"_blank\" class=\"color-ultramarine c-link\" rel=\"nofollow noopener\">Le Parisien<\/a> r\u00e9v\u00e8le qu\u2019elle s\u2019est install\u00e9e pour trois semaines dans la suite la plus luxueuse du Lutetia. Plus de 20.000 euros la nuit\u00a0! A ce prix-l\u00e0, on esp\u00e8re qu\u2019elle dormira bien.<\/p>\n<p><script async src=\"\/\/www.instagram.com\/embed.js\"><\/script><\/p>\n","protected":false},"excerpt":{"rendered":"A la magie des r\u00e9seaux sociaux (ou pas). Ils permettent de dire \u00ab\u00a0Coucou, je suis l\u00e0\u00a0\u00bb \u00e0 l\u2019image&hellip;\n","protected":false},"author":2,"featured_media":197022,"comment_status":"","ping_status":"","sticky":false,"template":"","format":"standard","meta":{"footnotes":""},"categories":[8],"tags":[7362,1697,58,59,1011,27,662,2440,25476,873,626,973,938,3287],"class_list":{"0":"post-197021","1":"post","2":"type-post","3":"status-publish","4":"format-standard","5":"has-post-thumbnail","7":"category-divertissement","8":"tag-beyonce","9":"tag-concert","10":"tag-divertissement","11":"tag-entertainment","12":"tag-fr","13":"tag-france","14":"tag-ile-de-france","15":"tag-instagram","16":"tag-miley-cyrus","17":"tag-musique","18":"tag-paris","19":"tag-people","20":"tag-reseaux-sociaux","21":"tag-stars"},"share_on_mastodon":{"url":"https:\/\/pubeurope.com\/@fr\/114729938762220085","error":""},"_links":{"self":[{"href":"https:\/\/www.europesays.com\/fr\/wp-json\/wp\/v2\/posts\/197021","targetHints":{"allow":["GET"]}}],"collection":[{"href":"https:\/\/www.europesays.com\/fr\/wp-json\/wp\/v2\/posts"}],"about":[{"href":"https:\/\/www.europesays.com\/fr\/wp-json\/wp\/v2\/types\/post"}],"author":[{"embeddable":true,"href":"https:\/\/www.europesays.com\/fr\/wp-json\/wp\/v2\/users\/2"}],"replies":[{"embeddable":true,"href":"https:\/\/www.europesays.com\/fr\/wp-json\/wp\/v2\/comments?post=197021"}],"version-history":[{"count":0,"href":"https:\/\/www.europesays.com\/fr\/wp-json\/wp\/v2\/posts\/197021\/revisions"}],"wp:featuredmedia":[{"embeddable":true,"href":"https:\/\/www.europesays.com\/fr\/wp-json\/wp\/v2\/media\/197022"}],"wp:attachment":[{"href":"https:\/\/www.europesays.com\/fr\/wp-json\/wp\/v2\/media?parent=197021"}],"wp:term":[{"taxonomy":"category","embeddable":true,"href":"https:\/\/www.europesays.com\/fr\/wp-json\/wp\/v2\/categories?post=197021"},{"taxonomy":"post_tag","embeddable":true,"href":"https:\/\/www.europesays.com\/fr\/wp-json\/wp\/v2\/tags?post=197021"}],"curies":[{"name":"wp","href":"https:\/\/api.w.org\/{rel}","templated":true}]}}