{"id":197025,"date":"2025-06-23T00:52:09","date_gmt":"2025-06-23T00:52:09","guid":{"rendered":"https:\/\/www.europesays.com\/fr\/197025\/"},"modified":"2025-06-23T00:52:09","modified_gmt":"2025-06-23T00:52:09","slug":"la-fermeture-du-detroit-dormuz-spectre-dune-flambee-des-prix-du-petrole-et-du-gaz-liberation","status":"publish","type":"post","link":"https:\/\/www.europesays.com\/fr\/197025\/","title":{"rendered":"la fermeture du d\u00e9troit d\u2019Ormuz, spectre d\u2019une flamb\u00e9e des prix du p\u00e9trole et du gaz \u2013 Lib\u00e9ration"},"content":{"rendered":"<p class=\"sc-ksZaOG ehjQrN text-element\">\u00abLes march\u00e9s d\u00e9testent l\u2019incertitude.\u00bb La sentence revient en boucle dans la sph\u00e8re financi\u00e8re que ce soit chez les traders, les banquiers ou les investisseurs. Or depuis la nuit de samedi 21 \u00e0 dimanche 22 juin <a href=\"https:\/\/www.liberation.fr\/international\/amerique\/operation-marteau-de-minuit-comment-trump-a-signe-lentree-fracassante-des-etats-unis-dans-le-conflit-entre-israel-et-liran-20250622_NXKWYLR7OVHYVNTGIZNOR74XTE\/\" target=\"_blank\" rel=\"noreferrer noopener\" title=\"https:\/\/www.liberation.fr\/international\/amerique\/operation-marteau-de-minuit-comment-trump-a-signe-lentree-fracassante-des-etats-unis-dans-le-conflit-entre-israel-et-liran-20250622_NXKWYLR7OVHYVNTGIZNOR74XTE\/\">et les frappes contre trois sites nucl\u00e9aires iraniens<\/a> par des bombardiers am\u00e9ricains B2, l\u2019incertitude est plus que jamais de mise. D\u2019autant plus que le Parlement iranien, selon le m\u00e9dia local Press TV, aurait accept\u00e9 <a href=\"https:\/\/www.liberation.fr\/international\/moyen-orient\/la-guerre-entre-liran-et-israel-ressuscite-la-menace-dune-fermeture-du-detroit-dormuz-20250619_NGKJ7R74TJHG3GUEVVROEMDNTU\/\" target=\"_blank\" rel=\"noreferrer noopener\" title=\"https:\/\/www.liberation.fr\/international\/moyen-orient\/la-guerre-entre-liran-et-israel-ressuscite-la-menace-dune-fermeture-du-detroit-dormuz-20250619_NGKJ7R74TJHG3GUEVVROEMDNTU\/\">la fermeture du d\u00e9troit d\u2019Ormuz, dans le golfe Persique<\/a>, par lequel transite 20 % du commerce mondial du p\u00e9trole et du gaz. \u00abDeux hommes forts du r\u00e9gime, Mohsen Reza\u00ef [ancien g<\/p>\n","protected":false},"excerpt":{"rendered":"\u00abLes march\u00e9s d\u00e9testent l\u2019incertitude.\u00bb La sentence revient en boucle dans la sph\u00e8re financi\u00e8re que ce soit chez les&hellip;\n","protected":false},"author":2,"featured_media":197026,"comment_status":"","ping_status":"","sticky":false,"template":"","format":"standard","meta":{"footnotes":""},"categories":[6],"tags":[35,33,34,1011,27,33674,3019,4884,31951],"class_list":{"0":"post-197025","1":"post","2":"type-post","3":"status-publish","4":"format-standard","5":"has-post-thumbnail","7":"category-economie","8":"tag-business","9":"tag-economie","10":"tag-economy","11":"tag-fr","12":"tag-france","13":"tag-hydrocarbure","14":"tag-iran","15":"tag-iran-etats-unis","16":"tag-iran-israel-guerre"},"share_on_mastodon":{"url":"","error":""},"_links":{"self":[{"href":"https:\/\/www.europesays.com\/fr\/wp-json\/wp\/v2\/posts\/197025","targetHints":{"allow":["GET"]}}],"collection":[{"href":"https:\/\/www.europesays.com\/fr\/wp-json\/wp\/v2\/posts"}],"about":[{"href":"https:\/\/www.europesays.com\/fr\/wp-json\/wp\/v2\/types\/post"}],"author":[{"embeddable":true,"href":"https:\/\/www.europesays.com\/fr\/wp-json\/wp\/v2\/users\/2"}],"replies":[{"embeddable":true,"href":"https:\/\/www.europesays.com\/fr\/wp-json\/wp\/v2\/comments?post=197025"}],"version-history":[{"count":0,"href":"https:\/\/www.europesays.com\/fr\/wp-json\/wp\/v2\/posts\/197025\/revisions"}],"wp:featuredmedia":[{"embeddable":true,"href":"https:\/\/www.europesays.com\/fr\/wp-json\/wp\/v2\/media\/197026"}],"wp:attachment":[{"href":"https:\/\/www.europesays.com\/fr\/wp-json\/wp\/v2\/media?parent=197025"}],"wp:term":[{"taxonomy":"category","embeddable":true,"href":"https:\/\/www.europesays.com\/fr\/wp-json\/wp\/v2\/categories?post=197025"},{"taxonomy":"post_tag","embeddable":true,"href":"https:\/\/www.europesays.com\/fr\/wp-json\/wp\/v2\/tags?post=197025"}],"curies":[{"name":"wp","href":"https:\/\/api.w.org\/{rel}","templated":true}]}}