{"id":19703,"date":"2025-04-12T11:32:39","date_gmt":"2025-04-12T11:32:39","guid":{"rendered":"https:\/\/www.europesays.com\/fr\/19703\/"},"modified":"2025-04-12T11:32:39","modified_gmt":"2025-04-12T11:32:39","slug":"un-homme-depouille-de-son-scooter-sous-la-menace-dune-arme-par-5-assaillants","status":"publish","type":"post","link":"https:\/\/www.europesays.com\/fr\/19703\/","title":{"rendered":"Un homme d\u00e9pouill\u00e9 de son scooter sous la menace d\u2019une arme par 5 assaillants"},"content":{"rendered":"<p>Cinq individus s\u2019en sont pris au conducteur d\u2019un deux-roues dans la nuit du mercredi\u00a09 au jeudi 10\u00a0avril, <a href=\"https:\/\/www.laprovence.com\/article\/faits-divers-justice\/2436107577335115\/4-fusillades-3-personnes-blessees-comment-expliquer-les-fusillades-en-serie-a-la-cite-des-rosiers-a-marseille\" target=\"_blank\" rel=\"noopener\">cit\u00e9 des Rosiers<\/a>, dans le 14e arrondissement de Marseille. Il \u00e9tait 0 h 30, lorsqu\u2019un homme de 35\u00a0ans qui se trouvait sur son scooter, s\u2019est vu soudainement cern\u00e9 par cinq individus manifestement tr\u00e8s mal intentionn\u00e9s.<\/p>\n<p>Sous la menace de l\u2019arme de poing braqu\u00e9e par l\u2019un des assaillants, le pilote de l\u2019engin a \u00e9t\u00e9 contraint de remettre son deux-roues, son t\u00e9l\u00e9phone portable, ainsi qu\u2019un trousseau de clefs.<\/p>\n<p>Alert\u00e9s par la victime et forts de la description fournie par la victime, les policiers ont rapidement rep\u00e9r\u00e9 un v\u00e9hicule dont les occupants correspondaient au signalement. Leur interpellation et l\u2019examen du v\u00e9hicule ont permis de mettre la main sur la coque du t\u00e9l\u00e9phone vol\u00e9 et le trousseau de clefs. Quant au <a href=\"https:\/\/www.laprovence.com\/article\/actualites\/1461957\/marseille-capitale-du-vol-de-deux-roues.html\" target=\"_blank\" rel=\"noopener\">scooter<\/a>, il a \u00e9t\u00e9 retrouv\u00e9 un peu loin.<\/p>\n<p>\u00c2g\u00e9s de 15 \u00e0 19\u00a0ans, les cinq auteurs pr\u00e9sum\u00e9s ont \u00e9t\u00e9 plac\u00e9s en garde \u00e0 vue.<\/p>\n","protected":false},"excerpt":{"rendered":"Cinq individus s\u2019en sont pris au conducteur d\u2019un deux-roues dans la nuit du mercredi\u00a09 au jeudi 10\u00a0avril, cit\u00e9&hellip;\n","protected":false},"author":2,"featured_media":19704,"comment_status":"","ping_status":"","sticky":false,"template":"","format":"standard","meta":{"footnotes":""},"categories":[2814],"tags":[17,1111,11,7624,4440,1777,674,274,1011,27,4933,884,1147,12,882,25,6291,3711,3107],"class_list":{"0":"post-19703","1":"post","2":"type-post","3":"status-publish","4":"format-standard","5":"has-post-thumbnail","7":"category-marseille","8":"tag-17","9":"tag-actu","10":"tag-actualites","11":"tag-depouille","12":"tag-dune","13":"tag-eu","14":"tag-europe","15":"tag-faits-divers-justice","16":"tag-fr","17":"tag-france","18":"tag-homme","19":"tag-marseille","20":"tag-menace","21":"tag-news","22":"tag-provence-alpes-cote-dazur","23":"tag-republique-francaise","24":"tag-scooter","25":"tag-son","26":"tag-sous"},"share_on_mastodon":{"url":"https:\/\/pubeurope.com\/@fr\/114324776265343838","error":""},"_links":{"self":[{"href":"https:\/\/www.europesays.com\/fr\/wp-json\/wp\/v2\/posts\/19703","targetHints":{"allow":["GET"]}}],"collection":[{"href":"https:\/\/www.europesays.com\/fr\/wp-json\/wp\/v2\/posts"}],"about":[{"href":"https:\/\/www.europesays.com\/fr\/wp-json\/wp\/v2\/types\/post"}],"author":[{"embeddable":true,"href":"https:\/\/www.europesays.com\/fr\/wp-json\/wp\/v2\/users\/2"}],"replies":[{"embeddable":true,"href":"https:\/\/www.europesays.com\/fr\/wp-json\/wp\/v2\/comments?post=19703"}],"version-history":[{"count":0,"href":"https:\/\/www.europesays.com\/fr\/wp-json\/wp\/v2\/posts\/19703\/revisions"}],"wp:featuredmedia":[{"embeddable":true,"href":"https:\/\/www.europesays.com\/fr\/wp-json\/wp\/v2\/media\/19704"}],"wp:attachment":[{"href":"https:\/\/www.europesays.com\/fr\/wp-json\/wp\/v2\/media?parent=19703"}],"wp:term":[{"taxonomy":"category","embeddable":true,"href":"https:\/\/www.europesays.com\/fr\/wp-json\/wp\/v2\/categories?post=19703"},{"taxonomy":"post_tag","embeddable":true,"href":"https:\/\/www.europesays.com\/fr\/wp-json\/wp\/v2\/tags?post=19703"}],"curies":[{"name":"wp","href":"https:\/\/api.w.org\/{rel}","templated":true}]}}