{"id":197031,"date":"2025-06-23T00:57:26","date_gmt":"2025-06-23T00:57:26","guid":{"rendered":"https:\/\/www.europesays.com\/fr\/197031\/"},"modified":"2025-06-23T00:57:26","modified_gmt":"2025-06-23T00:57:26","slug":"alerte-rouge-dans-le-ciel-ligerien-orages-et-grele-ce-dimanche-soir","status":"publish","type":"post","link":"https:\/\/www.europesays.com\/fr\/197031\/","title":{"rendered":"ALERTE ROUGE DANS LE CIEL LIG\u00c9RIEN : ORAGES ET GR\u00caLE CE DIMANCHE SOIR"},"content":{"rendered":"<p>Les services de M\u00e9t\u00e9o France maintiennent une surveillance renforc\u00e9e avec deux alertes simultan\u00e9es : vigilance jaune aux orages jusqu\u2019\u00e0 23 heures et prolongation de l\u2019alerte canicule qui perdure depuis plusieurs jours.<\/p>\n<p>L\u2019offensive orageuse d\u00e9butera par les zones d\u2019altitude du d\u00e9partement. Les monts du Pilat et du Forez essuieront les premiers assauts de ces perturbations avant que le ph\u00e9nom\u00e8ne ne migre progressivement vers les secteurs de plaine. <\/p>\n<p>Les m\u00e9t\u00e9orologues anticipent des rafales pouvant atteindre 80 kilom\u00e8tres par heure, accompagn\u00e9es de chutes de gr\u00eale de faible intensit\u00e9. Ces conditions atmosph\u00e9riques repr\u00e9sentent des risques non n\u00e9gligeables pour les activit\u00e9s ext\u00e9rieures et les d\u00e9placements.<\/p>\n<p>Massif Central particuli\u00e8rement expos\u00e9<\/p>\n<p>La zone montagneuse centrale fait l\u2019objet d\u2019une attention particuli\u00e8re des pr\u00e9visionnistes. Cette r\u00e9gion pr\u00e9sente un potentiel orageux plus marqu\u00e9 avec des possibilit\u00e9s de gr\u00eale localement plus importante que dans le reste du territoire. L\u2019intensit\u00e9 des ph\u00e9nom\u00e8nes devrait progressivement s\u2019att\u00e9nuer avec l\u2019arriv\u00e9e du soir. Cette d\u00e9crue naturelle de l\u2019activit\u00e9 orageuse correspond aux cycles habituels de ce type de perturbations atmosph\u00e9riques.<\/p>\n<p>Temp\u00e9ratures caniculaires maintenues<\/p>\n<p>Parall\u00e8lement \u00e0 ces risques orageux, le d\u00e9partement continue de subir des conditions de forte chaleur. Cette situation thermique exceptionnelle perdure depuis plusieurs jours cons\u00e9cutifs. Les d\u00e9partements voisins du Rh\u00f4ne et de l\u2019Is\u00e8re subissent une surveillance orange canicule avec des relev\u00e9s thermiques impressionnants. Les thermom\u00e8tres ont affich\u00e9 entre 34 et 37 degr\u00e9s Celsius, Lyon enregistrant notamment 35 degr\u00e9s.<\/p>\n<p>M\u00eame durant les heures nocturnes, les temp\u00e9ratures peinent \u00e0 redescendre significativement. Les relev\u00e9s de fin de nuit oscillent entre 18 et 22 degr\u00e9s, avec des pointes locales encore plus \u00e9lev\u00e9es.<\/p>\n<p>Recommandations officielles<\/p>\n<p>Les autorit\u00e9s pr\u00e9fectorales appellent la population \u00e0 la vigilance maximale durant cette p\u00e9riode d\u00e9licate. Prudence renforc\u00e9e lors des d\u00e9placements et surveillance continue de l\u2019\u00e9volution m\u00e9t\u00e9orologique constituent les ma\u00eetres-mots de cette journ\u00e9e \u00e0 risques. Cette combinaison orages-canicule illustre parfaitement l\u2019instabilit\u00e9 climatique caract\u00e9ristique des \u00e9pisodes estivaux intenses, n\u00e9cessitant une adaptation comportementale de tous les usagers du territoire lig\u00e9rien.<\/p>\n","protected":false},"excerpt":{"rendered":"Les services de M\u00e9t\u00e9o France maintiennent une surveillance renforc\u00e9e avec deux alertes simultan\u00e9es : vigilance jaune aux orages&hellip;\n","protected":false},"author":2,"featured_media":197032,"comment_status":"","ping_status":"","sticky":false,"template":"","format":"standard","meta":{"footnotes":""},"categories":[9653],"tags":[1111,11,2430,1777,674,1011,27,3367,2487,7357,12,14113,25,9838,9669,4001],"class_list":{"0":"post-197031","1":"post","2":"type-post","3":"status-publish","4":"format-standard","5":"has-post-thumbnail","7":"category-saint-etienne","8":"tag-actu","9":"tag-actualites","10":"tag-auvergne-rhone-alpes","11":"tag-eu","12":"tag-europe","13":"tag-fr","14":"tag-france","15":"tag-loire","16":"tag-meteo","17":"tag-montbrison","18":"tag-news","19":"tag-orage","20":"tag-republique-francaise","21":"tag-roanne","22":"tag-saint-chamond","23":"tag-saint-etienne"},"share_on_mastodon":{"url":"https:\/\/pubeurope.com\/@fr\/114729965531601894","error":""},"_links":{"self":[{"href":"https:\/\/www.europesays.com\/fr\/wp-json\/wp\/v2\/posts\/197031","targetHints":{"allow":["GET"]}}],"collection":[{"href":"https:\/\/www.europesays.com\/fr\/wp-json\/wp\/v2\/posts"}],"about":[{"href":"https:\/\/www.europesays.com\/fr\/wp-json\/wp\/v2\/types\/post"}],"author":[{"embeddable":true,"href":"https:\/\/www.europesays.com\/fr\/wp-json\/wp\/v2\/users\/2"}],"replies":[{"embeddable":true,"href":"https:\/\/www.europesays.com\/fr\/wp-json\/wp\/v2\/comments?post=197031"}],"version-history":[{"count":0,"href":"https:\/\/www.europesays.com\/fr\/wp-json\/wp\/v2\/posts\/197031\/revisions"}],"wp:featuredmedia":[{"embeddable":true,"href":"https:\/\/www.europesays.com\/fr\/wp-json\/wp\/v2\/media\/197032"}],"wp:attachment":[{"href":"https:\/\/www.europesays.com\/fr\/wp-json\/wp\/v2\/media?parent=197031"}],"wp:term":[{"taxonomy":"category","embeddable":true,"href":"https:\/\/www.europesays.com\/fr\/wp-json\/wp\/v2\/categories?post=197031"},{"taxonomy":"post_tag","embeddable":true,"href":"https:\/\/www.europesays.com\/fr\/wp-json\/wp\/v2\/tags?post=197031"}],"curies":[{"name":"wp","href":"https:\/\/api.w.org\/{rel}","templated":true}]}}