{"id":197033,"date":"2025-06-23T01:00:21","date_gmt":"2025-06-23T01:00:21","guid":{"rendered":"https:\/\/www.europesays.com\/fr\/197033\/"},"modified":"2025-06-23T01:00:21","modified_gmt":"2025-06-23T01:00:21","slug":"nancy-nouvelle-unite-de-dialyse-et-nouvelle-organisation-au-chru-de-nancy","status":"publish","type":"post","link":"https:\/\/www.europesays.com\/fr\/197033\/","title":{"rendered":"Nancy. Nouvelle unit\u00e9 de dialyse et nouvelle organisation au CHRU de Nancy"},"content":{"rendered":"<p>L\u2019am\u00e9lioration de la prise en charge des insuffisants r\u00e9naux sous dialyse a franchi un seuil au CHRU de Nancy. L\u2019h\u00f4pital universitaire et l\u2019Association lorraine pour le traitement de l\u2019insuffisance r\u00e9nale (ALTIR) ont scell\u00e9 leur union au sein d\u2019un Groupement de coop\u00e9ration sanitaire (GCS) UDAC. Ce mariage d\u2019int\u00e9r\u00eat vise \u00e0 fluidifier le parcours des patients. La constitution de l\u2019UDAC s\u2019est assortie d\u2019un d\u00e9m\u00e9nagement des salles de dialyse d\u2019ALTIR sur un plateau de Brabois adultes, anciennement occup\u00e9 par un laboratoire.<\/p>\n<p>  Renforcer la capacit\u00e9 de dialyse<\/p>\n<p>Un investissement conjoint d\u20191,8\u00a0millions d\u2019euros a \u00e9t\u00e9 consenti pour mener \u00e0 bien ce projet de r\u00e9novation qui comprend, notamment, la cr\u00e9ation de huit postes de dialyse suppl\u00e9mentaires. Les installations et le si\u00e8ge de L\u2019ALTIR se trouvaient dans une construction v\u00e9tuste localis\u00e9e en dehors du b\u00e2timent central de Brabois. \u00ab\u00a0On a mis en commun des moyens pour renforcer la capacit\u00e9 de dialyse par rapport au besoin de sant\u00e9 de la population. Dans le Grand Est, on a une pr\u00e9valence des maladies r\u00e9nales plus importante que dans d\u2019autres r\u00e9gions\u00a0\u00bb, a indiqu\u00e9 ce mardi 17\u00a0juin, <a href=\"https:\/\/www.estrepublicain.fr\/sante\/2025\/03\/29\/chru-de-nancy-on-va-devoir-faire-mieux-avec-les-moyens-actuels\" target=\"_blank\" rel=\"noopener\">Arnaud Vanneste, directeur g\u00e9n\u00e9ral du CHRU de Nancy<\/a>.<\/p>\n<p>Surtout, cette reconfiguration doit permettre de mieux accompagner les patients tout au long de leur parcours en instaurant dans le GCS une gestion administrative commune au CHRU et \u00e0 l\u2019ALTIR. Les deux partenaires collaborent \u00e9troitement depuis longtemps, le \u00ab\u00a0CHRU ayant peu de places en dialyse\u00a0\u00bb. Fond\u00e9e en 1972, l\u2019Association lorraine pour le traitement de l\u2019insuffisance r\u00e9nale compte onze centres en Lorraine r\u00e9partis dans les quatre d\u00e9partements. Elle accueille plus de 500 patients. Elle offre aux insuffisants r\u00e9naux des services de dialyse \u00e0 proximit\u00e9 de chez eux, voire \u00e0 leur domicile.<\/p>\n<p>  Optimisation du parcours<\/p>\n<p>De son c\u00f4t\u00e9, le CHRU de Nancy assure le d\u00e9pistage, la prise en charge m\u00e9dicale\u2026 Le <a href=\"https:\/\/www.estrepublicain.fr\/magazine-sante\/2023\/03\/08\/diabete-obesite-hypertension-il-faut-surveiller-ses-reins-insiste-ce-professeur-du-chru-de-nancy\" target=\"_blank\" rel=\"noopener\">Pr Luc Frimat, chef du service de n\u00e9phrologie du CHRU de Nancy<\/a> , d\u00e9crit cette r\u00e9partition des r\u00f4les\u00a0: \u00ab\u00a0Il existe quatre grands niveaux de s\u00e9v\u00e9rit\u00e9 pour l\u2019h\u00e9modialyse et un niveau pour la dialyse p\u00e9riton\u00e9ale. Le patient qui pr\u00e9sente des maladies associ\u00e9es n\u00e9cessitant une dialyse en secteur hospitalier, est orient\u00e9 vers le centre lourd dont nous nous occupons.\u00a0\u00bb Apr\u00e8s, poursuit le sp\u00e9cialiste, \u00ab\u00a0nous avons des structures de plus en plus all\u00e9g\u00e9es jusqu\u2019au domicile du patient que coordonne l\u2019ALTIR\u00a0\u00bb.<\/p>\n<p>L\u2019originalit\u00e9 de l\u2019UDAC, qui n\u2019a pas d\u2019\u00e9quivalent en France \u00e0 ce jour, est \u00ab\u00a0de renforcer l\u2019articulation entre les deux structures, de l\u2019optimiser et de permettre aux patients d\u2019avoir, \u00e0 la fois les meilleurs traitements et une qualit\u00e9 de vie pr\u00e9serv\u00e9e\u00a0\u00bb, d\u00e9veloppe Luc Frimat, avant d\u2019ajouter\u00a0: \u00ab\u00a0Cette collaboration permet d\u2019\u00eatre \u00e0 l\u2019\u00e9coute du patient, de respecter sa d\u00e9cision concernant le traitement qu\u2019il souhaite suivre. L\u2019optimisation du parcours et le ma\u00eetre mot pour les malades.\u00a0\u00bb Cette soudure se traduisait d\u00e9j\u00e0 dans les faits. L\u2019\u00e9tablissement nanc\u00e9ien met, notamment, \u00e0 disposition de l\u2019ALTIR certains de ses n\u00e9phrologues, comme le Dr  Nicolas Peters, responsable du site ALTIR du CHRU. Des m\u00e9decins sont en temps partag\u00e9 et d\u2019autres sont 100\u00a0% ALTIR. L\u2019UDAC r\u00e9unit Nicolas Peters et le Dr  Emmanuelle Laurain, n\u00e9phrologue du CHRU de Nancy, pour une coordination coll\u00e9giale des deux entit\u00e9s.<\/p>\n","protected":false},"excerpt":{"rendered":"L\u2019am\u00e9lioration de la prise en charge des insuffisants r\u00e9naux sous dialyse a franchi un seuil au CHRU de&hellip;\n","protected":false},"author":2,"featured_media":197034,"comment_status":"","ping_status":"","sticky":false,"template":"","format":"standard","meta":{"footnotes":""},"categories":[9635],"tags":[1111,11,1704,1777,674,1011,27,775,5362,224,3457,1702,1703,12,3456,25,71],"class_list":{"0":"post-197033","1":"post","2":"type-post","3":"status-publish","4":"format-standard","5":"has-post-thumbnail","7":"category-nancy","8":"tag-actu","9":"tag-actualites","10":"tag-edition-nancy-et-agglomeration","11":"tag-eu","12":"tag-europe","13":"tag-fr","14":"tag-france","15":"tag-grand-est","16":"tag-magazine-sante","17":"tag-medecine","18":"tag-meurthe-et-moselle","19":"tag-nancy","20":"tag-nancy-ville-54b","21":"tag-news","22":"tag-region-lorraine","23":"tag-republique-francaise","24":"tag-sante"},"share_on_mastodon":{"url":"https:\/\/pubeurope.com\/@fr\/114729977315909823","error":""},"_links":{"self":[{"href":"https:\/\/www.europesays.com\/fr\/wp-json\/wp\/v2\/posts\/197033","targetHints":{"allow":["GET"]}}],"collection":[{"href":"https:\/\/www.europesays.com\/fr\/wp-json\/wp\/v2\/posts"}],"about":[{"href":"https:\/\/www.europesays.com\/fr\/wp-json\/wp\/v2\/types\/post"}],"author":[{"embeddable":true,"href":"https:\/\/www.europesays.com\/fr\/wp-json\/wp\/v2\/users\/2"}],"replies":[{"embeddable":true,"href":"https:\/\/www.europesays.com\/fr\/wp-json\/wp\/v2\/comments?post=197033"}],"version-history":[{"count":0,"href":"https:\/\/www.europesays.com\/fr\/wp-json\/wp\/v2\/posts\/197033\/revisions"}],"wp:featuredmedia":[{"embeddable":true,"href":"https:\/\/www.europesays.com\/fr\/wp-json\/wp\/v2\/media\/197034"}],"wp:attachment":[{"href":"https:\/\/www.europesays.com\/fr\/wp-json\/wp\/v2\/media?parent=197033"}],"wp:term":[{"taxonomy":"category","embeddable":true,"href":"https:\/\/www.europesays.com\/fr\/wp-json\/wp\/v2\/categories?post=197033"},{"taxonomy":"post_tag","embeddable":true,"href":"https:\/\/www.europesays.com\/fr\/wp-json\/wp\/v2\/tags?post=197033"}],"curies":[{"name":"wp","href":"https:\/\/api.w.org\/{rel}","templated":true}]}}