{"id":197035,"date":"2025-06-23T01:02:27","date_gmt":"2025-06-23T01:02:27","guid":{"rendered":"https:\/\/www.europesays.com\/fr\/197035\/"},"modified":"2025-06-23T01:02:27","modified_gmt":"2025-06-23T01:02:27","slug":"lamothe-samu-serin-les-notes-du-match","status":"publish","type":"post","link":"https:\/\/www.europesays.com\/fr\/197035\/","title":{"rendered":"Lamothe, Samu, Serin, les notes du match"},"content":{"rendered":"<p style=\"text-align: justify;\"><strong>D\u00e9couvrez les notes du match entre l\u2019UBB et le RC Toulon, apr\u00e8s <a href=\"https:\/\/dicodusport.fr\/blog\/demi-finale-top-14-lubb-ne-fait-quune-bouchee-de-toulon-et-rejoint-toulouse-en-finale\/\" target=\"_blank\" rel=\"noopener\">la victoire de Bordeaux-B\u00e8gles en demi-finale de Top 14 (39-24)<\/a>.<\/strong><\/p>\n<p>Les notes de l\u2019UBB<br \/>\nCeux qui ont brill\u00e9<\/p>\n<p style=\"text-align: justify;\"><strong>Maxime Lamothe \u2013 9<\/strong><\/p>\n<p style=\"text-align: justify;\">Le seul d\u00e9faut de ce gar\u00e7on, c\u2019est d\u2019\u00eatre fran\u00e7ais et barr\u00e9 par des titans \u00e0 son poste. Car <strong>Maxime Lamothe<\/strong> est un talonneur de classe mondiale. Et il n\u2019a pas fallu attendre son tripl\u00e9 ce samedi soir (27\u00e8me, 45\u00e8me, 55\u00e8me), pour s\u2019en rendre compte. Le talonneur est juste dans tout ce qu\u2019il fait. Il sait se rendre disponible et \u00eatre un vrai finisseur (aucun de ses deux essais n\u2019est marqu\u00e9 directement sur un maul). Il termine le match avec deux franchissements. D\u00e9fensivement, c\u2019est \u00e9galement du tr\u00e8s solide. Avec sept plaquages r\u00e9ussis \u00e0 la pause, le meilleur Bordelais. Remplac\u00e9 \u00e0 la 60\u00e8me minute par <strong>Connor Sa<\/strong>.<\/p>\n<p style=\"text-align: justify;\"><strong>Pete Samu \u2013 8<\/strong><\/p>\n<p style=\"text-align: justify;\">L\u2019Australien est d\u00e9cid\u00e9 \u00e0 quitter l\u2019UBB avec un Bouclier de Brennus en plus de la coupe d\u2019Europe. Son travail est monstrueux d\u00e9fensivement. On peut parler de ce ballon gratt\u00e9 qui am\u00e8ne le cinqui\u00e8me essai de l\u2019UBB (55\u00e8me). Mais aussi, plus t\u00f4t dans ce match, la d\u00e9fense h\u00e9ro\u00efque dans son en-but, alors que Toulon \u00e9tait proche de marquer l\u2019essai et se relancer dans sa partie (36\u00e8me). C\u2019est clair que ce n\u2019est pas l\u2019avant qu\u2019on a le plus vu et le plus en lumi\u00e8re. Mais les Toulonnais vont sans doute en faire de sacr\u00e9s cauchemars.<\/p>\n<p style=\"text-align: justify;\"><strong>Ben Tameifuna \u2013 7,5<\/strong><\/p>\n<p style=\"text-align: justify;\">Comme d\u2019habitude, il n\u2019a que 30 minutes dans le moteur. Mais quelle d\u00e9bauche d\u2019\u00e9nergie encore ce samedi soir. C\u2019est juste hallucinant de voir sa mobilit\u00e9 rapport\u00e9e \u00e0 se 150 kilos. Tant difficiles \u00e0 stopper (quatre courses avec ballon en 20 minutes, le plus haut total d\u2019un joueur \u00e0 ce moment de la partie avec son co\u00e9quipier <strong>Romain Buros<\/strong>). Il est au relais sur le premier des deux essais de Maxime Lamothe (27\u00e8me), en ayant fait gagner du terrain \u00e0 son \u00e9quipe. Sa rentr\u00e9e en fin de match est tout \u00e0 fait solide, notamment en d\u00e9fense. M\u00eame s\u2019il a \u00e9t\u00e9 p\u00e9nalis\u00e9 \u00e0 deux reprises.<\/p>\n<p style=\"text-align: justify;\"><strong>Yoram Moefana \u2013 7,5<\/strong><\/p>\n<p style=\"text-align: justify;\">Lui aussi, dans le registre du travail de l\u2019ombre, il a \u00e9t\u00e9 impressionnant ce soir. Du tr\u00e8s solide offensivement pour provoquer les premiers impacts. On le voit d\u00e8s la premi\u00e8re action (5\u00e8me). Et il offre la passe d\u00e9cisive pou le tripl\u00e9 de <strong>Maxime Lamothe<\/strong> (55\u00e8me). Il confirme ses gros progr\u00e8s offensifs, vus depuis le d\u00e9but de l\u2019ann\u00e9e 2025 et termine le match avec onze courses avec ballon (le troisi\u00e8me plus haut total pour un joueur sur ce match). Un travail qui a permis \u00e0 ses co\u00e9quipiers de briller ce samedi soir. Remplac\u00e9 par <strong>Rohan Janse van Rensburg<\/strong> (63\u00e8me).<\/p>\n<p>Ceux qui ont d\u00e9\u00e7u<\/p>\n<p style=\"text-align: justify;\"><strong>Guido Petti \u2013 6<\/strong><\/p>\n<p style=\"text-align: justify;\">Tout est relatif ce soir dans la d\u00e9ception. On va dire que le deuxi\u00e8me ligne n\u2019a pas forc\u00e9ment eu le rendement de ses co\u00e9quipiers, sans pour autant faire un mauvais match. On peut pr\u00e9sumer que le Bordelais saura trouver des motifs de satisfaction, avec la belle finale !<\/p>\n<p style=\"text-align: center;\"><a href=\"https:\/\/dicodusport.fr\/blog\/ubb-toulon-lamothe-samu-serin-les-notes-du-match\/2\/#notestoulon\" class=\"su-button su-button-style-flat\" style=\"color:#FFFFFF;background-color:#0057ae;border-color:#00468c;border-radius:4px\" target=\"_self\" rel=\"noopener\"> Les notes du RC Toulon<\/a><\/p>\n","protected":false},"excerpt":{"rendered":"D\u00e9couvrez les notes du match entre l\u2019UBB et le RC Toulon, apr\u00e8s la victoire de Bordeaux-B\u00e8gles en demi-finale&hellip;\n","protected":false},"author":2,"featured_media":197036,"comment_status":"","ping_status":"","sticky":false,"template":"","format":"standard","meta":{"footnotes":""},"categories":[9619],"tags":[1111,11,2113,1777,674,1011,27,12,882,8177,25,478,2310,4364,7974],"class_list":{"0":"post-197035","1":"post","2":"type-post","3":"status-publish","4":"format-standard","5":"has-post-thumbnail","7":"category-toulon","8":"tag-actu","9":"tag-actualites","10":"tag-breve","11":"tag-eu","12":"tag-europe","13":"tag-fr","14":"tag-france","15":"tag-news","16":"tag-provence-alpes-cote-dazur","17":"tag-rc-toulon","18":"tag-republique-francaise","19":"tag-top-14","20":"tag-toulon","21":"tag-ubb","22":"tag-union-bordeaux-begles"},"share_on_mastodon":{"url":"https:\/\/pubeurope.com\/@fr\/114729985466944284","error":""},"_links":{"self":[{"href":"https:\/\/www.europesays.com\/fr\/wp-json\/wp\/v2\/posts\/197035","targetHints":{"allow":["GET"]}}],"collection":[{"href":"https:\/\/www.europesays.com\/fr\/wp-json\/wp\/v2\/posts"}],"about":[{"href":"https:\/\/www.europesays.com\/fr\/wp-json\/wp\/v2\/types\/post"}],"author":[{"embeddable":true,"href":"https:\/\/www.europesays.com\/fr\/wp-json\/wp\/v2\/users\/2"}],"replies":[{"embeddable":true,"href":"https:\/\/www.europesays.com\/fr\/wp-json\/wp\/v2\/comments?post=197035"}],"version-history":[{"count":0,"href":"https:\/\/www.europesays.com\/fr\/wp-json\/wp\/v2\/posts\/197035\/revisions"}],"wp:featuredmedia":[{"embeddable":true,"href":"https:\/\/www.europesays.com\/fr\/wp-json\/wp\/v2\/media\/197036"}],"wp:attachment":[{"href":"https:\/\/www.europesays.com\/fr\/wp-json\/wp\/v2\/media?parent=197035"}],"wp:term":[{"taxonomy":"category","embeddable":true,"href":"https:\/\/www.europesays.com\/fr\/wp-json\/wp\/v2\/categories?post=197035"},{"taxonomy":"post_tag","embeddable":true,"href":"https:\/\/www.europesays.com\/fr\/wp-json\/wp\/v2\/tags?post=197035"}],"curies":[{"name":"wp","href":"https:\/\/api.w.org\/{rel}","templated":true}]}}