{"id":197042,"date":"2025-06-23T01:13:20","date_gmt":"2025-06-23T01:13:20","guid":{"rendered":"https:\/\/www.europesays.com\/fr\/197042\/"},"modified":"2025-06-23T01:13:20","modified_gmt":"2025-06-23T01:13:20","slug":"a-strasbourg-la-librairie-kleber-va-fermer-ses-portes-en-2026","status":"publish","type":"post","link":"https:\/\/www.europesays.com\/fr\/197042\/","title":{"rendered":"\u00e0 Strasbourg, la librairie Kl\u00e9ber va fermer ses portes en 2026"},"content":{"rendered":"<p>    <img loading=\"lazy\" width=\"1800\" height=\"900\" src=\"https:\/\/www.europesays.com\/fr\/wp-content\/uploads\/2025\/04\/jeanne-callthepolice.jpg\" class=\"attachment-full size-full\" alt=\"\" id=\"imageLove\" decoding=\"async\"  \/><\/p>\n<p id=\"breadcrumbs\"><a href=\"https:\/\/pokaa.fr\/\" target=\"_blank\" rel=\"noopener\">Accueil<\/a> \/ <a href=\"https:\/\/pokaa.fr\/categories\/actu\/\" target=\"_blank\" rel=\"noopener\">Info locale<\/a> \/ R\u00e9novation XXL : \u00e0 Strasbourg, la librairie Kl\u00e9ber va fermer ses portes en 2026<\/p>\n<p>                    Info locale<\/p>\n<p class=\"p1\"><b>\u00c0 partir de janvier 2026 et jusqu\u2019en novembre, la librairie Kl\u00e9ber va entrer dans une cons\u00e9quente phase de r\u00e9novation et de restructuration. L\u2019occasion pour la Ville de mener diff\u00e9rents travaux de s\u00e9curit\u00e9 incendie ou de curage, tandis que les \u00e9ditions Gallimard m\u00e8neront leur propre chantier pour rendre l\u2019exp\u00e9rience client dans la librairie plus attractive. Zoom sur ce projet ambitieux avec 4 questions.<\/b><\/p>\n<p>\u00c7a y est, c\u2019est d\u00e9cid\u00e9 : la librairie Kl\u00e9ber va entrer en travaux. Lorsque l\u2019on vous en avait parl\u00e9 en f\u00e9vrier dernier, <b>la Ville et les \u00e9ditions Gallimard, propri\u00e9taire de la librairie, travaillaient main dans la main pour mener un ambitieux projet de r\u00e9novation et de restructuration<\/b>. Avec un but : rester dans le b\u00e2timent embl\u00e9matique du 9 place Kl\u00e9ber. Il semble d\u00e9sormais que le projet est pr\u00eat \u00e0 d\u00e9marrer, d\u00e8s le mois de janvier 2026.<\/p>\n<p>                <a href=\"https:\/\/pokaa.fr\/2025\/02\/26\/grand-projet-strasbourgeois-en-2025-la-librairie-kleber-prepare-de-gros-travaux\/\" target=\"_blank\" rel=\"noopener\"><br \/>\n                    <img width=\"450\" height=\"270\" src=\"https:\/\/www.europesays.com\/fr\/wp-content\/uploads\/2025\/06\/1750641193_568_1-3-450x270.png\" class=\"attachment-card-horizontal--same-subject size-card-horizontal--same-subject wp-post-image\" alt=\"\" decoding=\"async\" loading=\"lazy\"\/>                <\/a><\/p>\n<p>Ce 23 juin, une d\u00e9lib\u00e9ration sera en effet pr\u00e9sent\u00e9e au conseil municipal pour d\u00e9battre de l\u2019op\u00e9ration. Une r\u00e9novation dont une partie a d\u00e9j\u00e0 \u00e9t\u00e9 vot\u00e9e le 17 mars dernier, <a href=\"https:\/\/storage.creacast.com\/strasbourg-vod\/documents\/20250317_CM_delib.pdf\" target=\"_blank\" rel=\"noopener\">au sein de la d\u00e9lib\u00e9ration 51<\/a>. \u00c0 ce moment-l\u00e0, <b>la Ville a autoris\u00e9 Habitation Moderne, g\u00e9rant du b\u00e2timent, \u00e0 mener des travaux patrimoniaux, portant sur la toiture, les menuiseries ext\u00e9rieures, la plomberie et des travaux de mise en s\u00e9curit\u00e9 int\u00e9rieure<\/b>. Mais cela ne suffit pas.<\/p>\n<p>    <img width=\"800\" height=\"600\" src=\"https:\/\/www.europesays.com\/fr\/wp-content\/uploads\/2025\/06\/img-7027-grande-800x600.jpeg\" class=\"attachment-image-size-L size-image-size-L\" alt=\"librairie kl\u00e9ber\" decoding=\"async\" loading=\"lazy\"  \/>         \u00a9 Nicolas Kaspar \/ Pokaa <\/p>\n<p>C\u2019est quoi le projet ?<\/p>\n<p class=\"p1\">Alors, en plus de ces enjeux patrimoniaux, <b>la Ville et les \u00e9ditions Gallimard ont travaill\u00e9 \u00e0 un projet commun pour le futur de la librairie<\/b>. Un projet qui s\u2019axe autour de plusieurs points :<\/p>\n<ul class=\"ul1\">\n<li class=\"li1\"><b>la s\u00e9curit\u00e9 incendie<\/b>. Des travaux de mise en s\u00e9curit\u00e9 doivent \u00eatre men\u00e9s par les deux parties,<\/li>\n<li class=\"li1\"><b>l\u2019extension du p\u00e9rim\u00e8tre de la librairie Kl\u00e9ber<\/b>. \u00c9tant l\u2019une des 5 librairies les plus importantes de France, elle est aujourd\u2019hui trop \u00e0 l\u2019\u00e9troit pour assurer de bonnes conditions d\u2019accueil de sa client\u00e8le, mais \u00e9galement de travail,<\/li>\n<\/ul>\n<p>    <img width=\"800\" height=\"600\" src=\"https:\/\/www.europesays.com\/fr\/wp-content\/uploads\/2025\/06\/img-7028-grande-800x600.jpeg\" class=\"attachment-image-size-L size-image-size-L\" alt=\"librairie kl\u00e9ber\" decoding=\"async\" loading=\"lazy\"  \/>         \u00a9 Nicolas Kaspar \/ Pokaa <\/p>\n<ul class=\"ul1\">\n<li class=\"li1\"><b>la r\u00e9novation de la librairie<\/b>. Selon la d\u00e9lib\u00e9ration, les \u00e9ditions Gallimard ont lanc\u00e9 une \u00e9tude de r\u00e9novation compl\u00e8te des espaces ouverts au public pour que l\u2019exp\u00e9rience soit plus attractive et que les espaces soient plus a\u00e9r\u00e9s et lisibles,<\/li>\n<li class=\"li1\"><b>le maintien d\u2019une dynamique commerciale au centre-ville<\/b>. Alors que la place Kl\u00e9ber et l\u2019hypercentre strasbourgeois sont des sujets de d\u00e9bats constants, \u00ab la librairie Kl\u00e9ber est une institution strasbourgeoise garante, avec les 26 autres librairies du centre-ville, d\u2019une dynamique culturelle et \u00e9conomique ch\u00e8re aux Strasbourgeoises et aux Strasbourgeois. \u00bb Il fallait donc la maintenir \u00e0 son endroit actuel, m\u00eame si cela pose plus de contraintes au niveau des travaux.<\/li>\n<\/ul>\n<p>                <a href=\"https:\/\/pokaa.fr\/2025\/03\/23\/frequentation-des-commerces-et-locaux-vides-le-centre-ville-de-strasbourg-est-il-en-declin\/\" target=\"_blank\" rel=\"noopener\"><br \/>\n                    <img width=\"450\" height=\"270\" src=\"https:\/\/www.europesays.com\/fr\/wp-content\/uploads\/2025\/05\/21-450x270.png\" class=\"attachment-card-horizontal--same-subject size-card-horizontal--same-subject wp-post-image\" alt=\"\" decoding=\"async\" loading=\"lazy\"\/>                <\/a><\/p>\n<p>Propri\u00e9taire\/locataire : qui fait quoi comme travaux ?<\/p>\n<p class=\"p6\">Petite subtilit\u00e9 de cette op\u00e9ration de travaux : <b>la Ville est propri\u00e9taire du b\u00e2timent, tandis que les \u00e9ditions Gallimard sont les locataires<\/b>. Pour ne pas distordre la concurrence, la Ville m\u00e8nera ainsi uniquement des travaux qui sont de sa responsabilit\u00e9, \u00e0 hauteur de 4,3 millions d\u2019euros TTC. Dans le d\u00e9tail :<\/p>\n<ul class=\"ul1\">\n<li class=\"li7\"><strong>Des travaux de curage, d\u2019intervention structurelle, d\u2019ascenseur et de serrurerie,<\/strong><\/li>\n<li class=\"li7\">Des travaux concernant des ouvrages de pl\u00e2tre, d\u2019\u00e9lectricit\u00e9, de CVC, de plomberie principale, de menuiseries int\u00e9rieures, de carrelage et de peinture,<\/li>\n<li class=\"li7\"><strong>Des travaux de s\u00e9curit\u00e9 incendie.<\/strong><\/li>\n<\/ul>\n<p>    <img width=\"800\" height=\"600\" src=\"https:\/\/www.europesays.com\/fr\/wp-content\/uploads\/2025\/06\/img-7032-grande-800x600.jpeg\" class=\"attachment-image-size-L size-image-size-L\" alt=\"librairie kl\u00e9ber\" decoding=\"async\" loading=\"lazy\"  \/>         \u00a9 Nicolas Kaspar \/ Pokaa <\/p>\n<p class=\"p7\">De leur c\u00f4t\u00e9, les \u00e9ditions Gallimard s\u2019occuperont des travaux \u00e0 la charge du locataire. Soit, dans le d\u00e9tail :<\/p>\n<ul class=\"ul1\">\n<li class=\"li7\">tous les sols,<\/li>\n<li class=\"li7\">les travaux d\u2019am\u00e9nagement de signal\u00e9tique, d\u2019\u00e9cran num\u00e9rique et d\u2019occultation,<\/li>\n<li class=\"li7\"><strong>les travaux techniques li\u00e9s \u00e0 l\u2019am\u00e9nagement de la librairie,<\/strong><\/li>\n<li class=\"li7\">l\u2019alarme anti-intrusion,<\/li>\n<li class=\"li7\"><strong>les travaux d\u2019agencement et de mobilier li\u00e9s \u00e0 l\u2019usage.<\/strong><\/li>\n<\/ul>\n<p>    <img width=\"800\" height=\"600\" src=\"https:\/\/www.europesays.com\/fr\/wp-content\/uploads\/2025\/06\/img-7029-grande-800x600.jpeg\" class=\"attachment-image-size-L size-image-size-L\" alt=\"librairie kl\u00e9ber\" decoding=\"async\" loading=\"lazy\"  \/>         \u00a9 Nicolas Kaspar \/ Pokaa <\/p>\n<p>Ils vont durer combien de temps ces travaux ?<\/p>\n<p class=\"p1\">Cet impressionnant chantier devra essayer le plus possible d\u2019\u00eatre r\u00e9alis\u00e9 \u00ab\u00a0dans un d\u00e9lai permettant de limiter la perte d\u2019activit\u00e9 de la librairie\u00a0\u00bb selon la d\u00e9lib\u00e9ration. Concr\u00e8tement, <b>il est aujourd\u2019hui envisag\u00e9 de faire d\u00e9buter les travaux en janvier 2026, pour une livraison attendue en novembre 2026<\/b>. \u00c0 ce moment-l\u00e0, les travaux men\u00e9s par la Ville seront r\u00e9alis\u00e9s en premier, repr\u00e9sentant 5 mois de chantier sur les 10 de pr\u00e9vus.<\/p>\n<p class=\"p1\">Cons\u00e9quence : <b>la librairie sera ainsi ferm\u00e9e pendant une grosse partie de l\u2019ann\u00e9e 2026, entre janvier et novembre 2026<\/b>. Pour que tout se passe dans le meilleur des mondes, la Ville et les \u00e9ditions Gallimard ont conclu une convention, concernant la r\u00e9partition des travaux ainsi que plusieurs conditions :<\/p>\n<ul class=\"ul1\">\n<li class=\"li1\">le respect de 5 mois de travaux par chaque ma\u00eetre d\u2019ouvrage,<\/li>\n<li class=\"li1\"><strong>une suspension du bail pendant les travaux et une prise en charge de 50 % du loyer<\/strong> correspondant aux 5 mois de neutralisation li\u00e9s aux travaux propri\u00e9taire. Une compensation aujourd\u2019hui estim\u00e9e \u00e0 325 000 \u20ac,<\/li>\n<li class=\"li1\">une prise en charge partag\u00e9e de la perte d\u2019activit\u00e9 \u00e9ventuelle,<\/li>\n<li class=\"li1\"><strong>une r\u00e9\u00e9valuation du bail<\/strong> au regard des 500 m2 qui seront nouvellement exploit\u00e9s par les \u00e9ditions Gallimard.<\/li>\n<\/ul>\n<p>    <img width=\"800\" height=\"600\" src=\"https:\/\/www.europesays.com\/fr\/wp-content\/uploads\/2025\/06\/img-7026-grande-800x600.jpeg\" class=\"attachment-image-size-L size-image-size-L\" alt=\"librairie kl\u00e9ber\" decoding=\"async\" loading=\"lazy\"  \/>         \u00a9 Nicolas Kaspar \/ Pokaa <\/p>\n<p>Une question pour la fin : elle va aller o\u00f9 la librairie Kl\u00e9ber ?<\/p>\n<p class=\"p1\">Puisque la librairie Kl\u00e9ber va fermer ses portes pendant presque un an, <b>u<\/b><b>ne des questions qui reste en suspens est d\u00e9sormais le lieu o\u00f9 elle va migrer pour continuer son activit\u00e9 pendant cette longue p\u00e9riode de travaux<\/b>. Parce qu\u2019avec ses 100 000 ouvrages et sa r\u00e9putation de phare culturel strasbourgeois, elle ne peut pas se permettre de rester ferm\u00e9e aussi longtemps.<\/p>\n<p class=\"p1\">Aujourd\u2019hui, rien ne filtre sur la future destination de la librairie. <b>N\u00e9anmoins, le centre-ville strasbourgeois ne manque pas d\u2019opportunit\u00e9s pour se reloger temporairement<\/b>. Il peut y avoir le Printemps, l\u2019ancien Abry Arnold place Kl\u00e9ber, l\u2019ancien Boulanger rue du 22-Novembre ou m\u00eame, un peu plus loin, l\u2019ancien LCL rue des Francs-Bourgeois\u2026 <strong>De nombreux grands locaux aujourd\u2019hui vides, et qui ne demandent qu\u2019\u00e0 rallumer la lumi\u00e8re<\/strong>. Reste \u00e0 savoir quelle solution sera choisie. Peut-\u00eatre m\u00eame que certaines r\u00e9ponses seront apport\u00e9es en conseil municipal.<\/p>\n","protected":false},"excerpt":{"rendered":"Accueil \/ Info locale \/ R\u00e9novation XXL : \u00e0 Strasbourg, la librairie Kl\u00e9ber va fermer ses portes en&hellip;\n","protected":false},"author":2,"featured_media":197043,"comment_status":"","ping_status":"","sticky":false,"template":"","format":"standard","meta":{"footnotes":""},"categories":[2820],"tags":[1111,11,1777,674,1011,27,775,33675,1380,12,25,640,2086],"class_list":{"0":"post-197042","1":"post","2":"type-post","3":"status-publish","4":"format-standard","5":"has-post-thumbnail","7":"category-strasbourg","8":"tag-actu","9":"tag-actualites","10":"tag-eu","11":"tag-europe","12":"tag-fr","13":"tag-france","14":"tag-grand-est","15":"tag-librairie-kleber","16":"tag-livres","17":"tag-news","18":"tag-republique-francaise","19":"tag-strasbourg","20":"tag-travaux"},"share_on_mastodon":{"url":"https:\/\/pubeurope.com\/@fr\/114730028999948172","error":""},"_links":{"self":[{"href":"https:\/\/www.europesays.com\/fr\/wp-json\/wp\/v2\/posts\/197042","targetHints":{"allow":["GET"]}}],"collection":[{"href":"https:\/\/www.europesays.com\/fr\/wp-json\/wp\/v2\/posts"}],"about":[{"href":"https:\/\/www.europesays.com\/fr\/wp-json\/wp\/v2\/types\/post"}],"author":[{"embeddable":true,"href":"https:\/\/www.europesays.com\/fr\/wp-json\/wp\/v2\/users\/2"}],"replies":[{"embeddable":true,"href":"https:\/\/www.europesays.com\/fr\/wp-json\/wp\/v2\/comments?post=197042"}],"version-history":[{"count":0,"href":"https:\/\/www.europesays.com\/fr\/wp-json\/wp\/v2\/posts\/197042\/revisions"}],"wp:featuredmedia":[{"embeddable":true,"href":"https:\/\/www.europesays.com\/fr\/wp-json\/wp\/v2\/media\/197043"}],"wp:attachment":[{"href":"https:\/\/www.europesays.com\/fr\/wp-json\/wp\/v2\/media?parent=197042"}],"wp:term":[{"taxonomy":"category","embeddable":true,"href":"https:\/\/www.europesays.com\/fr\/wp-json\/wp\/v2\/categories?post=197042"},{"taxonomy":"post_tag","embeddable":true,"href":"https:\/\/www.europesays.com\/fr\/wp-json\/wp\/v2\/tags?post=197042"}],"curies":[{"name":"wp","href":"https:\/\/api.w.org\/{rel}","templated":true}]}}