{"id":197044,"date":"2025-06-23T01:15:12","date_gmt":"2025-06-23T01:15:12","guid":{"rendered":"https:\/\/www.europesays.com\/fr\/197044\/"},"modified":"2025-06-23T01:15:12","modified_gmt":"2025-06-23T01:15:12","slug":"la-police-visee-par-des-projectiles-lors-de-la-fete-de-la-musique-a-nice-une-foule-hostile-dispersee-avec-chiens-dattaque-et-grenades-lacrymogenes","status":"publish","type":"post","link":"https:\/\/www.europesays.com\/fr\/197044\/","title":{"rendered":"La police vis\u00e9e par des projectiles lors de la f\u00eate de la musique \u00e0 Nice, une foule hostile dispers\u00e9e avec chiens d\u2019attaque et grenades lacrymog\u00e8nes"},"content":{"rendered":"<p>C\u00e9l\u00e9br\u00e9e un samedi soir et avec de douces temp\u00e9ratures nocturnes, l\u2019\u00e9dition 2025 de la f\u00eate de la musique a \u00e9t\u00e9 un vrai succ\u00e8s populaire, sur la C\u00f4te d\u2019Azur comme ailleurs. Mais \u00e0 Nice, la nuit a \u00e9t\u00e9 entach\u00e9e par une fausse note.<\/p>\n<p>Un regroupement de noctambules a d\u00e9g\u00e9n\u00e9r\u00e9 lorsque la police est venue mettre fin aux festivit\u00e9s. Les forces de l\u2019ordre ont alors \u00e9t\u00e9 prises pour cibles.<\/p>\n<p>Environ deux cents personnes, pour bon nombre issues de la communaut\u00e9 capverdienne, s\u2019\u00e9taient regroup\u00e9es autour d\u2019un restaurant qui proposait une animation musicale, dans le quartier Vernier.<\/p>\n<p>L\u2019alcool avait \u00e9chauff\u00e9 les esprits, conjugu\u00e9 \u00e0 du protoxyde d\u2019azote pour certains. La police nationale est intervenue vers 2h. Et elle n\u2019a pas \u00e9t\u00e9 accueillie sous les applaudissements.<\/p>\n<p>Les injonctions \u00e0 se disperser sont rest\u00e9es sans effet. Des bouteilles en verre ont alors vol\u00e9 en direction des forces de l\u2019ordre. Sans faire de bless\u00e9 ni causer de d\u00e9g\u00e2ts, selon nos informations.<\/p>\n<p>Mais les \u00e9quipages de la BST (brigade de surveillance territoriale) et les \u00e9quipes cynophiles ont d\u00fb faire usage de trois grenades lacrymog\u00e8nes et trois chiens d\u2019attaque pour disperser la foule hostile. Aucune interpellation signal\u00e9e; la priorit\u00e9 \u00e9tait le retour au calme.<\/p>\n<p>Le pr\u00e9fet demande la fermeture administrative du restaurant<\/p>\n<p>Le d\u00e9put\u00e9 UDR Eric Ciotti, candidat probable aux municipales de 2026 \u00e0 Nice, d\u00e9nonce dans un communiqu\u00e9 . Il a \u00e9chang\u00e9 \u00e0 ce sujet avec le pr\u00e9fet des Alpes-Maritimes, r\u00e9clamant notamment la fermeture administrative du restaurant qui avait permis ce rassemblement au-del\u00e0 de l\u2019horaire imparti.<\/p>\n<p>Laurent Hottiaux a engag\u00e9 une proc\u00e9dure en ce sens, indique son service communication.<\/p>\n<p>Le pr\u00e9fet f\u00e9licite par ailleurs \u00ab\u00a0les forces de l\u2019ordre, tr\u00e8s r\u00e9actives, dont la pr\u00e9sence a permis de contenir la situation\u00a0\u00bb. Ces incidents sont les seuls faits notables rapport\u00e9s dans la capitale azur\u00e9enne, o\u00f9 la police a recens\u00e9 environ 50.000 noctambules entre le Vieux-Nice et le quai des \u00c9tats-Unis. Des CRS \u00e9taient venus renforcer le dispositif s\u00e9curitaire d\u00e9ploy\u00e9 par la pr\u00e9fecture, huit jours apr\u00e8s la fin du sommet de l\u2019oc\u00e9an \u00e0 Nice.<\/p>\n","protected":false},"excerpt":{"rendered":"C\u00e9l\u00e9br\u00e9e un samedi soir et avec de douces temp\u00e9ratures nocturnes, l\u2019\u00e9dition 2025 de la f\u00eate de la musique&hellip;\n","protected":false},"author":2,"featured_media":197045,"comment_status":"","ping_status":"","sticky":false,"template":"","format":"standard","meta":{"footnotes":""},"categories":[2819],"tags":[1111,11,1777,674,118,1011,27,303,12,2401,882,25],"class_list":{"0":"post-197044","1":"post","2":"type-post","3":"status-publish","4":"format-standard","5":"has-post-thumbnail","7":"category-nice","8":"tag-actu","9":"tag-actualites","10":"tag-eu","11":"tag-europe","12":"tag-faits-divers","13":"tag-fr","14":"tag-france","15":"tag-justice","16":"tag-news","17":"tag-nice","18":"tag-provence-alpes-cote-dazur","19":"tag-republique-francaise"},"share_on_mastodon":{"url":"https:\/\/pubeurope.com\/@fr\/114730036406618709","error":""},"_links":{"self":[{"href":"https:\/\/www.europesays.com\/fr\/wp-json\/wp\/v2\/posts\/197044","targetHints":{"allow":["GET"]}}],"collection":[{"href":"https:\/\/www.europesays.com\/fr\/wp-json\/wp\/v2\/posts"}],"about":[{"href":"https:\/\/www.europesays.com\/fr\/wp-json\/wp\/v2\/types\/post"}],"author":[{"embeddable":true,"href":"https:\/\/www.europesays.com\/fr\/wp-json\/wp\/v2\/users\/2"}],"replies":[{"embeddable":true,"href":"https:\/\/www.europesays.com\/fr\/wp-json\/wp\/v2\/comments?post=197044"}],"version-history":[{"count":0,"href":"https:\/\/www.europesays.com\/fr\/wp-json\/wp\/v2\/posts\/197044\/revisions"}],"wp:featuredmedia":[{"embeddable":true,"href":"https:\/\/www.europesays.com\/fr\/wp-json\/wp\/v2\/media\/197045"}],"wp:attachment":[{"href":"https:\/\/www.europesays.com\/fr\/wp-json\/wp\/v2\/media?parent=197044"}],"wp:term":[{"taxonomy":"category","embeddable":true,"href":"https:\/\/www.europesays.com\/fr\/wp-json\/wp\/v2\/categories?post=197044"},{"taxonomy":"post_tag","embeddable":true,"href":"https:\/\/www.europesays.com\/fr\/wp-json\/wp\/v2\/tags?post=197044"}],"curies":[{"name":"wp","href":"https:\/\/api.w.org\/{rel}","templated":true}]}}