{"id":197048,"date":"2025-06-23T01:18:27","date_gmt":"2025-06-23T01:18:27","guid":{"rendered":"https:\/\/www.europesays.com\/fr\/197048\/"},"modified":"2025-06-23T01:18:27","modified_gmt":"2025-06-23T01:18:27","slug":"le-quartier-de-la-croix-bonneau-a-nantes-a-la-recherche-de-temoignages","status":"publish","type":"post","link":"https:\/\/www.europesays.com\/fr\/197048\/","title":{"rendered":"Le quartier de la Croix-Bonneau \u00e0 Nantes \u00e0 la recherche de t\u00e9moignages"},"content":{"rendered":"<p>Cette image in\u00e9dite de la Famille Ricaud partie de la Croix Bonneau en escapade \u00e0 la campagne \u00e0 l\u2019\u00e9t\u00e9 1945 fait partie des p\u00e9pites photographiques retrouv\u00e9es par l\u2019association des habitants de la Croix-Bonneau.\u00a0C\u2019est ce genre de clich\u00e9s que nous recherchons, des tranches de vie sur le quartier et des histoires de famille\u00a0, indique Anne-Maud Toret, une membre de l\u2019association des habitants du quartier Croix-Bonneau. Que vous ayez des\u00a0photos de classe ou familiales, de loisirs ou de la vie quotidienne, des lettres ou des cartes postales d\u2019une autre \u00e9poque, tout est bon (*). Notre nouveau projet apr\u00e8s \u00ab\u00a0Paroles d\u2019invisibles\u00a0\u00bb en d\u00e9cembre\u00a02024, sera de r\u00e9aliser un \u00ab\u00a0album de famille, roman-photo de la Croix-Bonneau\u00a0\u00bb et peut-\u00eatre d\u2019organiser une exposition \u00e0 travers le quartier\u00a0\u00bb.<\/p>\n<p>(*) Il suffit de les envoyer sur ce mail ou de prendre contact avec l\u2019association\u00a0: contact@croixbonneau.fr<\/p>\n<p>D\u00e9couvrez \u00e9galement leur site\u00a0: <a href=\"https:\/\/www.croixbonneau.fr\/\" target=\"_self\" rel=\"noopener\">https:\/\/www.croixbonneau.fr\/<\/a><\/p>\n<p>Une photo de 1958\u00a0:<\/p>\n<p>\t<img decoding=\"async\" src=\"https:\/\/www.europesays.com\/fr\/wp-content\/uploads\/2025\/06\/P35306363D6865444G_px_640_.jpg\" alt=\"photo une vue panoramique du quartier de la croix-bonneau en 1958.  \u00a9  association croix-bonneau\" width=\"640\" title=\" Une vue panoramique du quartier de la Croix-Bonneau en 1958.   Association Croix-Bonneau \"\/><\/p>\n<p class=\"elmt-legende\"> Une vue panoramique du quartier de la Croix-Bonneau en 1958.   Association Croix-Bonneau <\/p>\n<p>\u00a0<\/p>\n","protected":false},"excerpt":{"rendered":"Cette image in\u00e9dite de la Famille Ricaud partie de la Croix Bonneau en escapade \u00e0 la campagne \u00e0&hellip;\n","protected":false},"author":2,"featured_media":197049,"comment_status":"","ping_status":"","sticky":false,"template":"","format":"standard","meta":{"footnotes":""},"categories":[2818],"tags":[1111,11,33676,1777,674,1011,27,766,12,2636,5775,959,25,17932],"class_list":{"0":"post-197048","1":"post","2":"type-post","3":"status-publish","4":"format-standard","5":"has-post-thumbnail","7":"category-nantes","8":"tag-actu","9":"tag-actualites","10":"tag-croix-bonneau","11":"tag-eu","12":"tag-europe","13":"tag-fr","14":"tag-france","15":"tag-nantes","16":"tag-news","17":"tag-pays-de-la-loire","18":"tag-quartier","19":"tag-recherche","20":"tag-republique-francaise","21":"tag-temoignages"},"share_on_mastodon":{"url":"https:\/\/pubeurope.com\/@fr\/114730048221672666","error":""},"_links":{"self":[{"href":"https:\/\/www.europesays.com\/fr\/wp-json\/wp\/v2\/posts\/197048","targetHints":{"allow":["GET"]}}],"collection":[{"href":"https:\/\/www.europesays.com\/fr\/wp-json\/wp\/v2\/posts"}],"about":[{"href":"https:\/\/www.europesays.com\/fr\/wp-json\/wp\/v2\/types\/post"}],"author":[{"embeddable":true,"href":"https:\/\/www.europesays.com\/fr\/wp-json\/wp\/v2\/users\/2"}],"replies":[{"embeddable":true,"href":"https:\/\/www.europesays.com\/fr\/wp-json\/wp\/v2\/comments?post=197048"}],"version-history":[{"count":0,"href":"https:\/\/www.europesays.com\/fr\/wp-json\/wp\/v2\/posts\/197048\/revisions"}],"wp:featuredmedia":[{"embeddable":true,"href":"https:\/\/www.europesays.com\/fr\/wp-json\/wp\/v2\/media\/197049"}],"wp:attachment":[{"href":"https:\/\/www.europesays.com\/fr\/wp-json\/wp\/v2\/media?parent=197048"}],"wp:term":[{"taxonomy":"category","embeddable":true,"href":"https:\/\/www.europesays.com\/fr\/wp-json\/wp\/v2\/categories?post=197048"},{"taxonomy":"post_tag","embeddable":true,"href":"https:\/\/www.europesays.com\/fr\/wp-json\/wp\/v2\/tags?post=197048"}],"curies":[{"name":"wp","href":"https:\/\/api.w.org\/{rel}","templated":true}]}}