{"id":19705,"date":"2025-04-12T11:33:35","date_gmt":"2025-04-12T11:33:35","guid":{"rendered":"https:\/\/www.europesays.com\/fr\/19705\/"},"modified":"2025-04-12T11:33:35","modified_gmt":"2025-04-12T11:33:35","slug":"marseille-le-chef-presume-dune-bande-criminelle-remis-en-liberte-avant-detre-rejuge-apres-une-erreur-de-procedure","status":"publish","type":"post","link":"https:\/\/www.europesays.com\/fr\/19705\/","title":{"rendered":"Marseille : le chef pr\u00e9sum\u00e9 d&rsquo;une bande criminelle remis en libert\u00e9 avant d&rsquo;\u00eatre rejug\u00e9, apr\u00e8s une \u00ab\u00a0erreur\u00a0\u00bb de proc\u00e9dure"},"content":{"rendered":"<p>Pascal G. avait \u00e9t\u00e9 condamn\u00e9 \u00e0 5 ans de prison pour corruption en octobre dernier.Mais il a \u00e9t\u00e9 lib\u00e9r\u00e9 fin mars, suite \u00e0 une \u00ab\u00a0erreur humaine dans le calcul des d\u00e9lais de prolongation de la d\u00e9tention\u00a0\u00bb, a expliqu\u00e9 jeudi la cour d&rsquo;appel d&rsquo;Aix-en-Provence.Un loup\u00e9 li\u00e9 \u00e0 \u00ab\u00a0la charge pesant sur les magistrats traitant de la criminalit\u00e9 organis\u00e9e\u00a0\u00bb, selon le procureur g\u00e9n\u00e9ral.<\/p>\n<p data-module=\"article-paragraph\" class=\"jsx-362436225 Paragraph\">Sa p\u00e9riode de d\u00e9tention provisoire n&rsquo;avait pas \u00e9t\u00e9 renouvel\u00e9e dans les temps. Chef pr\u00e9sum\u00e9 d&rsquo;une bande criminelle li\u00e9e au <a href=\"https:\/\/www.tf1info.fr\/justice-faits-divers\/trafic-de-drogue-meurtres-assassinats-deux-fois-moins-de-narchomicides-a-marseille-en-2024-mais-la-menace-reste-face-au-narcoterrorisme-2346033.html\" target=\"_blank\" rel=\"noopener\">narcobanditisme marseillais (nouvelle fen\u00eatre)<\/a>, Pascal G. avait \u00e9t\u00e9 condamn\u00e9 \u00e0 cinq ans de prison pour corruption en octobre. Mais il a d\u00fb \u00eatre lib\u00e9r\u00e9 fin mars en raison d&rsquo;une \u00ab\u00a0erreur humaine\u00a0\u00bb et \u00ab\u00a0regrettable\u00a0\u00bb, a reconnu ce jeudi 10 avril le procureur g\u00e9n\u00e9ral pr\u00e8s la cour d&rsquo;appel d&rsquo;Aix-en-Provence.<\/p>\n<p data-module=\"article-paragraph\" class=\"jsx-362436225 Paragraph Paragraph__End\">\u00ab\u00a0Cette situation r\u00e9sulte d&rsquo;une erreur humaine dans le calcul des d\u00e9lais de prolongation de la d\u00e9tention\u00a0\u00bb, a expliqu\u00e9 Franck Rastoul, confirmant une information du Canard encha\u00een\u00e9. Il sera toutefois jug\u00e9 \u00ab\u00a0dans les d\u00e9lais pr\u00e9vus\u00a0\u00bb, a-t-il assur\u00e9.\u00a0<\/p>\n<p>Lib\u00e9r\u00e9 avant d&rsquo;\u00eatre rejug\u00e9 en appel <\/p>\n<p data-module=\"article-paragraph\" class=\"jsx-362436225 Paragraph\">Le 17 octobre, le tribunal de Marseille avait reconnu Pascal G. 45 ans, comme le corrupteur d&rsquo;un ex-agent de la Direction G\u00e9n\u00e9rale de la S\u00e9curit\u00e9 Int\u00e9rieure (DGSI) qui, <a href=\"https:\/\/www.tf1info.fr\/justice-faits-divers\/proces-haurus-l-ancien-agent-de-la-dgsi-condamne-a-cinq-ans-de-prison-ferme-2192088.html\" target=\"_blank\" rel=\"noopener\">sous le pseudonyme \u00ab\u00a0Haurus\u00a0\u00bb (nouvelle fen\u00eatre)<\/a>, vendait en 2017 et 2018 sur le darknet des informations sensibles tir\u00e9es de fichiers de police. Arr\u00eat\u00e9 \u00e0 la barre, il avait \u00e9t\u00e9 condamn\u00e9 pour corruption active et recel en bande organis\u00e9e \u00e0 cinq ans de prison ainsi qu&rsquo;\u00e0 une amende de 40.000 euros.<\/p>\n<p data-module=\"article-paragraph\" class=\"jsx-362436225 Paragraph\">Ses avocats ayant fait appel de cette condamnation, le mis en cause \u00e9tait sous le r\u00e9gime de la d\u00e9tention provisoire en attendant d&rsquo;\u00eatre rejug\u00e9. Mais il a \u00e9t\u00e9 lib\u00e9r\u00e9 le 24 mars, \u00e0 la demande de son avocate, Christine D&rsquo;Arrigo, sa premi\u00e8re p\u00e9riode de quatre mois de d\u00e9tention provisoire n&rsquo;ayant pas \u00e9t\u00e9 renouvel\u00e9e dans les d\u00e9lais pr\u00e9vus par le code de proc\u00e9dure p\u00e9nale.<\/p>\n<p data-module=\"article-paragraph\" class=\"jsx-362436225 Paragraph Paragraph__End\">Le d\u00e9lai de prolongation de la d\u00e9tention est \u00ab\u00a0de six mois pour un certain nombre <a href=\"https:\/\/www.tf1info.fr\/justice-faits-divers\/marseille-une-victime-poignardee-brulee-de-15-ans-un-tueur-a-gage-presume-de-14-ans-ce-que-l-on-sait-sur-l-ultra-rajeunissement-des-narchomicides-2327091.html\" target=\"_blank\" rel=\"noopener\">d\u2019infractions commises en bande organis\u00e9e (nouvelle fen\u00eatre)<\/a>, mais seulement de quatre mois pour l\u2019infraction de recel en bande organis\u00e9e\u00a0\u00bb, pour laquelle a \u00e9t\u00e9 condamn\u00e9 Pascal G., a pr\u00e9cis\u00e9 Franck Rastoul.<\/p>\n<p>Les magistrats \u00ab\u00a0confront\u00e9s\u00a0\u00bb \u00e0 des \u00ab\u00a0contentieux de plus en plus nombreux\u00a0\u00bb<\/p>\n<p data-module=\"article-paragraph\" class=\"jsx-362436225 Paragraph Paragraph__End\">\u00ab\u00a0Cette erreur, \u00e9videmment regrettable, traduit la charge pesant sur les magistrats traitant de la criminalit\u00e9 organis\u00e9e, confront\u00e9s dans un contexte difficile \u00e0 des dispositions proc\u00e9durales complexes et \u00e0 des <a href=\"https:\/\/www.tf1info.fr\/justice-faits-divers\/trafic-de-drogue-eric-dupond-moretti-un-parquet-national-dedie-et-un-statut-de-repenti-le-nouvel-arsenal-juridique-contre-le-crime-organise-2297565.html\" target=\"_blank\" rel=\"noopener\">contentieux de plus en plus nombreux (nouvelle fen\u00eatre)<\/a>\u00ab\u00a0, a ajout\u00e9 le procureur g\u00e9n\u00e9ral. \u00ab\u00a0La personne ainsi remise en libert\u00e9 a \u00e9t\u00e9 plac\u00e9e sous contr\u00f4le judiciaire et sera jug\u00e9e dans les d\u00e9lais pr\u00e9vus\u00a0\u00bb, a-t-il poursuivi.<\/p>\n<ul class=\"jsx-658110588 ReadMoreArticle__List flex flex-column\">\n<li class=\"jsx-658110588\"><a href=\"https:\/\/www.tf1info.fr\/societe\/video-malaise-des-magistrats-une-journee-dans-le-bureau-d-un-juge-2204717.html\" rel=\"noopener\" class=\"jsx-4233824444 Link flex\" target=\"_blank\"><img decoding=\"async\" src=\"https:\/\/www.europesays.com\/fr\/wp-content\/uploads\/2025\/04\/malaise-des-magistrats-une-journee-dans-le-bureau-d-un-juge-ab3c47-0@1x.jpeg\" alt=\"Lire aussi\" loading=\"lazy\" importance=\"low\" fetchpriority=\"low\" class=\"\"\/>\n<p class=\"jsx-658110588 ReadMoreArticle__Title\">Lire aussi<\/p>\n<p class=\"jsx-658110588\">Malaise des magistrats : une journ\u00e9e dans le bureau d&rsquo;un juge<\/p>\n<p><\/a><\/li>\n<\/ul>\n<p data-module=\"article-paragraph\" class=\"jsx-362436225 Paragraph\">\u00ab\u00a0En r\u00e9alit\u00e9, cette erreur permet de revenir \u00e0 une situation normale, \u00e0 savoir que la loi pr\u00e9voit que le principe c&rsquo;est la libert\u00e9, dans l&rsquo;attente du proc\u00e8s, et non pas la d\u00e9tention provisoire\u00a0\u00bb, a r\u00e9agi de son c\u00f4t\u00e9 Me Christine D&rsquo;Arrigo, rappelant qu&rsquo;\u00e0 ce jour le casier judiciaire de son client restait vierge.<\/p>\n<p data-module=\"article-paragraph\" class=\"jsx-362436225 Paragraph Paragraph__End\">Mis en examen dans plusieurs affaires li\u00e9es au crime organis\u00e9, ce dernier est soup\u00e7onn\u00e9 d&rsquo;assassinat, complicit\u00e9 d&rsquo;assassinat ou tentative d&rsquo;assassinat. Apr\u00e8s pr\u00e8s de six ans de d\u00e9tention provisoire pour ces trois dossiers criminels, la Cour de cassation avait d\u00e9cid\u00e9 de sa remise en libert\u00e9 d\u00e9but octobre 2024, estimant d\u00e9raisonnable le d\u00e9lai avant son jugement. Onze jours avant son proc\u00e8s dans le cadre du dossier Haurus, o\u00f9 il s&rsquo;\u00e9tait bien pr\u00e9sent\u00e9.<\/p>\n<p>M.L. avec AFP<\/p>\n","protected":false},"excerpt":{"rendered":"Pascal G. avait \u00e9t\u00e9 condamn\u00e9 \u00e0 5 ans de prison pour corruption en octobre dernier.Mais il a \u00e9t\u00e9&hellip;\n","protected":false},"author":2,"featured_media":19706,"comment_status":"","ping_status":"","sticky":false,"template":"","format":"standard","meta":{"footnotes":""},"categories":[2814],"tags":[1111,11,1921,2951,2950,1777,674,1011,27,1922,303,2954,884,12,1072,882,25,133,2953,2949],"class_list":{"0":"post-19705","1":"post","2":"type-post","3":"status-publish","4":"format-standard","5":"has-post-thumbnail","7":"category-marseille","8":"tag-actu","9":"tag-actualites","10":"tag-article-video","11":"tag-criminalite","12":"tag-delinquance","13":"tag-eu","14":"tag-europe","15":"tag-fr","16":"tag-france","17":"tag-info","18":"tag-justice","19":"tag-justice-et-faits-divers","20":"tag-marseille","21":"tag-news","22":"tag-police","23":"tag-provence-alpes-cote-dazur","24":"tag-republique-francaise","25":"tag-video","26":"tag-video-police","27":"tag-violences"},"share_on_mastodon":{"url":"https:\/\/pubeurope.com\/@fr\/114324780094486537","error":""},"_links":{"self":[{"href":"https:\/\/www.europesays.com\/fr\/wp-json\/wp\/v2\/posts\/19705","targetHints":{"allow":["GET"]}}],"collection":[{"href":"https:\/\/www.europesays.com\/fr\/wp-json\/wp\/v2\/posts"}],"about":[{"href":"https:\/\/www.europesays.com\/fr\/wp-json\/wp\/v2\/types\/post"}],"author":[{"embeddable":true,"href":"https:\/\/www.europesays.com\/fr\/wp-json\/wp\/v2\/users\/2"}],"replies":[{"embeddable":true,"href":"https:\/\/www.europesays.com\/fr\/wp-json\/wp\/v2\/comments?post=19705"}],"version-history":[{"count":0,"href":"https:\/\/www.europesays.com\/fr\/wp-json\/wp\/v2\/posts\/19705\/revisions"}],"wp:featuredmedia":[{"embeddable":true,"href":"https:\/\/www.europesays.com\/fr\/wp-json\/wp\/v2\/media\/19706"}],"wp:attachment":[{"href":"https:\/\/www.europesays.com\/fr\/wp-json\/wp\/v2\/media?parent=19705"}],"wp:term":[{"taxonomy":"category","embeddable":true,"href":"https:\/\/www.europesays.com\/fr\/wp-json\/wp\/v2\/categories?post=19705"},{"taxonomy":"post_tag","embeddable":true,"href":"https:\/\/www.europesays.com\/fr\/wp-json\/wp\/v2\/tags?post=19705"}],"curies":[{"name":"wp","href":"https:\/\/api.w.org\/{rel}","templated":true}]}}