{"id":197052,"date":"2025-06-23T01:23:44","date_gmt":"2025-06-23T01:23:44","guid":{"rendered":"https:\/\/www.europesays.com\/fr\/197052\/"},"modified":"2025-06-23T01:23:44","modified_gmt":"2025-06-23T01:23:44","slug":"jusqua-quand-la-chaleur-va-t-elle-durer","status":"publish","type":"post","link":"https:\/\/www.europesays.com\/fr\/197052\/","title":{"rendered":"jusqu&rsquo;\u00e0 quand la chaleur va-t-elle durer\u00a0?"},"content":{"rendered":"<p>            Par<br \/>\n        <strong><br \/>\n            <a href=\"https:\/\/actu.fr\/auteur\/redaction-bordeaux\" title=\"Consulter tous les articles de R\u00e9daction Bordeaux\" rel=\"nofollow noopener\" target=\"_blank\">R\u00e9daction Bordeaux<\/a><br \/>\n        <\/strong><\/p>\n<p>        Publi\u00e9 le<\/p>\n<p>            19 juin 2025 \u00e0 17h42        <\/p>\n<p>Le d\u00e9partement de la Gironde est <a href=\"https:\/\/actu.fr\/nouvelle-aquitaine\/bordeaux_33063\/les-temperatures-continuent-leur-envol-l-alerte-canicule-declenchee-en-gironde_62789079.html\" rel=\"nofollow noopener\" target=\"_blank\">class\u00e9 en vigilance jaune pour risques de canicule depuis ce jeudi 19\u00a0juin 2025 \u00e0 midi.<\/a> Depuis quelques jours d\u00e9j\u00e0, le mercure affiche pr\u00e8s de <strong>dix degr\u00e9s au-dessus des normales<\/strong> de saison. Jusqu\u2019\u00e0 quand pourrait durer cette vague de chaleur\u2009? On regarde les pr\u00e9visions.<\/p>\n<p class=\" wall-content\">Les <strong>conditions anticycloniques<\/strong> bloquent \u00ab\u2009une masse d\u2019air chaud avec une hausse progressive des temp\u00e9ratures maximales sur le Sud-Ouest de la France\u2009\u00bb, d\u00e9taille M\u00e9t\u00e9o France. L\u2019air chaud venu d\u2019Espagne remonte la France.<\/p>\n<p>La temp\u00e9rature grimpe<\/p>\n<p class=\" wall-content\">M\u00e9t\u00e9o France a plac\u00e9 la Gironde en vigilance mod\u00e9r\u00e9e, jaune, pour risques de <a href=\"https:\/\/actu.fr\/tag\/canicule\" rel=\"nofollow noopener\" target=\"_blank\">canicule<\/a> ce jeudi (36 degr\u00e9s) et toute la journ\u00e9e de vendredi (38 degr\u00e9s attendus). Vraisemblablement, elle devrait se poursuivre ce samedi 21\u00a0juin avec 37 degr\u00e9s annonc\u00e9s.\u00a0Ces trois jours, la temp\u00e9rature ne devrait pas redescendre en dessous de 21 degr\u00e9s la nuit.<\/p>\n<p class=\" wall-content\">\u00ab\u2009Une attention particuli\u00e8re est demand\u00e9e \u00e0 l\u2019occasion des <strong>\u00e9v\u00e9nements festifs<\/strong> pr\u00e9vus durant la p\u00e9riode de vigilance, notamment Bordeaux F\u00eate le Vin qui se d\u00e9roulera du 19 au 22\u00a0juin \u00e0 Bordeaux ainsi que la <a href=\"https:\/\/actu.fr\/nouvelle-aquitaine\/bordeaux_33063\/fete-de-la-musique-ou-profiter-a-bordeaux-et-alentours-de-l-edition-2025_62756024.html\" rel=\"nofollow noopener\" target=\"_blank\">F\u00eate de la Musique<\/a> pr\u00e9vue le 21\u00a0juin sur l\u2019ensemble du territoire girondin\u2009\u00bb, a d\u2019ailleurs pr\u00e9cis\u00e9 la Pr\u00e9fecture de la Gironde.<\/p>\n<p class=\" wall-content\">Dimanche, <strong>l\u2019incertitude sur la pr\u00e9vision augmente<\/strong> mais un ciel nuageux est attendu avec des \u00ab\u2009\u00e9claircies plus larges en d\u00e9but d\u2019apr\u00e8s-midi\u2009\u00bb, pr\u00e9cise l\u2019organisme m\u00e9t\u00e9orologique. La temp\u00e9rature maximale attendue \u00e0 Bordeaux est <strong>de 32 degr\u00e9s,<\/strong> et la minimale de 20 degr\u00e9s.<\/p>\n<p>Vid\u00e9os : en ce moment sur Actu<\/p>\n<p class=\" wall-content\">\n<p class=\" wall-content\">Le r\u00e9pit semble continuer lundi, avec une temp\u00e9rature attendue \u00e0 Bordeaux entre 19 et 29 degr\u00e9s. Les maximales attendues <strong>mardi sont de 30 degr\u00e9s et mercredi de 31 degr\u00e9s.<\/strong> <a href=\"https:\/\/actu.fr\/tag\/orages\" rel=\"nofollow noopener\" target=\"_blank\">Des orages<\/a> pourraient \u00e9clater ce mercredi 25\u00a0juin dans l\u2019apr\u00e8s-midi.<\/p>\n<p class=\" wall-content\">La pr\u00e9cision des pr\u00e9visions m\u00e9t\u00e9orologiques diminue avec le temps, mais les temp\u00e9ratures devraient \u00eatre comprises entre 19 et 26 degr\u00e9s jeudi prochain. Ensuite, elles remonteront pour atteindre <strong>32 degr\u00e9s dans la journ\u00e9e<\/strong> de samedi 28\u00a0juin.<\/p>\n<p class=\" wall-content\">D\u2019apr\u00e8s\u00a0<a href=\"https:\/\/actualite.lachainemeteo.com\/actualite-meteo\/2024-06-29\/tendance-meteo-a-4-semaines-fortes-chaleurs-durables-rares-orages-71369\" rel=\"nofollow noopener\" target=\"_blank\">La Cha\u00eene M\u00e9t\u00e9o,<\/a> il faut en effet s\u2019attendre \u00e0 \u00ab\u2009l\u2019installation d\u2019un <strong>temps chaud et sec<\/strong> pour le reste du mois de juin ainsi que pour le mois de juillet\u2009\u00bb.<\/p>\n<p>Des vagues de chaleurs plus fr\u00e9quentes et plus pr\u00e9coces<\/p>\n<p class=\" wall-content\">Cet \u00e9pisode est la <strong>50e vague de chaleur<\/strong> recens\u00e9e depuis 1947. Les vagues de chaleur apparaissent de plus en plus t\u00f4t dans la saison, d\u00e8s la mi-juin. Une \u00e9volution mise en lien direct avec le <a href=\"https:\/\/actu.fr\/tag\/changement-climatique\" rel=\"nofollow noopener\" target=\"_blank\">changement climatique<\/a> par <a href=\"https:\/\/meteofrance.com\/actualites-et-dossiers\/actualites\/canicule-cette-semaine-quoi-sattendre\" rel=\"nofollow noopener\" target=\"_blank\">M\u00e9t\u00e9o France<\/a>.<\/p>\n<p class=\" wall-content\">\u00ab\u2009Les \u00e9t\u00e9s futurs seront plus chauds que tous ceux connus jusqu\u2019\u00e0 aujourd\u2019hui. Il faudrait s\u2019attendre \u00e0 <strong>10\u00a0fois plus de jours de vague de chaleur<\/strong> \u00e0 l\u2019horizon 2\u2009100\u2009\u00bb, affirme M\u00e9t\u00e9o France.<\/p>\n<p class=\" wall-content\">Suivez toute l\u2019actualit\u00e9 de vos villes et m\u00e9dias favoris en vous inscrivant \u00e0 <a href=\"https:\/\/moncompte.actu.fr\" title=\"D\u00e9couvez Mon Actu\" rel=\"nofollow noopener\" data-trk=\"{&quot;cta&quot;:{&quot;action&quot;:&quot;https:\\\/\\\/moncompte.actu.fr&quot;,&quot;category&quot;:&quot;mon compte&quot;,&quot;from&quot;:&quot;article footer&quot;,&quot;name&quot;:&quot;Mon actu&quot;,&quot;type&quot;:&quot;cta&quot;}}\" target=\"_blank\">Mon Actu<\/a>.<\/p>\n","protected":false},"excerpt":{"rendered":"Par R\u00e9daction Bordeaux Publi\u00e9 le 19 juin 2025 \u00e0 17h42 Le d\u00e9partement de la Gironde est class\u00e9 en&hellip;\n","protected":false},"author":2,"featured_media":62145,"comment_status":"","ping_status":"","sticky":false,"template":"","format":"standard","meta":{"footnotes":""},"categories":[2817],"tags":[1111,11,1997,6698,1777,674,1011,27,2487,2357,12,2219,25,15637],"class_list":{"0":"post-197052","1":"post","2":"type-post","3":"status-publish","4":"format-standard","5":"has-post-thumbnail","7":"category-bordeaux","8":"tag-actu","9":"tag-actualites","10":"tag-bordeaux","11":"tag-canicule","12":"tag-eu","13":"tag-europe","14":"tag-fr","15":"tag-france","16":"tag-meteo","17":"tag-meteo-france","18":"tag-news","19":"tag-nouvelle-aquitaine","20":"tag-republique-francaise","21":"tag-vague-de-chaleur"},"share_on_mastodon":{"url":"https:\/\/pubeurope.com\/@fr\/114730067826079194","error":""},"_links":{"self":[{"href":"https:\/\/www.europesays.com\/fr\/wp-json\/wp\/v2\/posts\/197052","targetHints":{"allow":["GET"]}}],"collection":[{"href":"https:\/\/www.europesays.com\/fr\/wp-json\/wp\/v2\/posts"}],"about":[{"href":"https:\/\/www.europesays.com\/fr\/wp-json\/wp\/v2\/types\/post"}],"author":[{"embeddable":true,"href":"https:\/\/www.europesays.com\/fr\/wp-json\/wp\/v2\/users\/2"}],"replies":[{"embeddable":true,"href":"https:\/\/www.europesays.com\/fr\/wp-json\/wp\/v2\/comments?post=197052"}],"version-history":[{"count":0,"href":"https:\/\/www.europesays.com\/fr\/wp-json\/wp\/v2\/posts\/197052\/revisions"}],"wp:featuredmedia":[{"embeddable":true,"href":"https:\/\/www.europesays.com\/fr\/wp-json\/wp\/v2\/media\/62145"}],"wp:attachment":[{"href":"https:\/\/www.europesays.com\/fr\/wp-json\/wp\/v2\/media?parent=197052"}],"wp:term":[{"taxonomy":"category","embeddable":true,"href":"https:\/\/www.europesays.com\/fr\/wp-json\/wp\/v2\/categories?post=197052"},{"taxonomy":"post_tag","embeddable":true,"href":"https:\/\/www.europesays.com\/fr\/wp-json\/wp\/v2\/tags?post=197052"}],"curies":[{"name":"wp","href":"https:\/\/api.w.org\/{rel}","templated":true}]}}