{"id":197061,"date":"2025-06-23T01:29:15","date_gmt":"2025-06-23T01:29:15","guid":{"rendered":"https:\/\/www.europesays.com\/fr\/197061\/"},"modified":"2025-06-23T01:29:15","modified_gmt":"2025-06-23T01:29:15","slug":"une-scene-dhumour-pour-les-parents-et-les-enfants","status":"publish","type":"post","link":"https:\/\/www.europesays.com\/fr\/197061\/","title":{"rendered":"Une sc\u00e8ne d\u2019humour pour les parents et les enfants"},"content":{"rendered":"\n<p>C\u2019est une grande premi\u00e8re\u00a0! Souvent destin\u00e9 \u00e0 un public d\u2019un certain \u00e2ge, le stand-up s\u2019ouvre d\u00e9sormais aux plus jeunes avec le 1er Grand Bain comedy club qui a lieu ce dimanche \u00e0 partir de 16 heures.<\/p>\n<p><b>Un moment de partage<\/b><\/p>\n<p>Organis\u00e9 par l\u2019association CitizenCorps cr\u00e9atrice du programme \u00e9ducatif Le Grand Bain qui favorise la mixit\u00e9 sociale et culturelle entre les enfants marseillais venus de tous les horizons. \u00ab\u00a0Dans ce programme nous travaillons avec une 20e\u00a0d\u2019\u00e9coles marseillaises, qu\u2019elles soient dans les quartiers nord ou sud pour cr\u00e9er du lien entre les enfants, peu importe le milieu social dont ils sont issus\u00a0\u00bb, explique Certe Maturin, humoriste et vice-pr\u00e9sident de CitizenCorp. \u00ab\u00a0Cet \u00e9v\u00e9nement est la continuit\u00e9 de ce que l\u2019on fait au quotidien. On veut cr\u00e9er des connexions entre les enfants mais aussi les familles issues de diff\u00e9rents milieux qui ne se rencontrent pas habituellement.\u00a0\u00bb<\/p>\n<p>Seront pr\u00e9sents sur sc\u00e8ne pour l\u2019occasion des humoristes qui ont l\u2019habitude de travailler avec les enfants puisque certains sont professeurs d\u2019anglais, de th\u00e9\u00e2tre ou enseignants. Un humoriste en herbe fera quant \u00e0 lui sa premi\u00e8re sc\u00e8ne, le jeune Dante, 10\u00a0ans tentera de faire rire son public\u00a0! \u00ab\u00a0Nous partons du principe que l\u2019humour, au m\u00eame titre que l\u2019amour, est un vecteur universel de lien\u00a0\u00bb, souligne l\u2019humoriste. \u00ab\u00a0Le plateau de dimanche parlera de l\u2019\u00e9cole, des fr\u00e8res et s\u0153urs ou encore du quotidien dans les familles pour que tout le monde se sente concern\u00e9 et appr\u00e9cie l\u2019humour propos\u00e9.\u00a0\u00bb<\/p>\n<p><b>Des sujets pour tous<\/b><\/p>\n<p>Et de poursuivre\u00a0: \u00ab\u00a0On croit souvent que le stand-up ne s\u2019adresse qu\u2019aux adultes mais c\u2019est faux. Le jeune public est parfaitement apte \u00e0 comprendre les sujets abord\u00e9s. \u00c9videmment, certains sont \u00e9vit\u00e9s (rires).\u00a0\u00bb<\/p>\n<p>Et pour que le plaisir soit entier, un go\u00fbter sera offert au public avant le d\u00e9but du spectacle. Pour ce qui est du placement dans la salle, les enfants seront entre eux et les parents aussi. \u00ab\u00a0C\u2019est un choix, les enfants en bas et les grands en haut\u00a0! Chacun et ainsi libre de vivre son moment et de rire comme bon lui semble, c\u2019est un petit moment de libert\u00e9 \u00e0 partager\u00a0\u00bb, s\u2019amuse Certe Maturin.<\/p>\n<p>Entre 5 et 12 euros la place<\/p>\n","protected":false},"excerpt":{"rendered":"C\u2019est une grande premi\u00e8re\u00a0! Souvent destin\u00e9 \u00e0 un public d\u2019un certain \u00e2ge, le stand-up s\u2019ouvre d\u00e9sormais aux plus&hellip;\n","protected":false},"author":2,"featured_media":197062,"comment_status":"","ping_status":"","sticky":false,"template":"","format":"standard","meta":{"footnotes":""},"categories":[2814],"tags":[1111,11,1777,674,1011,27,884,12,882,25,7492],"class_list":{"0":"post-197061","1":"post","2":"type-post","3":"status-publish","4":"format-standard","5":"has-post-thumbnail","7":"category-marseille","8":"tag-actu","9":"tag-actualites","10":"tag-eu","11":"tag-europe","12":"tag-fr","13":"tag-france","14":"tag-marseille","15":"tag-news","16":"tag-provence-alpes-cote-dazur","17":"tag-republique-francaise","18":"tag-stand-up"},"share_on_mastodon":{"url":"https:\/\/pubeurope.com\/@fr\/114730091374547221","error":""},"_links":{"self":[{"href":"https:\/\/www.europesays.com\/fr\/wp-json\/wp\/v2\/posts\/197061","targetHints":{"allow":["GET"]}}],"collection":[{"href":"https:\/\/www.europesays.com\/fr\/wp-json\/wp\/v2\/posts"}],"about":[{"href":"https:\/\/www.europesays.com\/fr\/wp-json\/wp\/v2\/types\/post"}],"author":[{"embeddable":true,"href":"https:\/\/www.europesays.com\/fr\/wp-json\/wp\/v2\/users\/2"}],"replies":[{"embeddable":true,"href":"https:\/\/www.europesays.com\/fr\/wp-json\/wp\/v2\/comments?post=197061"}],"version-history":[{"count":0,"href":"https:\/\/www.europesays.com\/fr\/wp-json\/wp\/v2\/posts\/197061\/revisions"}],"wp:featuredmedia":[{"embeddable":true,"href":"https:\/\/www.europesays.com\/fr\/wp-json\/wp\/v2\/media\/197062"}],"wp:attachment":[{"href":"https:\/\/www.europesays.com\/fr\/wp-json\/wp\/v2\/media?parent=197061"}],"wp:term":[{"taxonomy":"category","embeddable":true,"href":"https:\/\/www.europesays.com\/fr\/wp-json\/wp\/v2\/categories?post=197061"},{"taxonomy":"post_tag","embeddable":true,"href":"https:\/\/www.europesays.com\/fr\/wp-json\/wp\/v2\/tags?post=197061"}],"curies":[{"name":"wp","href":"https:\/\/api.w.org\/{rel}","templated":true}]}}