{"id":197065,"date":"2025-06-23T01:31:06","date_gmt":"2025-06-23T01:31:06","guid":{"rendered":"https:\/\/www.europesays.com\/fr\/197065\/"},"modified":"2025-06-23T01:31:06","modified_gmt":"2025-06-23T01:31:06","slug":"cette-polemique-est-infondee-toxique-et-indigne-selon-renaud-payre-metropole-de-lyon","status":"publish","type":"post","link":"https:\/\/www.europesays.com\/fr\/197065\/","title":{"rendered":"\u00ab\u00a0Cette pol\u00e9mique est infond\u00e9e, toxique et indigne\u00a0\u00bb selon Renaud Payre (M\u00e9tropole de Lyon)"},"content":{"rendered":"<p>Apr\u00e8s <a href=\"https:\/\/www.lyonmag.com\/article\/144703\/une-fresque-islamiste-realisee-a-venissieux-avec-de-l-argent-public-et-la-validation-de-grandlyon-habitat\" target=\"_blank\" rel=\"noopener\">notre article sur la fresque de la tour 61 du boulevard L\u00e9nine \u00e0 V\u00e9nissieux<\/a>, o\u00f9 certains habitants inquiets voyaient une enfant semblant voil\u00e9e, la M\u00e9tropole de Lyon n&rsquo;a pas r\u00e9agi officiellement. Elle a pourtant contribu\u00e9 financi\u00e8rement \u00e0 hauteur de 20 000 euros, sur les 49 622 euros d\u00e9bours\u00e9s pour ce projet de GrandLyon Habitat qui vise \u00e0 \u00e9gayer le quotidien des riverains avec des dessins r\u00e9alis\u00e9s avec eux \u00e0 chaque \u00e9tage de la cage d&rsquo;escaliers.<\/p>\n<p>C&rsquo;est d\u00e9sormais chose faite avec <a href=\"https:\/\/www.lyonmag.com\/profil-personnalite-lyonnaise\/527\/renaud-payre\" target=\"_blank\" rel=\"noopener\">Renaud Payre<\/a>, vice-pr\u00e9sident de la M\u00e9tropole de Lyon charg\u00e9 du Logement, pr\u00e9sent \u00e0 l&rsquo;inauguration des fresques de la tour voisine, la 41, en f\u00e9vrier dernier.<\/p>\n<p>Selon lui, il s&rsquo;agit d&rsquo;une \u00ab\u00a0pol\u00e9mique lanc\u00e9e par l\u2019extr\u00eame droite et ses relais habituels\u00a0\u00bb.<\/p>\n<p>\u00ab\u00a0Soyons clairs : il n\u2019y a pas de fillette voil\u00e9e, pas de message cach\u00e9. Il n\u2019y a qu\u2019une silhouette parmi d\u2019autres, sans visage, sans d\u00e9tail, dessin\u00e9e dans un style graphique volontairement \u00e9pur\u00e9. C\u2019est un choix artistique, pens\u00e9 pour permettre une r\u00e9alisation collective et accessible, rien d&rsquo;autre. Ce que cherche ce genre d\u2019attaque, ce n\u2019est pas la v\u00e9rit\u00e9. Ce n\u2019est pas l\u2019\u00e9change, ni le d\u00e9bat. Ce qu\u2019elle cherche, c\u2019est nourrir un r\u00e9cit anxiog\u00e8ne, en entretenant l\u2019id\u00e9e que des quartiers entiers seraient en rupture avec la R\u00e9publique, qu\u2019ils seraient infiltr\u00e9s, d\u00e9rivants, mena\u00e7ants\u00a0\u00bb, s&#8217;emporte Renaud Payre.<\/p>\n<p>Pour l&rsquo;ancien directeur de Sciences Po Lyon, \u00ab\u00a0la R\u00e9publique ne se reconstruira pas dans la suspicion et la peur. Elle ne r\u00e9soudra rien tant qu\u2019elle laissera prosp\u00e9rer ces discours qui fracturent et accusent sans preuve. Elle ne progressera que par la justice, la confiance, la Concorde. Alors oui, il faut le dire fermement : cette pol\u00e9mique est infond\u00e9e, toxique et indigne. Et non, nous ne laisserons pas passer\u00a0\u00bb.<\/p>\n<blockquote class=\"twitter-tweet\"><p>&#13;<\/p>\n<p dir=\"ltr\" lang=\"fr\">Une fresque islamiste repr\u00e9sentant des fillettes de 5 ans voil\u00e9es\ud83e\uddd5r\u00e9alis\u00e9e \u00e0 V\u00e9nissieux avec de l&rsquo;argent public valid\u00e9e <a href=\"https:\/\/twitter.com\/hashtag\/EELV?src=hash&amp;ref_src=twsrc%5Etfw\" target=\"_blank\" rel=\"noopener\">#EELV<\/a>\ud83c\udf3bde <a href=\"https:\/\/twitter.com\/Gregorydoucet?ref_src=twsrc%5Etfw\" target=\"_blank\" rel=\"noopener\">@Gregorydoucet<\/a> GrandLyon Habitat<br \/>Jusqu\u2019o\u00f9 iront les \u00e9lus Verts dans le s\u00e9paratisme? <br \/>La loi de <a href=\"https:\/\/twitter.com\/GabrielAttal?ref_src=twsrc%5Etfw\" target=\"_blank\" rel=\"noopener\">@GabrielAttal<\/a> est n\u00e9cessaire<a href=\"https:\/\/t.co\/T9dRQcHq5S\">https:\/\/t.co\/T9dRQcHq5S<\/a> <a href=\"https:\/\/t.co\/SZChMJRR4o\">pic.twitter.com\/SZChMJRR4o<\/a><\/p>\n<p>&#13;<br \/>\n\u2014 Les Progressistes (@_Progressistes) <a href=\"https:\/\/twitter.com\/_Progressistes\/status\/1935780399831302335?ref_src=twsrc%5Etfw\" target=\"_blank\" rel=\"noopener\">June 19, 2025<\/a><\/p><\/blockquote>\n<p>Pour rappel, une rencontre entre GrandLyon Habitat et le comit\u00e9 1905 du Rh\u00f4ne, tr\u00e8s critique sur les repr\u00e9sentations faites sur la fresque, doit avoir lieu la semaine prochaine pour \u00e9voquer le cas de la tour 61 de la Darnaise \u00e0 V\u00e9nissieux.<\/p>\n<p>  \t\t\t\t\t<script async src=\"https:\/\/platform.twitter.com\/widgets.js\" charset=\"utf-8\"><\/script><\/p>\n","protected":false},"excerpt":{"rendered":"Apr\u00e8s notre article sur la fresque de la tour 61 du boulevard L\u00e9nine \u00e0 V\u00e9nissieux, o\u00f9 certains habitants&hellip;\n","protected":false},"author":2,"featured_media":197066,"comment_status":"","ping_status":"","sticky":false,"template":"","format":"standard","meta":{"footnotes":""},"categories":[1889],"tags":[1111,11,2813,2190,2430,1109,251,1112,2811,1777,674,118,1011,27,1922,1110,1114,2428,2810,12,241,316,25,2812,517,800],"class_list":{"0":"post-197065","1":"post","2":"type-post","3":"status-publish","4":"format-standard","5":"has-post-thumbnail","7":"category-lyon","8":"tag-actu","9":"tag-actualites","10":"tag-article","11":"tag-asvel","12":"tag-auvergne-rhone-alpes","13":"tag-breves","14":"tag-culture","15":"tag-depeches","16":"tag-economique","17":"tag-eu","18":"tag-europe","19":"tag-faits-divers","20":"tag-fr","21":"tag-france","22":"tag-info","23":"tag-informations","24":"tag-infos","25":"tag-lyon","26":"tag-lyonmag","27":"tag-news","28":"tag-ol","29":"tag-politique","30":"tag-republique-francaise","31":"tag-sociale","32":"tag-sport","33":"tag-transports"},"share_on_mastodon":{"url":"https:\/\/pubeurope.com\/@fr\/114730099243686239","error":""},"_links":{"self":[{"href":"https:\/\/www.europesays.com\/fr\/wp-json\/wp\/v2\/posts\/197065","targetHints":{"allow":["GET"]}}],"collection":[{"href":"https:\/\/www.europesays.com\/fr\/wp-json\/wp\/v2\/posts"}],"about":[{"href":"https:\/\/www.europesays.com\/fr\/wp-json\/wp\/v2\/types\/post"}],"author":[{"embeddable":true,"href":"https:\/\/www.europesays.com\/fr\/wp-json\/wp\/v2\/users\/2"}],"replies":[{"embeddable":true,"href":"https:\/\/www.europesays.com\/fr\/wp-json\/wp\/v2\/comments?post=197065"}],"version-history":[{"count":0,"href":"https:\/\/www.europesays.com\/fr\/wp-json\/wp\/v2\/posts\/197065\/revisions"}],"wp:featuredmedia":[{"embeddable":true,"href":"https:\/\/www.europesays.com\/fr\/wp-json\/wp\/v2\/media\/197066"}],"wp:attachment":[{"href":"https:\/\/www.europesays.com\/fr\/wp-json\/wp\/v2\/media?parent=197065"}],"wp:term":[{"taxonomy":"category","embeddable":true,"href":"https:\/\/www.europesays.com\/fr\/wp-json\/wp\/v2\/categories?post=197065"},{"taxonomy":"post_tag","embeddable":true,"href":"https:\/\/www.europesays.com\/fr\/wp-json\/wp\/v2\/tags?post=197065"}],"curies":[{"name":"wp","href":"https:\/\/api.w.org\/{rel}","templated":true}]}}