{"id":197067,"date":"2025-06-23T01:32:04","date_gmt":"2025-06-23T01:32:04","guid":{"rendered":"https:\/\/www.europesays.com\/fr\/197067\/"},"modified":"2025-06-23T01:32:04","modified_gmt":"2025-06-23T01:32:04","slug":"jean-michel-aulas-promet-une-action-municipale-plus-forte-sur-la-securite","status":"publish","type":"post","link":"https:\/\/www.europesays.com\/fr\/197067\/","title":{"rendered":"Jean-Michel Aulas promet une action municipale plus forte sur la s\u00e9curit\u00e9"},"content":{"rendered":"<p>De plus en plus pr\u00e9sente parmi les principales pr\u00e9occupations des Fran\u00e7ais, elle ne fait pas d\u00e9faut aux Lyonnais.<br \/>Alors, m\u00eame si les leviers d&rsquo;un maire sont moins importants que ceux de la pr\u00e9fecture, <a href=\"https:\/\/www.lyonmag.com\/profil-personnalite-lyonnaise\/8\/jean-michel-aulas\" target=\"_blank\" rel=\"noopener\">Jean-Michel Aulas<\/a> s&rsquo;engouffre dans la br\u00e8che ce dimanche.<\/p>\n<p>A quelques jours d&rsquo;annoncer officiellement sa candidature, l&rsquo;ancien pr\u00e9sident de l&rsquo;OL publie un long message sur les r\u00e9seaux sociaux pour d\u00e9noncer la progression des violences aux personnes et des vols avec violences.<\/p>\n<p>\u00ab\u00a0Pendant que la municipalit\u00e9 trace des ZTL et pi\u00e9tonnise \u00e0 tout-va, les Lyonnais encaissent l\u2019ins\u00e9curit\u00e9. Les priorit\u00e9s ont \u00e9t\u00e9 invers\u00e9es\u00a0\u00bb, s&#8217;emporte Jean-Michel Aulas.<\/p>\n<p>\u00ab\u00a0Lyon doit redevenir une ville s\u00fbre pour tous, et dans tous les quartiers. Car la s\u00e9curit\u00e9, c\u2019est aussi la condition du bien-\u00eatre de toutes les Lyonnaises et de tous les Lyonnais, et c\u2019est ce bien-\u00eatre qui devrait \u00eatre LA priorit\u00e9\u00a0\u00bb, poursuit-il avant de d\u00e9cliner quelques pistes qui m\u00e8neront \u00e0 des propositions.<\/p>\n<p>Pour Jean-Michel Aulas, Lyon doit se doter d&rsquo;une police municipale \u00ab\u00a0plus pr\u00e9sente et mieux form\u00e9e\u00a0\u00bb, notamment \u00e0 la gestion de conflit, aux violences conjugales ou \u00e0 la radicalisation. Et au d\u00e9ploiement d&rsquo;unit\u00e9s sp\u00e9cialis\u00e9es dans les rod\u00e9os urbains ou les violences intrafamiliales.<\/p>\n<p>Il appelle \u00e9galement de ses voeux \u00e0 la cr\u00e9ation d&rsquo;une police municipale des transports, citant bus, m\u00e9tros et gares. Or, la S\u00fbret\u00e9 ferroviaire existe d\u00e9j\u00e0 et les TCL sont du ressort de la M\u00e9tropole de Lyon.<\/p>\n<p>Jean-Michel Aulas conclut sa tirade par la vid\u00e9oprotection et imagine un plan \u00ab\u00a0s\u00e9rieux et cr\u00e9dible, fond\u00e9 sur les donn\u00e9es, les cartes, les typologies et non sur les effets d&rsquo;annonce\u00a0\u00bb.<\/p>\n<p>Comme toujours avec les textes qu&rsquo;il ne r\u00e9dige pas lui-m\u00eame, les approximations et le flou r\u00e8gnent.<\/p>\n<p>A d\u00e9faut de donner des chiffres, des propositions innovantes ou a minima dans les comp\u00e9tences de la Ville de Lyon, Jean-Michel Aulas fait une promesse : \u00ab\u00a0C\u2019est aux d\u00e9linquants d\u2019avoir peur. Pas aux Lyonnais\u00a0\u00bb.<\/p>\n","protected":false},"excerpt":{"rendered":"De plus en plus pr\u00e9sente parmi les principales pr\u00e9occupations des Fran\u00e7ais, elle ne fait pas d\u00e9faut aux Lyonnais.Alors,&hellip;\n","protected":false},"author":2,"featured_media":197068,"comment_status":"","ping_status":"","sticky":false,"template":"","format":"standard","meta":{"footnotes":""},"categories":[1889],"tags":[1111,11,2813,2190,2430,1109,251,1112,2811,1777,674,118,1011,27,1922,1110,1114,2428,2810,12,241,316,25,2812,517,800],"class_list":{"0":"post-197067","1":"post","2":"type-post","3":"status-publish","4":"format-standard","5":"has-post-thumbnail","7":"category-lyon","8":"tag-actu","9":"tag-actualites","10":"tag-article","11":"tag-asvel","12":"tag-auvergne-rhone-alpes","13":"tag-breves","14":"tag-culture","15":"tag-depeches","16":"tag-economique","17":"tag-eu","18":"tag-europe","19":"tag-faits-divers","20":"tag-fr","21":"tag-france","22":"tag-info","23":"tag-informations","24":"tag-infos","25":"tag-lyon","26":"tag-lyonmag","27":"tag-news","28":"tag-ol","29":"tag-politique","30":"tag-republique-francaise","31":"tag-sociale","32":"tag-sport","33":"tag-transports"},"share_on_mastodon":{"url":"https:\/\/pubeurope.com\/@fr\/114730103222561319","error":""},"_links":{"self":[{"href":"https:\/\/www.europesays.com\/fr\/wp-json\/wp\/v2\/posts\/197067","targetHints":{"allow":["GET"]}}],"collection":[{"href":"https:\/\/www.europesays.com\/fr\/wp-json\/wp\/v2\/posts"}],"about":[{"href":"https:\/\/www.europesays.com\/fr\/wp-json\/wp\/v2\/types\/post"}],"author":[{"embeddable":true,"href":"https:\/\/www.europesays.com\/fr\/wp-json\/wp\/v2\/users\/2"}],"replies":[{"embeddable":true,"href":"https:\/\/www.europesays.com\/fr\/wp-json\/wp\/v2\/comments?post=197067"}],"version-history":[{"count":0,"href":"https:\/\/www.europesays.com\/fr\/wp-json\/wp\/v2\/posts\/197067\/revisions"}],"wp:featuredmedia":[{"embeddable":true,"href":"https:\/\/www.europesays.com\/fr\/wp-json\/wp\/v2\/media\/197068"}],"wp:attachment":[{"href":"https:\/\/www.europesays.com\/fr\/wp-json\/wp\/v2\/media?parent=197067"}],"wp:term":[{"taxonomy":"category","embeddable":true,"href":"https:\/\/www.europesays.com\/fr\/wp-json\/wp\/v2\/categories?post=197067"},{"taxonomy":"post_tag","embeddable":true,"href":"https:\/\/www.europesays.com\/fr\/wp-json\/wp\/v2\/tags?post=197067"}],"curies":[{"name":"wp","href":"https:\/\/api.w.org\/{rel}","templated":true}]}}