{"id":197069,"date":"2025-06-23T01:33:14","date_gmt":"2025-06-23T01:33:14","guid":{"rendered":"https:\/\/www.europesays.com\/fr\/197069\/"},"modified":"2025-06-23T01:33:14","modified_gmt":"2025-06-23T01:33:14","slug":"un-veritable-fleau-deux-jeunes-condamnes-pour-une-serie-de-vols-de-suv-dans-loise-et-en-ile-de-france","status":"publish","type":"post","link":"https:\/\/www.europesays.com\/fr\/197069\/","title":{"rendered":"\u00ab\u00a0Un v\u00e9ritable fl\u00e9au\u00a0\u00bb\u00a0: deux jeunes condamn\u00e9s pour une s\u00e9rie de vols de SUV dans l\u2019Oise et en Ile-de-France"},"content":{"rendered":"<p class=\"paragraph text_align_left lp-f-body-02\">Au m\u00eame titre que <a href=\"https:\/\/www.leparisien.fr\/oise-60\/un-secteur-aise-et-facile-dacces-le-sud-oise-terrain-de-jeu-prefere-des-cambrioleurs-dans-le-departement-31-03-2025-BD2WUQJL5JDXTLQNBOV5W552ZU.php\" target=\"_self\" rel=\"noopener\">les cambriolages<\/a>, \u00ab le vol de v\u00e9hicules dans le sud de l\u2019Oise est un v\u00e9ritable fl\u00e9au \u00bb, a d\u00e9nonc\u00e9 la substitut du procureur durant son r\u00e9quisitoire. Le profil des voleurs jug\u00e9s ce vendredi 20 juin par le tribunal de Senlis (Oise), est lui plus \u00ab surprenant \u00bb au regard de leur casier vierge et leur bonne insertion sociale.<\/p>\n<p class=\"paragraph text_align_left lp-f-body-02\">Deux jeunes majeurs de 20 ans originaires d\u2019Ile-de-France comparaissaient pour des faits de vols en r\u00e9union et vol par majeur avec l\u2019aide d\u2019un mineur. Ce dernier a lui \u00e9t\u00e9 d\u00e9f\u00e9r\u00e9 ce vendredi au tribunal de <a href=\"https:\/\/www.leparisien.fr\/seine-et-marne-77\/meaux-77100\/\" target=\"_self\" rel=\"noopener\">Meaux<\/a>.<\/p>\n<p class=\"paragraph text_align_left lp-f-body-02\">Entre le 16 avril et le 10 juin, l\u2019\u00e9quipe de malfaiteurs est soup\u00e7onn\u00e9e d\u2019avoir commis sept vols &#8211; <a href=\"https:\/\/www.leparisien.fr\/oise-60\/dans-loise-les-voleurs-qui-ciblaient-des-toyota-et-des-lexus-repartent-en-prison-13-02-2025-7R3M7CFKW5DOVDHPYSTSC7ZETY.php\" target=\"_self\" rel=\"noopener\">des Toyota Rav 4<\/a>, des Peugeot 5008 et 3008 &#8211; en majeure partie dans le sud de l\u2019Oise, mais aussi en <a href=\"https:\/\/www.leparisien.fr\/seine-et-marne-77\/\" target=\"_self\" rel=\"noopener\">Seine-et-Marne<\/a> et dans les <a href=\"https:\/\/www.leparisien.fr\/yvelines-78\/\" target=\"_self\" rel=\"noopener\">Yvelines<\/a>.<\/p>\n<p>\u00ab Je vais bosser dur pour rembourser les frais \u00bb<\/p>\n<p class=\"paragraph text_align_left lp-f-body-02\">\u00ab Je garde le silence \u00bb, r\u00e9pond laconiquement Nolan R., en r\u00e9ponse aux questions du juge. \u00ab Je reconnais juste avoir \u00e9t\u00e9 sollicit\u00e9 pour conduire des individus d\u2019un point A \u00e0 un point B \u00bb, se contente de son c\u00f4t\u00e9 Quang V., qui dit avoir empoch\u00e9 cent euros par trajet sans se \u00ab sans se poser de questions \u00bb.<\/p>\n<p class=\"paragraph text_align_left lp-f-body-02\">Pas franchement loquaces quand il s\u2019agit d\u2019expliquer les raisons de leurs all\u00e9es et venus nocturnes \u00e0 Nanteuil-le-Haudouin ou Lamorlaye. Pas franchement rod\u00e9s \u00e0 l\u2019activit\u00e9 criminelle non plus. Les gendarmes du Groupe de Lutte contre les Atteintes aux V\u00e9hicules (GLAV) de Senlis, n\u2019ont pas eu la moindre difficult\u00e9 \u00e0 remonter la piste de voleurs, apr\u00e8s que le v\u00e9hicule de Nolan R. a \u00e9t\u00e9 contr\u00f4l\u00e9 inopin\u00e9ment par la police du 93.<\/p>\n<p class=\"paragraph text_align_left lp-f-body-02\">\u00c0 chaque fois le m\u00eame man\u00e8ge : la Peugeot 208 du jeune homme \u00e9tait rep\u00e9r\u00e9e par les cam\u00e9ras<a href=\"https:\/\/www.leparisien.fr\/oise-60\/videosurveillance-notre-classement-exclusif-des-villes-de-loise-les-mieux-equipees-12-06-2025-GR2KF4KQMBF4VFITVUJ3RDQI44.php\" target=\"_self\" rel=\"noopener\"> des vid\u00e9os surveillance<\/a> des communes cibl\u00e9es, suivant de pr\u00e8s le v\u00e9hicule tout juste vol\u00e9. Le bornage des t\u00e9l\u00e9phones des pr\u00e9venus a ensuite permis de d\u00e9terminer avec pr\u00e9cision les implications de chacun.<\/p>\n<p class=\"paragraph text_align_left lp-f-body-02\">Pour Hugo Gouysse, avocat de Quang V. &#8211; impliqu\u00e9 sur trois vols &#8211; il ne s\u2019agit que de \u00ab deux ex\u00e9cutants \u00bb charg\u00e9s de conduire le v\u00e9hicule. Tous deux auraient \u00e9t\u00e9 recrut\u00e9s via les r\u00e9seaux sociaux pour le compte \u00ab d\u2019<a href=\"https:\/\/www.leparisien.fr\/faits-divers\/un-vol-de-voiture-toutes-les-4-minutes-en-france-dans-quelle-region-avez-vous-le-plus-de-risques-detre-victime-06-02-2025-ZIJRYUI5H5DIJPDDDD5VYVU3E4.php\" target=\"_self\" rel=\"noopener\">un r\u00e9seau beaucoup plus important<\/a> \u00bb que les investigations n\u2019ont pas permis de d\u00e9manteler, a-t-il regrett\u00e9.<\/p>\n<p class=\"paragraph text_align_left lp-f-body-02\">\u00ab \u00c7a ne va pas se reproduire. Mon p\u00e8re a pris un avocat, je vais devoir bosser dur pour rembourser les frais \u00bb, assure, Quang V., travailleur en CDI dans les beaux quartiers de Paris. Il a finalement \u00e9t\u00e9 condamn\u00e9 \u00e0 8 mois prison ferme qu\u2019il effectuera sous bracelet \u00e9lectronique. Nolan R., impliqu\u00e9 sur la totalit\u00e9 des faits, \u00e0 lui \u00e9t\u00e9 condamn\u00e9 \u00e0 16 mois prison dont 8 mois fermes avec mandat de d\u00e9p\u00f4t. Tous deux auront \u00e9galement interdiction de para\u00eetre dans l\u2019Oise et devront rembourser les parties civiles.<\/p>\n","protected":false},"excerpt":{"rendered":"Au m\u00eame titre que les cambriolages, \u00ab le vol de v\u00e9hicules dans le sud de l\u2019Oise est un&hellip;\n","protected":false},"author":2,"featured_media":197070,"comment_status":"","ping_status":"","sticky":false,"template":"","format":"standard","meta":{"footnotes":""},"categories":[1592],"tags":[1111,11,1777,674,1011,27,662,1944,12,1940,626,25],"class_list":{"0":"post-197069","1":"post","2":"type-post","3":"status-publish","4":"format-standard","5":"has-post-thumbnail","7":"category-ile-de-france","8":"tag-actu","9":"tag-actualites","10":"tag-eu","11":"tag-europe","12":"tag-fr","13":"tag-france","14":"tag-ile-de-france","15":"tag-ma-ville","16":"tag-news","17":"tag-oise","18":"tag-paris","19":"tag-republique-francaise"},"share_on_mastodon":{"url":"https:\/\/pubeurope.com\/@fr\/114730107092352311","error":""},"_links":{"self":[{"href":"https:\/\/www.europesays.com\/fr\/wp-json\/wp\/v2\/posts\/197069","targetHints":{"allow":["GET"]}}],"collection":[{"href":"https:\/\/www.europesays.com\/fr\/wp-json\/wp\/v2\/posts"}],"about":[{"href":"https:\/\/www.europesays.com\/fr\/wp-json\/wp\/v2\/types\/post"}],"author":[{"embeddable":true,"href":"https:\/\/www.europesays.com\/fr\/wp-json\/wp\/v2\/users\/2"}],"replies":[{"embeddable":true,"href":"https:\/\/www.europesays.com\/fr\/wp-json\/wp\/v2\/comments?post=197069"}],"version-history":[{"count":0,"href":"https:\/\/www.europesays.com\/fr\/wp-json\/wp\/v2\/posts\/197069\/revisions"}],"wp:featuredmedia":[{"embeddable":true,"href":"https:\/\/www.europesays.com\/fr\/wp-json\/wp\/v2\/media\/197070"}],"wp:attachment":[{"href":"https:\/\/www.europesays.com\/fr\/wp-json\/wp\/v2\/media?parent=197069"}],"wp:term":[{"taxonomy":"category","embeddable":true,"href":"https:\/\/www.europesays.com\/fr\/wp-json\/wp\/v2\/categories?post=197069"},{"taxonomy":"post_tag","embeddable":true,"href":"https:\/\/www.europesays.com\/fr\/wp-json\/wp\/v2\/tags?post=197069"}],"curies":[{"name":"wp","href":"https:\/\/api.w.org\/{rel}","templated":true}]}}