{"id":197071,"date":"2025-06-23T01:35:19","date_gmt":"2025-06-23T01:35:19","guid":{"rendered":"https:\/\/www.europesays.com\/fr\/197071\/"},"modified":"2025-06-23T01:35:19","modified_gmt":"2025-06-23T01:35:19","slug":"omar-sy-dans-les-tribunes-pour-soutenir-paris-face-a-monaco","status":"publish","type":"post","link":"https:\/\/www.europesays.com\/fr\/197071\/","title":{"rendered":"Omar Sy dans les tribunes pour soutenir Paris face \u00e0 Monaco"},"content":{"rendered":"<p>                Et pourtant, la publicit\u00e9 personnalis\u00e9e est un moyen de soutenir le travail de notre r\u00e9daction qui s\u2019engage \u00e0 vous proposer chaque jour une information de qualit\u00e9. <strong>En acceptant les cookies, vous pourrez acc\u00e9der aux contenus et fonctionnalit\u00e9s gratuites que propose notre site.<\/strong><\/p>\n<p class=\"fig-consent-banner__content-modify\">\u00c0 tout moment, vous pouvez modifier vos choix via le bouton \u201cparam\u00e9trer les cookies\u201d en bas de page.<\/p>\n","protected":false},"excerpt":{"rendered":"Et pourtant, la publicit\u00e9 personnalis\u00e9e est un moyen de soutenir le travail de notre r\u00e9daction qui s\u2019engage \u00e0&hellip;\n","protected":false},"author":2,"featured_media":197072,"comment_status":"","ping_status":"","sticky":false,"template":"","format":"standard","meta":{"footnotes":""},"categories":[1888],"tags":[1111,1928,11,1927,7540,2190,1465,1464,3146,2180,2192,814,64,1777,450,2183,674,1011,27,2191,2193,820,2181,2182,12,1926,18580,626,2179,1925,2189,2186,2184,2185,25,1980,2188,2187],"class_list":{"0":"post-197071","1":"post","2":"type-post","3":"status-publish","4":"format-standard","5":"has-post-thumbnail","7":"category-paris","8":"tag-actu","9":"tag-actu-paris","10":"tag-actualites","11":"tag-actualites-paris","12":"tag-as-monaco-basket","13":"tag-asvel","14":"tag-basket","15":"tag-basketball","16":"tag-betclic-elite","17":"tag-championnats-deurope","18":"tag-cholet","19":"tag-direct","20":"tag-equipe-de-france","21":"tag-eu","22":"tag-euro","23":"tag-euroligue","24":"tag-europe","25":"tag-fr","26":"tag-france","27":"tag-le-mans","28":"tag-limoges","29":"tag-live","30":"tag-mondial","31":"tag-nba","32":"tag-news","33":"tag-news-paris","34":"tag-omar-sy","35":"tag-paris","36":"tag-paris-basketball","37":"tag-paris-news","38":"tag-photos","39":"tag-play-offs","40":"tag-pro-a","41":"tag-pro-b","42":"tag-republique-francaise","43":"tag-resultats","44":"tag-statistiques","45":"tag-stats"},"share_on_mastodon":{"url":"https:\/\/pubeurope.com\/@fr\/114730114983745910","error":""},"_links":{"self":[{"href":"https:\/\/www.europesays.com\/fr\/wp-json\/wp\/v2\/posts\/197071","targetHints":{"allow":["GET"]}}],"collection":[{"href":"https:\/\/www.europesays.com\/fr\/wp-json\/wp\/v2\/posts"}],"about":[{"href":"https:\/\/www.europesays.com\/fr\/wp-json\/wp\/v2\/types\/post"}],"author":[{"embeddable":true,"href":"https:\/\/www.europesays.com\/fr\/wp-json\/wp\/v2\/users\/2"}],"replies":[{"embeddable":true,"href":"https:\/\/www.europesays.com\/fr\/wp-json\/wp\/v2\/comments?post=197071"}],"version-history":[{"count":0,"href":"https:\/\/www.europesays.com\/fr\/wp-json\/wp\/v2\/posts\/197071\/revisions"}],"wp:featuredmedia":[{"embeddable":true,"href":"https:\/\/www.europesays.com\/fr\/wp-json\/wp\/v2\/media\/197072"}],"wp:attachment":[{"href":"https:\/\/www.europesays.com\/fr\/wp-json\/wp\/v2\/media?parent=197071"}],"wp:term":[{"taxonomy":"category","embeddable":true,"href":"https:\/\/www.europesays.com\/fr\/wp-json\/wp\/v2\/categories?post=197071"},{"taxonomy":"post_tag","embeddable":true,"href":"https:\/\/www.europesays.com\/fr\/wp-json\/wp\/v2\/tags?post=197071"}],"curies":[{"name":"wp","href":"https:\/\/api.w.org\/{rel}","templated":true}]}}