{"id":197073,"date":"2025-06-23T01:36:22","date_gmt":"2025-06-23T01:36:22","guid":{"rendered":"https:\/\/www.europesays.com\/fr\/197073\/"},"modified":"2025-06-23T01:36:22","modified_gmt":"2025-06-23T01:36:22","slug":"a-paris-la-fete-de-la-musique-trahit-le-temps-dune-nuit-toutes-les-fractures","status":"publish","type":"post","link":"https:\/\/www.europesays.com\/fr\/197073\/","title":{"rendered":"\u00c0 Paris, la F\u00eate de la musique trahit, le temps d\u2019une nuit, toutes les fractures"},"content":{"rendered":"<p><strong>HUMEUR &#8211; <\/strong>Vols avec violences, rixes, et pillages d\u2019un c\u00f4t\u00e9. Sc\u00e8nes de joie et de communion et enceintes qui crachent des tubes standardis\u00e9s de l\u2019autre. \u00c0 Paris, le 21 juin n\u2019est pas qu\u2019une parenth\u00e8se.<\/p>\n<p class=\"fig-paragraph\">Ici, un couple \u00ab lynch\u00e9\u00a0\u00bb par trois voyous aux pieds de Saint-Eustache, d\u2019apr\u00e8s les vid\u00e9os diffus\u00e9es par Aur\u00e9lien V\u00e9ron, \u00e9lu d\u2019opposition \u00e0 la mairie de Paris. L\u00e0, des affrontements entre des bandes de jeunes hommes et les forces de l\u2019ordre, forc\u00e9es de se r\u00e9fugier \u00e0 l\u2019int\u00e9rieur d\u2019un centre commercial des Halles, dans le 2e arrondissement de la capitale, sous un feu de jets de projectiles. Pas loin, \u00e0 Ch\u00e2telet-les-Halles, des passants s\u2019\u00e9parpillent et le chaos s\u2019installe. Les images qui circulent, au lendemain de la F\u00eate de la Musique \u00e0 Paris, dans la nuit du 21 juin, sont saccad\u00e9es, film\u00e9es \u00e0 la va-vite, mais elles disent tout\u00a0: des pillages, des bagarres, une violence qui suinte de l\u2019asphalte. Au total, 371 personnes ont \u00e9t\u00e9 interpell\u00e9es par les forces de l\u2019ordre au cours de la soir\u00e9e, soit 14 % de plus que l\u2019an dernier, dont 89 \u00e0 Paris,\u00a0<a href=\"http:\/\/www.lefigaro.fr\/actualite-france\/vols-avec-violences-rixes-piqures-le-bilan-amer-de-la-fete-de-la-musique-20250622\" data-fig-type=\"NewsFlash\" data-gtm-custom-categorie=\"navigation\" data-gtm-custom-action=\"crossclick\" data-gtm-custom-label=\"Contextuel\" data-gtm-event=\"customEventSPE\" data-fig-domain=\"LEFIGARO\" target=\"_blank\" rel=\"noopener\">selon le bilan du minist\u00e8re de l\u2019Int\u00e9rieu<\/a>r. Dans la capitale, au moins deux magasins ont \u00e9t\u00e9 pill\u00e9s.<\/p>\n<p class=\"fig-paragraph\">Et puis, \u00e0 quelques rues de ces sc\u00e8nes\u2026<\/p>\n<p class=\"fig-premium-paywall__infos\">\n        Cet article est r\u00e9serv\u00e9 aux abonn\u00e9s.        Il vous reste 83% \u00e0 d\u00e9couvrir.\n    <\/p>\n<p>                <img  data- alt=\"Le Figaro\" class=\"fig-img--complete fig-img\"\/><\/p>\n<p class=\"fig-premium-paywall__title\">Vente Flash<\/p>\n<p class=\"fig-premium-paywall__subtitle\">3,99\u20ac par mois pendant 12 mois. Sans engagement.<\/p>\n<p class=\"fig-premium-paywall__connect\">\n                D\u00e9j\u00e0 abonn\u00e9\u00a0?                <a class=\"fig-premium-paywall__connect-link\" href=\"https:\/\/connect.lefigaro.fr\/login?client=horizon_web&amp;type=main&amp;redirect_uri=https%3A%2F%2Fwww.lefigaro.fr%2Fvox%2Fculture%2Fa-paris-la-fete-la-musique-trahit-le-temps-d-une-nuit-toutes-les-fractures-20250622\" data-js-gtm=\"{&quot;customCategorie&quot;: &quot;conversion&quot;, &quot;customAction&quot;: &quot;before_Landing_Connexion_paywall_auto&quot;, &quot;customLabel&quot;: &quot;bGVmaWdhcm8uZnJfXzFmMDRmNjUwLTNlYzUtNmVmNi04OWM1LWE1OTM3ODk0YTFhZV9fQXJ0aWNsZQ==_\u00c0 Paris, la F\u00eate de la musique trahit, le temps d\u2019une nuit, toutes les fractures_39&quot;, &quot;customIDSPE&quot;: &quot;bGVmaWdhcm8uZnJfXzFmMDRmNjUwLTNlYzUtNmVmNi04OWM1LWE1OTM3ODk0YTFhZV9fQXJ0aWNsZQ==&quot;, &quot;event&quot;: &quot;customEventSPE&quot;}\" target=\"_blank\" rel=\"noopener\"><br \/>\n                    Connectez-vous<br \/>\n                <\/a>\n            <\/p>\n","protected":false},"excerpt":{"rendered":"HUMEUR &#8211; Vols avec violences, rixes, et pillages d\u2019un c\u00f4t\u00e9. Sc\u00e8nes de joie et de communion et enceintes&hellip;\n","protected":false},"author":2,"featured_media":197074,"comment_status":"","ping_status":"","sticky":false,"template":"","format":"standard","meta":{"footnotes":""},"categories":[1888],"tags":[1111,1928,11,1927,1428,251,1292,1425,1424,1777,674,1429,1011,27,873,12,1926,1427,626,1925,1426,25,809],"class_list":{"0":"post-197073","1":"post","2":"type-post","3":"status-publish","4":"format-standard","5":"has-post-thumbnail","7":"category-paris","8":"tag-actu","9":"tag-actu-paris","10":"tag-actualites","11":"tag-actualites-paris","12":"tag-chroniqueurs","13":"tag-culture","14":"tag-debat","15":"tag-debat-culture","16":"tag-debats-culturels","17":"tag-eu","18":"tag-europe","19":"tag-figarovox","20":"tag-fr","21":"tag-france","22":"tag-musique","23":"tag-news","24":"tag-news-paris","25":"tag-opinions","26":"tag-paris","27":"tag-paris-news","28":"tag-questions","29":"tag-republique-francaise","30":"tag-violence"},"share_on_mastodon":{"url":"https:\/\/pubeurope.com\/@fr\/114730118893419799","error":""},"_links":{"self":[{"href":"https:\/\/www.europesays.com\/fr\/wp-json\/wp\/v2\/posts\/197073","targetHints":{"allow":["GET"]}}],"collection":[{"href":"https:\/\/www.europesays.com\/fr\/wp-json\/wp\/v2\/posts"}],"about":[{"href":"https:\/\/www.europesays.com\/fr\/wp-json\/wp\/v2\/types\/post"}],"author":[{"embeddable":true,"href":"https:\/\/www.europesays.com\/fr\/wp-json\/wp\/v2\/users\/2"}],"replies":[{"embeddable":true,"href":"https:\/\/www.europesays.com\/fr\/wp-json\/wp\/v2\/comments?post=197073"}],"version-history":[{"count":0,"href":"https:\/\/www.europesays.com\/fr\/wp-json\/wp\/v2\/posts\/197073\/revisions"}],"wp:featuredmedia":[{"embeddable":true,"href":"https:\/\/www.europesays.com\/fr\/wp-json\/wp\/v2\/media\/197074"}],"wp:attachment":[{"href":"https:\/\/www.europesays.com\/fr\/wp-json\/wp\/v2\/media?parent=197073"}],"wp:term":[{"taxonomy":"category","embeddable":true,"href":"https:\/\/www.europesays.com\/fr\/wp-json\/wp\/v2\/categories?post=197073"},{"taxonomy":"post_tag","embeddable":true,"href":"https:\/\/www.europesays.com\/fr\/wp-json\/wp\/v2\/tags?post=197073"}],"curies":[{"name":"wp","href":"https:\/\/api.w.org\/{rel}","templated":true}]}}