{"id":197079,"date":"2025-06-23T01:39:11","date_gmt":"2025-06-23T01:39:11","guid":{"rendered":"https:\/\/www.europesays.com\/fr\/197079\/"},"modified":"2025-06-23T01:39:11","modified_gmt":"2025-06-23T01:39:11","slug":"attaque-massive-de-drones-sur-kiev-lexpress","status":"publish","type":"post","link":"https:\/\/www.europesays.com\/fr\/197079\/","title":{"rendered":"attaque massive de drones sur Kiev \u2013 L&rsquo;Express"},"content":{"rendered":"<p class=\"paragraph article-body-paragraph article__item   article-body-paragraph--first \">Encore une attaque massive contre la capitale. Possiblement, plusieurs vagues de drones ennemis, a \u00e9crit sur Telegram le chef de l&rsquo;administration de Kiev, Timour Tkatchenko <\/p>\n<p class=\"paragraph article-body-paragraph article__item   \">Deux bless\u00e9s ont \u00e9t\u00e9 hospitalis\u00e9s dans le district de Solomianski, a pr\u00e9cis\u00e9 le maire de Kiev, Vitali Klitschko.<\/p>\n<p class=\"paragraph article-body-paragraph article__item   \">Deux autres bless\u00e9s ont \u00e9t\u00e9 signal\u00e9s pr\u00e8s d&rsquo;une sortie de m\u00e9tro, o\u00f9 des personnes s&rsquo;abritaient, dans le district de Sviatochinski, dans l&rsquo;ouest de la capitale, a d\u00e9clar\u00e9 plus tard M. Tkatchenko.<\/p>\n<p class=\"paragraph article-body-paragraph article__item   \">Les autorit\u00e9s militaires ont indiqu\u00e9 que la d\u00e9fense a\u00e9rienne a \u00e9t\u00e9 activ\u00e9e et averti de la menace de missiles.<\/p>\n<p class=\"paragraph article-body-paragraph article__item   \">Des journalistes de l&rsquo;AFP dans la capitale ont entendu des vrombissements de drones en vol et une s\u00e9rie de d\u00e9tonations.<\/p>\n<p class=\"paragraph article-body-paragraph article__item   \">Dans un abri situ\u00e9 au sous-sol d&rsquo;un immeuble r\u00e9sidentiel du centre de Kiev, ces journalistes ont vu une dizaine de personnes qui attendaient la fin de l&rsquo;attaque assises sur des chaises ou des bancs, la plupart d&rsquo;entre elles scrutant leur t\u00e9l\u00e9phone \u00e0 la recherche d&rsquo;informations. Une femme et son enfant dormaient dans des lits pliants apport\u00e9s \u00e0 l&rsquo;avance dans l&rsquo;abri.<\/p>\n<p> Crat\u00e8re <\/p>\n<p class=\"paragraph article-body-paragraph article__item   \">A la suite d&rsquo;une attaque dans le district de Desnianski, un crat\u00e8re est apparu dans la cour d&rsquo;un immeuble r\u00e9sidentiel, a d\u00e9crit M. Taktchenko, tandis que le maire de la capitale a fait \u00e9tat d&rsquo;incendies dans un autre quartier.<\/p>\n<p><img decoding=\"async\" src=\"https:\/\/www.europesays.com\/fr\/wp-content\/uploads\/2025\/06\/GECBLDYTQJAV7OSKGZZBIAM3YY.jpg\" class=\"image-with-legend__cover-img\" alt=\"Des secouristes sont assis devant un corps sans vie avec un b\u00e2timent effondr\u00e9 en arri\u00e8re-plan apr\u00e8s une frappe russe \u00e0 Kramatorsk le 22 juin 2025\" width=\"883\" height=\"0\" loading=\"lazy\"\/><\/p>\n<p class=\"image-with-legend__legend\">Des secouristes sont assis devant un corps sans vie avec un b\u00e2timent effondr\u00e9 en arri\u00e8re-plan apr\u00e8s une frappe russe \u00e0 Kramatorsk le 22 juin 2025<\/p>\n<p class=\"image-with-legend__credits\"> \u00a9  \/ afp.com\/Tetiana DZHAFAROVA<\/p>\n<p class=\"paragraph article-body-paragraph article__item   \">Les villes ukrainiennes sont cibl\u00e9es chaque nuit par des frappes russes, \u00e0 un moment o\u00f9 les pourparlers en vue d&rsquo;un cessez-le-feu sont dans l&rsquo;impasse.<\/p>\n<p class=\"paragraph article-body-paragraph article__item   \">Au moins 28 personnes avaient \u00e9t\u00e9 tu\u00e9es et plus de 130 bless\u00e9es \u00e0 Kiev dans la nuit du 16 au 17 juin lors d&rsquo;une attaque russe men\u00e9e \u00e0 l&rsquo;aide de plus de 440 drones et 32 missiles, selon les autorit\u00e9s ukrainiennes.<\/p>\n<p class=\"paragraph article-body-paragraph article__item   \">Dans la r\u00e9gion de Rostov, dans le sud de la Russie, une attaque de drones ukrainiens lundi a provoqu\u00e9 un incendie dans une entreprise industrielle dans le district de Kamenski, a indiqu\u00e9 le gouverneur r\u00e9gional Iouri Slioussar sur Telegram.<\/p>\n<p class=\"paragraph article-body-paragraph article__item   \">Le commandant en chef des arm\u00e9es ukrainiennes, Oleksandr Syrsky, a assur\u00e9 samedi que l&rsquo;Ukraine allait intensifier ses frappes contre des cibles militaires russes en profondeur en Russie, trois semaines apr\u00e8s une attaque spectaculaire contre des bases a\u00e9riennes recul\u00e9es dans ce pays.<\/p>\n<p class=\"paragraph article-body-paragraph article__item   \">En ao\u00fbt 2024, l&rsquo;arm\u00e9e ukrainienne avait attaqu\u00e9 par surprise la r\u00e9gion frontali\u00e8re russe de Koursk, s&#8217;emparant de centaines de kilom\u00e8tres carr\u00e9s avant d&rsquo;en \u00eatre d\u00e9log\u00e9e au printemps par les forces russes soutenues par un contingent nord-cor\u00e9en.<\/p>\n<p class=\"paragraph article-body-paragraph article__item   \">Oleksandr Syrsky a, lui, assur\u00e9 que l&rsquo;Ukraine d\u00e9tenait toujours 90 kilom\u00e8tres carr\u00e9s dans cette r\u00e9gion. Ce sont nos actions pr\u00e9ventives en r\u00e9ponse \u00e0 une possible offensive ennemie, a-t-il dit.<\/p>\n<p class=\"paragraph article-body-paragraph article__item   \">Moscou occupe actuellement environ un cinqui\u00e8me de l&rsquo;Ukraine et a d\u00e9j\u00e0 revendiqu\u00e9 l&rsquo;annexion de quatre r\u00e9gions ukrainiennes, en plus de la p\u00e9ninsule de Crim\u00e9e, qu&rsquo;elle a envahie en 2014.<\/p>\n<p class=\"paragraph article-body-paragraph article__item   \">La Russie avait d\u00e9clar\u00e9 en avril avoir pris le contr\u00f4le total de la r\u00e9gion de Koursk et nie que Kiev y ait maintenu une pr\u00e9sence.<\/p>\n<p class=\"paragraph article-body-paragraph article__item   \">Par la suite, Moscou a lanc\u00e9 des attaques dans la r\u00e9gion ukrainienne voisine de Soumy, s&#8217;emparant de plusieurs localit\u00e9s et disant vouloir y constituer une zone tampon.<\/p>\n<p class=\"paragraph article-body-paragraph article__item   \">Le pr\u00e9sident russe Vladimir Poutine a dit la semaine derni\u00e8re ne pas exclure la prise de la ville de Soumy, la capitale r\u00e9gionale, alors que Kiev accuse Moscou de saboter d\u00e9lib\u00e9r\u00e9ment un accord de paix afin de saisir plus de territoires.<\/p>\n<p class=\"paragraph article-body-paragraph article__item   \">Sur le plan diplomatique, Kiev a apport\u00e9 son soutien dimanche aux frappes des Etats-Unis et d&rsquo;Isra\u00ebl contre des sites nucl\u00e9aires en Iran, estimant qu&rsquo;il s&rsquo;agissait d&rsquo;une cons\u00e9quence des actions agressives des autorit\u00e9s iraniennes.<\/p>\n<p class=\"paragraph article-body-paragraph article__item    article__text__endpicto\">La diplomatie ukrainienne a par ailleurs affirm\u00e9 que l&rsquo;Iran \u00e9tait complice de l&rsquo;invasion russe de l&rsquo;Ukraine et fournissait une assistance militaire \u00e0 Moscou, notamment des drones utilis\u00e9s pour bombarder le territoire ukrainien.<\/p>\n","protected":false},"excerpt":{"rendered":"Encore une attaque massive contre la capitale. Possiblement, plusieurs vagues de drones ennemis, a \u00e9crit sur Telegram le&hellip;\n","protected":false},"author":2,"featured_media":197080,"comment_status":"","ping_status":"","sticky":false,"template":"","format":"standard","meta":{"footnotes":""},"categories":[1591],"tags":[11,10944,1887,12,1885,1886,132],"class_list":{"0":"post-197079","1":"post","2":"type-post","3":"status-publish","4":"format-standard","5":"has-post-thumbnail","7":"category-russie","8":"tag-actualites","9":"tag-archives","10":"tag-federation-de-russie","11":"tag-news","12":"tag-russia","13":"tag-russian-federation","14":"tag-russie"},"share_on_mastodon":{"url":"https:\/\/pubeurope.com\/@fr\/114730130953687862","error":""},"_links":{"self":[{"href":"https:\/\/www.europesays.com\/fr\/wp-json\/wp\/v2\/posts\/197079","targetHints":{"allow":["GET"]}}],"collection":[{"href":"https:\/\/www.europesays.com\/fr\/wp-json\/wp\/v2\/posts"}],"about":[{"href":"https:\/\/www.europesays.com\/fr\/wp-json\/wp\/v2\/types\/post"}],"author":[{"embeddable":true,"href":"https:\/\/www.europesays.com\/fr\/wp-json\/wp\/v2\/users\/2"}],"replies":[{"embeddable":true,"href":"https:\/\/www.europesays.com\/fr\/wp-json\/wp\/v2\/comments?post=197079"}],"version-history":[{"count":0,"href":"https:\/\/www.europesays.com\/fr\/wp-json\/wp\/v2\/posts\/197079\/revisions"}],"wp:featuredmedia":[{"embeddable":true,"href":"https:\/\/www.europesays.com\/fr\/wp-json\/wp\/v2\/media\/197080"}],"wp:attachment":[{"href":"https:\/\/www.europesays.com\/fr\/wp-json\/wp\/v2\/media?parent=197079"}],"wp:term":[{"taxonomy":"category","embeddable":true,"href":"https:\/\/www.europesays.com\/fr\/wp-json\/wp\/v2\/categories?post=197079"},{"taxonomy":"post_tag","embeddable":true,"href":"https:\/\/www.europesays.com\/fr\/wp-json\/wp\/v2\/tags?post=197079"}],"curies":[{"name":"wp","href":"https:\/\/api.w.org\/{rel}","templated":true}]}}