{"id":197081,"date":"2025-06-23T01:40:21","date_gmt":"2025-06-23T01:40:21","guid":{"rendered":"https:\/\/www.europesays.com\/fr\/197081\/"},"modified":"2025-06-23T01:40:21","modified_gmt":"2025-06-23T01:40:21","slug":"le-refus-russe-dune-treve-est-inacceptable-estime-macron","status":"publish","type":"post","link":"https:\/\/www.europesays.com\/fr\/197081\/","title":{"rendered":"le \u00abrefus russe\u00bb d\u2019une tr\u00eave est \u00abinacceptable\u00bb, estime Macron"},"content":{"rendered":"<p>                        Samedi 17 mai<\/p>\n<p>\n        07:12\n            <\/p>\n<p class=\"fig-live-post__title\" role=\"heading\" aria-level=\"3\">Ce live est d\u00e9sormais termin\u00e9<\/p>\n<p class=\"fig-paragraph\">Retrouvez toute l\u2019actualit\u00e9 li\u00e9e \u00e0 la guerre en Ukraine dans\u00a0<a href=\"https:\/\/www.lefigaro.fr\/international\/dossier\/tensions-entre-la-russie-et-l-ukraine-tout-comprendre-a-la-menace-d-une-invasion-russe\" target=\"_blank\" data-fig-type=\"Topic\" rel=\"noopener\" data-gtm-custom-categorie=\"navigation\" data-gtm-custom-action=\"crossclick\" data-gtm-custom-label=\"Contextuel\" data-gtm-event=\"customEventSPE\" data-fig-domain=\"LEFIGARO\">notre dossier sp\u00e9cial.<\/a><\/p>\n<p>\n        05:40\n            <\/p>\n<p class=\"fig-live-post__title\" role=\"heading\" aria-level=\"3\">L\u2019Australie \u00abconstern\u00e9e\u00bb par l\u2019emprisonnement d\u2019un ressortissant pour \u00abmercenariat\u00bb en Ukraine<\/p>\n<p class=\"fig-paragraph\">L\u2019Australie s\u2019est dite \u00abconstern\u00e9e\u00bb samedi par la condamnation \u00e0 13 ans de prison dans les territoires d\u2019Ukraine occup\u00e9s par la Russie d\u2019un ressortissant australien consid\u00e9r\u00e9 comme un \u00abmercenaire\u00bb au profit de Kiev. \u00abLe gouvernement australien est constern\u00e9 par le simulacre de proc\u00e8s et la condamnation \u00e0 13 ans de prison inflig\u00e9e \u00e0 l\u2019Australien Oscar Jenkins\u00bb, a r\u00e9agi la ministre australienne des Affaires \u00e9trang\u00e8res Penny Wong.<\/p>\n<p class=\"fig-paragraph\">Canberra a \u00abclairement indiqu\u00e9\u00bb \u00e0 Moscou qu\u2019il devait \u00eatre trait\u00e9 comme un prisonnier de guerre, par son statut de militaire d\u2019active de l\u2019arm\u00e9e r\u00e9guli\u00e8re ukrainienne, a-t-elle pr\u00e9cis\u00e9 par voie de communiqu\u00e9. Oscar Jenkins, originaire de Melbourne, a \u00e9t\u00e9 condamn\u00e9 vendredi \u00ab\u00e0 13 ans de privation de libert\u00e9 dans une colonie p\u00e9nitentiaire de r\u00e9gime strict\u00bb, a annonc\u00e9 sur Telegram le parquet de la r\u00e9gion de Louhansk, dans l\u2019est de l\u2019Ukraine, presque totalement contr\u00f4l\u00e9e par la Russie.<\/p>\n<p class=\"fig-paragraph\">Le tribunal a reconnu cet ancien professeur de biologie \u00e2g\u00e9 de 33 ans coupable de \u00abparticipation \u00e0 un conflit arm\u00e9 en tant que mercenaire\u00bb pour avoir combattu entre mars et d\u00e9cembre 2024 contre l\u2019arm\u00e9e russe aux c\u00f4t\u00e9s des soldats ukrainiens.<\/p>\n<p>                        Vendredi 16 mai<\/p>\n<p>\n        23:31\n            <\/p>\n<p class=\"fig-live-post__title\" role=\"heading\" aria-level=\"3\">En pleins pourparlers difficiles \u00e0 Istanbul, l\u2019arm\u00e9e ukrainienne \u00abflanche\u00bb face aux Russes dans le Donbass<\/p>\n<p class=\"fig-paragraph\">Ces derniers jours, les forces russes ont avanc\u00e9 rapidement entre Pokrovsk et Kostiantynivka, cr\u00e9ant un dangereux saillant que les Ukrainiens peinent \u00e0 r\u00e9sorber. La crainte d\u2019\u00abune grande offensive\u00bb resurgit.<\/p>\n<p class=\"fig-body-cta-link\" data-module=\"fig-cta-link\" data-context=\"was @visible\">\n    <a class=\"fig-body-cta-link__link\" href=\"https:\/\/www.lefigaro.fr\/international\/en-pleins-pourparlers-difficiles-a-istanbul-l-armee-ukrainienne-flanche-face-aux-russes-dans-le-donbass-20250516\" data-js-gtm=\"{&quot;event&quot;:&quot;customEventGA4&quot;,&quot;eventName&quot;:&quot;click_navigation&quot;,&quot;button_action&quot;:&quot;crossclick&quot;,&quot;feature&quot;:&quot;Contextuel_bouton&quot;,&quot;feature_details&quot;:&quot;LIRE NOTRE ARTICLE&quot;,&quot;link_url&quot;:&quot;https:\\\/\\\/www.lefigaro.fr\\\/international\\\/en-pleins-pourparlers-difficiles-a-istanbul-l-armee-ukrainienne-flanche-face-aux-russes-dans-le-donbass-20250516&quot;}\" target=\"_blank\" rel=\"noopener\"><br \/>\n                LIRE NOTRE ARTICLE<br \/>\n    <\/a>\n<\/p>\n<p>\n        19:42\n            <\/p>\n<p class=\"fig-live-post__title\" role=\"heading\" aria-level=\"3\">Donald Trump pr\u00e9pare des \u00ab\u00e9changes\u00bb avec les Russes prochainement, selon Emmanuel Macron<\/p>\n<p class=\"fig-paragraph\">\u00abIl y a eu des \u00e9changes nombreux, et nous avons pu faire partie des discussions en temps r\u00e9el. Le pr\u00e9sident Trump compte organiser des \u00e9changes dans les prochaines heures ou les prochains jours avec la partie russe\u00bb, a d\u00e9clar\u00e9 Emmanuel Macron ce vendredi soir lors d\u2019une conf\u00e9rence de presse \u00e0 Tirana, en\u00a0<a href=\"http:\/\/www.lefigaro.fr\/flash-actu\/l-ue-est-la-seule-voie-de-l-albanie-vers-l-avenir-affirme-son-premier-ministre-20250515\" target=\"_blank\" data-fig-type=\"NewsFlash\" rel=\"noopener\" data-gtm-custom-categorie=\"navigation\" data-gtm-custom-action=\"crossclick\" data-gtm-custom-label=\"Contextuel\" data-gtm-event=\"customEventSPE\" data-fig-domain=\"LEFIGARO\">Albanie<\/a>, au sujet des n\u00e9gociations \u00e0 Istanbul entre Russie et Ukraine.<\/p>\n<p class=\"fig-paragraph\">\u00abJe pense que ce seront d\u2019abord des contacts t\u00e9l\u00e9phoniques\u00bb, a ajout\u00e9 le chef de l\u2019\u00c9tat, qui a aussi d\u00e9nonc\u00e9 un \u00abrefus russe\u00bb d\u2019un cessez-le-feu \u00abinacceptable\u00bb.<\/p>\n<p class=\"fig-body-link\">\n            \u00c0 lire aussi<br \/>\n        <a class=\"fig-body-link__link fig-premium-mark\" href=\"http:\/\/www.lefigaro.fr\/international\/mon-pays-a-ete-ravage-par-les-russes-les-confidences-de-george-simion-le-nationaliste-roumain-qui-ne-veut-plus-etre-associe-a-poutine-20250516\" target=\"_blank\" data-fig-type=\"Article\" rel=\"noopener\" data-gtm-custom-categorie=\"navigation\" data-gtm-custom-action=\"crossclick\" data-gtm-custom-label=\"Contextuel\" data-gtm-event=\"customEventSPE\" data-fig-domain=\"LEFIGARO\">\u00abMon pays a \u00e9t\u00e9 ravag\u00e9 par les Russes\u00bb\u00a0: les confidences de George Simion, le nationaliste roumain qui ne veut plus \u00eatre associ\u00e9 \u00e0 Poutine<br \/>\n    <\/a>\n<\/p>\n<p>\n        19:38\n            <\/p>\n<p class=\"fig-live-post__title\" role=\"heading\" aria-level=\"3\">Emmanuel Macron annonce la pr\u00e9paration de \u00abnouvelles sanctions\u00bb si aucun accord n\u2019aboutit \u00e0 Istanbul<\/p>\n<p class=\"fig-paragraph\">\u00abNous pr\u00e9parons de nouvelles sanctions avec les \u00c9tats-Unis au cas o\u00f9\u00bb la r\u00e9union n\u2019aboutirait sur aucun accord conclu \u00e0 Istanbul, a annonc\u00e9 Emmanuel Macron ce vendredi lors d\u2019un point presse en Albanie. \u00abNous continuons de soutenir un cessez-le-feu de 30 jours\u00bb en Ukraine, a-t-il ajout\u00e9.<\/p>\n<p class=\"fig-body-link\">\n            \u00c0 lire aussi<br \/>\n        <a class=\"fig-body-link__link fig-premium-mark\" href=\"http:\/\/www.lefigaro.fr\/international\/guerre-en-ukraine-rsf-accuse-l-armee-russe-de-cibler-les-hotels-ou-resident-les-journalistes-20250516\" target=\"_blank\" data-fig-type=\"Article\" rel=\"noopener\" data-gtm-custom-categorie=\"navigation\" data-gtm-custom-action=\"crossclick\" data-gtm-custom-label=\"Contextuel\" data-gtm-event=\"customEventSPE\" data-fig-domain=\"LEFIGARO\">Guerre en Ukraine\u00a0: RSF accuse l\u2019arm\u00e9e russe de cibler les h\u00f4tels o\u00f9 r\u00e9sident les journalistes<br \/>\n    <\/a>\n<\/p>\n<p>\n        18:56\n            <\/p>\n<p class=\"fig-live-post__title\" role=\"heading\" aria-level=\"3\">Russie : la croissance ralentit au premier trimestre, l\u2019inflation reste \u00e9lev\u00e9e<\/p>\n<p class=\"fig-paragraph\">La croissance du PIB russe a ralenti au premier trimestre 2025 \u00e0 1,4%, son niveau le plus faible depuis les trois premiers mois de 2023, a annonc\u00e9 vendredi l\u2019agence nationale de statistiques, Rosstat, en plein ralentissement de l\u2019\u00e9conomie nationale.<\/p>\n<p class=\"fig-paragraph\">L\u2019inflation, tir\u00e9e par les cons\u00e9quences des sanctions occidentales et l\u2019explosion des commandes militaires n\u00e9cessaires \u00e0 la poursuite du conflit en\u00a0<a href=\"http:\/\/www.lefigaro.fr\/international\/guerre-en-ukraine-rsf-accuse-l-armee-russe-de-cibler-les-hotels-ou-resident-les-journalistes-20250516\" data-fig-type=\"Article\" data-gtm-custom-categorie=\"navigation\" data-gtm-custom-action=\"crossclick\" data-gtm-custom-label=\"Contextuel\" data-gtm-event=\"customEventSPE\" data-fig-domain=\"LEFIGARO\" target=\"_blank\" rel=\"noopener\">Ukraine<\/a>, reste elle \u00e0 un niveau \u00e9lev\u00e9 (+10,23%), selon Rosstat.<\/p>\n<p class=\"fig-paragraph\">Le chiffre de croissance vient confirmer les analyses des observateurs qui ont not\u00e9 un ralentissement g\u00e9n\u00e9ral de l\u2019\u00e9conomie russe depuis plusieurs semaines, malgr\u00e9 un budget f\u00e9d\u00e9ral en hausse, qui maintient l\u2019activit\u00e9. De son c\u00f4t\u00e9, la hausse des prix se maintient \u00e0 plus de 10%, largement au-dessus de la cible de 4% de la Banque centrale de Russie (BCR).<\/p>\n<p class=\"fig-body-link\">\n            \u00c0 lire aussi<br \/>\n        <a class=\"fig-body-link__link fig-premium-mark\" href=\"http:\/\/www.lefigaro.fr\/international\/en-russie-la-repression-judiciaire-bat-son-plein-20250515\" target=\"_blank\" data-fig-type=\"Article\" rel=\"noopener\" data-gtm-custom-categorie=\"navigation\" data-gtm-custom-action=\"crossclick\" data-gtm-custom-label=\"Contextuel\" data-gtm-event=\"customEventSPE\" data-fig-domain=\"LEFIGARO\">En Russie, la r\u00e9pression judiciaire bat son plein<br \/>\n    <\/a>\n<\/p>\n<p>\n        17:46\n            <\/p>\n<p class=\"fig-live-post__title\" role=\"heading\" aria-level=\"3\">Une rencontre Zelensky-Poutine doit \u00eatre \u00abla prochaine \u00e9tape\u00bb, estime un n\u00e9gociateur ukrainien<\/p>\n<p class=\"fig-paragraph\">Une rencontre entre les pr\u00e9sidents ukrainien Volodymyr Zelensky et russe Vladimir Poutine doit \u00eatre \u00abla prochaine \u00e9tape\u00bb, a d\u00e9clar\u00e9 \u00e0 Istanbul, le n\u00e9gociateur principal ukrainien \u00e0 l\u2019issue des premiers pourparlers de paix russo-ukrainiens depuis le printemps 2022.<\/p>\n<p class=\"fig-paragraph\">\u00abJe pense que la prochaine \u00e9tape serait d\u2019organiser une r\u00e9union au niveau des dirigeants\u00bb, a dit Roustem Oumerov, ministre ukrainien de la D\u00e9fense, lors d\u2019une br\u00e8ve intervention face \u00e0 la presse \u00e0 Istanbul. Vladimir Poutine a pourtant refus\u00e9 ces derniers jours de rencontrer son homologue ukrainien, qui lui avait propos\u00e9 un \u00e9change \u00aben personne\u00bb en Turquie.<\/p>\n<p>\n        17:13\n            <\/p>\n<p class=\"fig-live-post__title\" role=\"heading\" aria-level=\"3\">La d\u00e9l\u00e9gation ukrainienne va quitter Istanbul vendredi<\/p>\n<p class=\"fig-paragraph\">Une source au sein de la d\u00e9l\u00e9gation ukrainienne a d\u00e9clar\u00e9 \u00e0 l\u2019AFP vendredi que l\u2019\u00e9quipe envoy\u00e9e par le pr\u00e9sident Volodymyr Zelensky pour discuter avec les Russes \u00e0\u00a0<a href=\"http:\/\/www.lefigaro.fr\/international\/en-pleins-pourparlers-difficiles-a-istanbul-l-armee-ukrainienne-flanche-face-aux-russes-dans-le-donbass-20250516\" target=\"_blank\" data-fig-type=\"NewsFlash\" rel=\"noopener\" data-gtm-custom-categorie=\"navigation\" data-gtm-custom-action=\"crossclick\" data-gtm-custom-label=\"Contextuel\" data-gtm-event=\"customEventSPE\" data-fig-domain=\"LEFIGARO\">Istanbul<\/a>\u00a0allait quitter la ville turque dans la soir\u00e9e.<\/p>\n<p class=\"fig-paragraph\">\u00abLa d\u00e9l\u00e9gation ukrainienne quitte Istanbul aujourd\u2019hui\u00bb, a indiqu\u00e9 cette source ukrainienne, quelques heures apr\u00e8s les premiers pourparlers de paix russo-ukrainiens depuis le printemps 2022, qui n\u2019ont pas abouti \u00e0 un accord de cessez-le-feu, comme le demandait\u00a0<a href=\"http:\/\/www.lefigaro.fr\/flash-actu\/kiev-veut-une-rencontre-zelensky-poutine-des-entrepreneurs-de-cryptomonnaies-reunis-a-beauvau-trump-s-exprime-sur-gaza-les-3-infos-a-retenir-a-la-mi-journee-20250516\" target=\"_blank\" data-fig-type=\"NewsFlash\" rel=\"noopener\" data-gtm-custom-categorie=\"navigation\" data-gtm-custom-action=\"crossclick\" data-gtm-custom-label=\"Contextuel\" data-gtm-event=\"customEventSPE\" data-fig-domain=\"LEFIGARO\">Kiev<\/a>.<\/p>\n<p>\n        16:06\n            <\/p>\n<p class=\"fig-live-post__title\" role=\"heading\" aria-level=\"3\">Macron juge \u00abinacceptable\u00bb que Moscou ignore de nouveau un appel au cessez-le-feu<\/p>\n<p class=\"fig-paragraph\">Le pr\u00e9sident fran\u00e7ais\u00a0<a href=\"http:\/\/www.lefigaro.fr\/international\/presidentielle-en-roumanie-des-ingerences-sapent-l-integrite-de-nos-democraties-selon-macron-20250516\" target=\"_blank\" data-fig-type=\"NewsFlash\" rel=\"noopener\" data-gtm-custom-categorie=\"navigation\" data-gtm-custom-action=\"crossclick\" data-gtm-custom-label=\"Contextuel\" data-gtm-event=\"customEventSPE\" data-fig-domain=\"LEFIGARO\">Emmanuel Macron<\/a>\u00a0a jug\u00e9 \u00abinacceptable\u00bb vendredi que la Russie n\u2019ait de nouveau pas r\u00e9pondu \u00e0 un appel au cessez-le-feu des Am\u00e9ricains et des Europ\u00e9ens en Ukraine.<\/p>\n<p class=\"fig-paragraph\">Il est \u00abinacceptable, pour une deuxi\u00e8me fois, que la Russie, le pr\u00e9sident Poutine, ne r\u00e9pondent pas aux demandes qui ont \u00e9t\u00e9 faites par les Am\u00e9ricains, soutenus par l\u2019Ukraine et les Europ\u00e9ens\u00bb, a-t-il dit \u00e0 l\u2019issue d\u2019un entretien t\u00e9l\u00e9phonique de ses homologues europ\u00e9ens Friedrich Merz, Keir Starmer, Donald Tusk et lui-m\u00eame avec le pr\u00e9sident am\u00e9ricain.<\/p>\n<p>\n        15:52\n            <\/p>\n<p class=\"fig-live-post__title\" role=\"heading\" aria-level=\"3\">La Russie se dit \u00absatisfaite\u00bb des pourparlers avec Kiev et \u00abpr\u00eate \u00e0 poursuivre les contacts\u00bb<\/p>\n<p class=\"fig-paragraph\">Par la voix de son n\u00e9gociateur, la Russie se dit \u00absatisfaite\u00bb de l\u2019issue des premiers pourparlers de paix depuis 2022 avec l\u2019Ukraine men\u00e9s \u00e0 Istanbul et affirme \u00eatre \u00abpr\u00eate \u00e0 poursuivre les contacts\u00bb.<\/p>\n<p class=\"fig-paragraph\">\u00abDans l\u2019ensemble, nous sommes satisfaits du r\u00e9sultat et pr\u00eats \u00e0 poursuivre les contacts\u00bb, a d\u00e9clar\u00e9 Vladimir Medinski lors d\u2019une br\u00e8ve allocution \u00e0 la presse.<\/p>\n<p>\n        15:47\n            <\/p>\n<p class=\"fig-live-post__title\" role=\"heading\" aria-level=\"3\">La Russie et l\u2019Ukraine ont discut\u00e9 d\u2019un cessez-le-feu, d\u2019une rencontre Zelensky-Poutine et d\u2019un \u00e9change de prisonniers<\/p>\n<p class=\"fig-paragraph\">Les n\u00e9gociateurs russe et ukrainien ont annonc\u00e9 vendredi, apr\u00e8s leurs pourparlers \u00e0 Istanbul, avoir \u00e9voqu\u00e9 la possibilit\u00e9 d\u2019instaurer un cessez-le-feu, d\u2019organiser une rencontre entre les pr\u00e9sidents Vladimir Poutine et Volodymyr Zelensky et pr\u00e9voir un \u00e9change de prisonniers de 1000 personnes de chaque camp.<\/p>\n<p class=\"fig-paragraph\">\u00abDans les prochains jours, un \u00e9change massif de prisonniers, \u00e0 raison de 1000 contre 1000, aura lieu\u00bb, a annonc\u00e9 le n\u00e9gociateur russe Vladimir Medinski. Une information confirm\u00e9e par le chef de la d\u00e9l\u00e9gation ukrainienne, Roustem Oumerov.<\/p>\n<p>\n        15:34\n            <\/p>\n<p class=\"fig-live-post__title\" role=\"heading\" aria-level=\"3\">Zelensky, Merz, Macron, Starmer et Tusk ont parl\u00e9 au t\u00e9l\u00e9phone avec Trump<\/p>\n<p class=\"fig-paragraph\">Les dirigeants ukrainien, allemand, fran\u00e7ais, britannique et polonais ont \u00e9chang\u00e9 au t\u00e9l\u00e9phone avec le pr\u00e9sident am\u00e9ricain\u00a0<a href=\"http:\/\/www.lefigaro.fr\/international\/donald-trump-acheve-sa-tournee-fastueuse-dans-le-golfe-20250516\" target=\"_blank\" data-fig-type=\"NewsFlash\" rel=\"noopener\" data-gtm-custom-categorie=\"navigation\" data-gtm-custom-action=\"crossclick\" data-gtm-custom-label=\"Contextuel\" data-gtm-event=\"customEventSPE\" data-fig-domain=\"LEFIGARO\">Donald Trump<\/a>, a annonc\u00e9 vendredi la pr\u00e9sidence ukrainienne, apr\u00e8s la fin des premiers pourparlers de paix entre Moscou et Kiev depuis le printemps 2022.<\/p>\n<p class=\"fig-paragraph\">\u00abLe pr\u00e9sident Zelensky, le pr\u00e9sident Macron, le chancelier Merz, le premier ministre Starmer et le premier ministre Tusk ont eu un entretien t\u00e9l\u00e9phonique avec Donald Trump\u00bb, a indiqu\u00e9 aux journalistes le porte-parole du pr\u00e9sident ukrainien, Sergui\u00ef Nykyforov.<\/p>\n<p>\n        15:27\n            <\/p>\n<p class=\"fig-live-post__title\" role=\"heading\" aria-level=\"3\">Macron, Merz, Starmer et Tusk se r\u00e9unissent avec Zelensky \u00e0 Tirana<\/p>\n<p class=\"fig-paragraph\">Les dirigeants fran\u00e7ais Emmanuel Macron, allemand Friedrich Merz, britannique Keir Starmer, polonais\u00a0<a href=\"http:\/\/www.lefigaro.fr\/international\/mobilisation-des-reservistes-systeme-d-alerte-comment-donald-tusk-prepare-les-polonais-au-scenario-du-pire-20250310\" data-fig-type=\"Article\" data-gtm-custom-categorie=\"navigation\" data-gtm-custom-action=\"crossclick\" data-gtm-custom-label=\"Contextuel\" data-gtm-event=\"customEventSPE\" data-fig-domain=\"LEFIGARO\" target=\"_blank\" rel=\"noopener\">Donald Tusk<\/a>\u00a0et le pr\u00e9sident ukrainien Volodymyr Zelensky se sont r\u00e9unis vendredi \u00e0 Tirana, en marge d\u2019un sommet, peu apr\u00e8s la fin d\u2019un round de\u00a0<a href=\"http:\/\/www.lefigaro.fr\/international\/pourparlers-a-istanbul-imaginer-que-poutine-reponde-a-une-convocation-illustre-une-meconnaissance-profonde-des-realites-russes-20250516\" data-fig-type=\"Article\" data-gtm-custom-categorie=\"navigation\" data-gtm-custom-action=\"crossclick\" data-gtm-custom-label=\"Contextuel\" data-gtm-event=\"customEventSPE\" data-fig-domain=\"LEFIGARO\" target=\"_blank\" rel=\"noopener\">discussions russo-ukrainiennes<\/a>\u00a0en Turquie, a indiqu\u00e9 l\u2019\u00c9lys\u00e9e.<\/p>\n<p class=\"fig-paragraph\">Le pr\u00e9sident ukrainien a peu auparavant appel\u00e9 \u00e0 une \u00abr\u00e9action forte\u00bb en cas d\u2019\u00e9chec des pourparlers devant les dirigeants du continent europ\u00e9en en Albanie. Emmanuel Macron a estim\u00e9 pour sa part que la Russie n\u2019avait \u00abpas envie\u00bb de conclure un cessez-le-feu en Ukraine et qu\u2019il allait falloir mettre une \u00abpression accrue\u00bb pour l\u2019y contraindre.<\/p>\n<p>\n        15:26\n            <\/p>\n<p class=\"fig-live-post__title\" role=\"heading\" aria-level=\"3\">EN CARTES &#8211; En pleins pourparlers difficiles \u00e0 Istanbul, l\u2019arm\u00e9e ukrainienne \u00abflanche\u00bb face aux Russes dans le Donbass<\/p>\n<p class=\"fig-paragraph\">Un observateur qui scruterait l\u2019activit\u00e9 militaire russe en Ukraine ces derniers jours, sans suivre l\u2019activit\u00e9 diplomatique, aurait du mal \u00e0 imaginer qu\u2019un projet d\u2019\u00e9ventuel cessez-le-feu fait l\u2019objet de n\u00e9gociations balbutiantes et chaotiques entre Moscou et les Occidentaux. Les gains territoriaux russes, apr\u00e8s avoir ralenti au cours de l\u2019hiver et au d\u00e9but du printemps &#8211; hormis dans la r\u00e9gion de Koursk o\u00f9 les Ukrainiens ont \u00e9t\u00e9\u00a0<a href=\"http:\/\/www.lefigaro.fr\/international\/dans-la-region-de-koursk-le-front-ukrainien-s-effondre-sous-les-assauts-russes-20250310\" target=\"_blank\" data-fig-type=\"NewsFlash\" rel=\"noopener\" data-gtm-custom-categorie=\"navigation\" data-gtm-custom-action=\"crossclick\" data-gtm-custom-label=\"Contextuel\" data-gtm-event=\"customEventSPE\" data-fig-domain=\"LEFIGARO\">s\u00e8chement battus<\/a>\u00a0&#8211; repartent \u00e0 la hausse depuis une semaine sur plusieurs fuseaux du front.\u00a0\u00abIls ont quintupl\u00e9 en trois jours par rapport aux valeurs du dernier mois\u00bb, illustre un haut grad\u00e9 fran\u00e7ais.<\/p>\n<p class=\"fig-paragraph\">Ainsi, le front se fissure \u00e0 plusieurs endroits, vers\u00a0<a href=\"http:\/\/www.lefigaro.fr\/international\/guerre-en-ukraine-la-plus-grande-mine-de-charbon-a-l-arret-et-un-gisement-de-lithium-menace-face-a-l-avancee-russe-vers-pokrovsk-20241214\" target=\"_blank\" data-fig-type=\"NewsFlash\" rel=\"noopener\" data-gtm-custom-categorie=\"navigation\" data-gtm-custom-action=\"crossclick\" data-gtm-custom-label=\"Contextuel\" data-gtm-event=\"customEventSPE\" data-fig-domain=\"LEFIGARO\">Pokrovsk<\/a>, en direction de Kostiantynovka ou m\u00eame vers Lyman.\u00a0\u00abLes Ukrainiens flanchent. Les Russes, qui varient les axes d\u2019effort, les poussent \u00e0 engager, trop tardivement, des r\u00e9serves trop insuffisantes. La r\u00e9silience du syst\u00e8me ukrainien semble d\u00e9sormais peu en capacit\u00e9 d\u2019absorber les chocs successifs\u00bb, redoute un autre officier sup\u00e9rieur, fin connaisseur du dossier ukrainien.<\/p>\n<p class=\"fig-body-cta-link\" data-module=\"fig-cta-link\" data-context=\"was @visible\">\n    <a class=\"fig-body-cta-link__link\" href=\"https:\/\/www.lefigaro.fr\/international\/en-pleins-pourparlers-difficiles-a-istanbul-l-armee-ukrainienne-flanche-face-aux-russes-dans-le-donbass-20250516\" data-js-gtm=\"{&quot;event&quot;:&quot;customEventGA4&quot;,&quot;eventName&quot;:&quot;click_navigation&quot;,&quot;button_action&quot;:&quot;crossclick&quot;,&quot;feature&quot;:&quot;Contextuel_bouton&quot;,&quot;feature_details&quot;:&quot;L&#039;UKRAINE &amp;quot;FLANCHE&amp;quot; FACE AUX RUSSES&quot;,&quot;link_url&quot;:&quot;https:\\\/\\\/www.lefigaro.fr\\\/international\\\/en-pleins-pourparlers-difficiles-a-istanbul-l-armee-ukrainienne-flanche-face-aux-russes-dans-le-donbass-20250516&quot;}\" target=\"_blank\" rel=\"noopener\"><br \/>\n                L&rsquo;UKRAINE \u00ab\u00a0FLANCHE\u00a0\u00bb FACE AUX RUSSES<br \/>\n    <\/a>\n<\/p>\n<p>\n        14:55\n            <\/p>\n<p class=\"fig-live-post__title\" role=\"heading\" aria-level=\"3\">Une reprise des pourparlers russo-ukrainiens vendredi \u00abpossible\u00bb mais pas encore \u00abpr\u00e9vue\u00bb<\/p>\n<p class=\"fig-paragraph\">Une reprise des\u00a0<a href=\"http:\/\/www.lefigaro.fr\/international\/en-pleins-pourparlers-difficiles-a-istanbul-l-armee-ukrainienne-flanche-face-aux-russes-dans-le-donbass-20250516\" data-fig-type=\"NewsFlash\" data-gtm-custom-categorie=\"navigation\" data-gtm-custom-action=\"crossclick\" data-gtm-custom-label=\"Contextuel\" data-gtm-event=\"customEventSPE\" data-fig-domain=\"LEFIGARO\" target=\"_blank\" rel=\"noopener\">pourparlers russo-ukrainiens<\/a>\u00a0est \u00abpossible\u00bb vendredi, mais pas encore \u00abpr\u00e9vue\u00bb \u00e0 ce stade, a indiqu\u00e9 \u00e0 l\u2019AFP un haut responsable ukrainien au fait de ces discussions, les premi\u00e8res directes depuis 2022.<\/p>\n<p class=\"fig-paragraph\">\u00abIl est possible que quelque chose se passe aujourd\u2019hui\u00bb mais \u00abpour l\u2019instant, rien n\u2019est pr\u00e9vu\u00bb, a-t-il dit. \u00abNos \u00e9quipes sont pr\u00eates \u00e0 travailler aussi longtemps que n\u00e9cessaire\u00bb, a-t-il ajout\u00e9, d\u00e9plorant une d\u00e9l\u00e9gation russe \u00abfaible\u00bb, incapable selon lui de \u00abprendre une d\u00e9cision substantielle pour mettre fin \u00e0 la guerre\u00bb.<\/p>\n<p>\n        14:34\n            <\/p>\n<p class=\"fig-live-post__title\" role=\"heading\" aria-level=\"3\">L\u2019Ukraine accuse la Russie de faire des demandes territoriales \u00abinacceptables\u00bb<\/p>\n<p class=\"fig-paragraph\">La Russie a demand\u00e9, lors des pourparlers d\u2019Istanbul, que l\u2019Ukraine c\u00e8de de nouveaux territoires, a accus\u00e9 vendredi un responsable ukrainien aupr\u00e8s de l\u2019AFP, qualifiant ces exigences d\u2019\u00abinacceptables\u00bb et visant \u00e0 faire d\u00e9railler les n\u00e9gociations.<\/p>\n<p class=\"fig-body-link\">\n            \u00c0 lire aussi<br \/>\n        <a class=\"fig-body-link__link\" href=\"http:\/\/www.lefigaro.fr\/international\/le-sentiment-qu-ils-vont-se-mettre-d-accord-trump-dit-envisager-se-rendre-en-turquie-jeudi-pour-des-discussions-entre-l-ukraine-et-la-russie-20250513\" data-fig-type=\"NewsFlash\" data-gtm-custom-categorie=\"navigation\" data-gtm-custom-action=\"crossclick\" data-gtm-custom-label=\"Contextuel\" data-gtm-event=\"customEventSPE\" data-fig-domain=\"LEFIGARO\" target=\"_blank\" rel=\"noopener\">\u00abLe sentiment qu\u2019ils vont se mettre d\u2019accord\u00bb\u00a0: Trump dit \u00abenvisager\u00bb de se rendre en Turquie jeudi pour des discussions entre l\u2019Ukraine et la Russie<br \/>\n    <\/a>\n<\/p>\n<p class=\"fig-paragraph\">\u00abLes repr\u00e9sentants russes pr\u00e9sentent des demandes inacceptables qui vont au-del\u00e0 de ce qui a \u00e9t\u00e9 discut\u00e9 avant la r\u00e9union\u00bb, dont \u00able retrait des forces ukrainiennes de vastes parties du territoire ukrainien qu\u2019elles contr\u00f4lent pour qu\u2019un cessez-le-feu puisse \u00eatre instaur\u00e9\u00bb, a affirm\u00e9 cette source diplomatique \u00e0 l\u2019AFP sous couvert d\u2019anonymat.<\/p>\n<p>    La d\u00e9l\u00e9gation ukrainienne, dirig\u00e9e par le ministre ukrainien de la D\u00e9fense Rustem Umerov, lors de la une r\u00e9union avec la d\u00e9l\u00e9gation russe \u00e0 Istanbul, en Turquie, le 16 mai.<br \/>\n                Arda Kucukkaya\/Turkish Foreign M \/ REUTERS<\/p>\n<p>\n        14:30\n            <\/p>\n<p class=\"fig-live-post__title\" role=\"heading\" aria-level=\"3\">Merz juge que les discussions d\u2019Istanbul sont un signal \u00abtout petit\u00bb mais \u00abpositif\u00bb<\/p>\n<p class=\"fig-paragraph\">Le chancelier allemand\u00a0<a href=\"http:\/\/www.lefigaro.fr\/international\/eclats-du-monde-n061-friedrich-merz-le-chancelier-mal-elu-deja-affaibli-sur-la-scene-internationale-20250515\" data-fig-type=\"Article\" data-gtm-custom-categorie=\"navigation\" data-gtm-custom-action=\"crossclick\" data-gtm-custom-label=\"Contextuel\" data-gtm-event=\"customEventSPE\" data-fig-domain=\"LEFIGARO\" target=\"_blank\" rel=\"noopener\">Friedrich Merz<\/a>\u00a0a salu\u00e9 vendredi la tenue \u00e0 Istanbul de n\u00e9gociations directes entre Moscou et Kiev pour tenter de mettre fin \u00e0 la guerre d\u00e9clench\u00e9e par\u00a0<a href=\"http:\/\/www.lefigaro.fr\/international\/dossier\/tensions-entre-la-russie-et-l-ukraine-tout-comprendre-a-la-menace-d-une-invasion-russe\" target=\"_blank\" data-fig-type=\"Topic\" rel=\"noopener\" data-gtm-custom-categorie=\"navigation\" data-gtm-custom-action=\"crossclick\" data-gtm-custom-label=\"Contextuel\" data-gtm-event=\"customEventSPE\" data-fig-domain=\"LEFIGARO\">l\u2019invasion russe en f\u00e9vrier 2022<\/a>.<\/p>\n<p class=\"fig-paragraph\">\u00abLe fait qu\u2019ils se rencontrent aujourd\u2019hui, pour la premi\u00e8re fois depuis trois ans et demi, est un premier signal, tout petit mais positif\u00bb, a-t-il d\u00e9clar\u00e9 depuis Tirana lors du sommet de la Communaut\u00e9 politique europ\u00e9enne.<\/p>\n<p class=\"fig-body-link\">\n            \u00c0 lire aussi<br \/>\n        <a class=\"fig-body-link__link fig-premium-mark\" href=\"http:\/\/www.lefigaro.fr\/conjoncture\/apres-son-premier-discours-economique-au-bundestag-le-bazooka-de-depenses-de-friedrich-merz-se-fait-desirer-20250514\" data-fig-type=\"Article\" data-gtm-custom-categorie=\"navigation\" data-gtm-custom-action=\"crossclick\" data-gtm-custom-label=\"Contextuel\" data-gtm-event=\"customEventSPE\" data-fig-domain=\"LEFIGARO\" target=\"_blank\" rel=\"noopener\">Apr\u00e8s son premier discours \u00e9conomique au Bundestag, le \u00ab\u00a0bazooka\u00a0\u00bb de d\u00e9penses de Friedrich Merz se fait d\u00e9sirer<br \/>\n    <\/a>\n<\/p>\n<p>\n        14:29\n            <\/p>\n<p class=\"fig-live-post__title\" role=\"heading\" aria-level=\"3\">La r\u00e9union \u00e0 Istanbul entre d\u00e9l\u00e9gations russe et ukrainienne est \u00abtermin\u00e9e\u00bb<\/p>\n<p class=\"fig-paragraph\">La premi\u00e8re r\u00e9union entre les d\u00e9l\u00e9gations russe et ukrainienne depuis mars 2022 s\u2019est achev\u00e9e vendredi \u00e0 Istanbul apr\u00e8s environ 1h40 de discussions, a annonc\u00e9 une source au minist\u00e8re turc des Affaires \u00e9trang\u00e8res.<\/p>\n<p class=\"fig-body-link\">\n            \u00c0 lire aussi<br \/>\n        <a class=\"fig-body-link__link\" href=\"http:\/\/www.lefigaro.fr\/international\/guerre-en-ukraine-que-sait-on-des-pourparlers-de-paix-directs-entre-kiev-et-moscou-en-turquie-20250515\" data-fig-type=\"NewsFlash\" data-gtm-custom-categorie=\"navigation\" data-gtm-custom-action=\"crossclick\" data-gtm-custom-label=\"Contextuel\" data-gtm-event=\"customEventSPE\" data-fig-domain=\"LEFIGARO\" target=\"_blank\" rel=\"noopener\">Forces en pr\u00e9sence, demandes, attentes&#8230; Que sait-on des pourparlers de paix directs entre l\u2019Ukraine et la Russie en Turquie\u00a0?<br \/>\n    <\/a>\n<\/p>\n<p class=\"fig-paragraph\">\u00abLa r\u00e9union est termin\u00e9e\u00bb, a indiqu\u00e9 ce responsable \u00e0 14h20. Le chef de la diplomatie turque Hakan Fidan a assist\u00e9 aux \u00e9changes, selon ses services.<\/p>\n<p>    Le ministre turc des Affaires \u00e9trang\u00e8res Hakan Fidan pr\u00e9side une r\u00e9union entre les n\u00e9gociateurs ukrainiens et russes \u00e0 Istanbul, en Turquie, le 16 mai.<br \/>\n                Arda Kucukkaya\/Turkish Foreign M \/ REUTERS<\/p>\n<p>\n        13:55\n            <\/p>\n<p class=\"fig-live-post__title\" role=\"heading\" aria-level=\"3\">La Russie \u00abn\u2019a pas envie de cessez-le-feu\u00bb, estime Emmanuel Macron r\u00e9clamant une \u00abpression accrue\u00bb<\/p>\n<p class=\"fig-paragraph\">Le pr\u00e9sident fran\u00e7ais Emmanuel Macron a estim\u00e9 vendredi que la Russie n\u2019avait \u00abpas envie\u00bb de conclure un cessez-le-feu en Ukraine et qu\u2019il allait falloir mettre une \u00abpression accrue\u00bb pour l\u2019y contraindre.<\/p>\n<p class=\"fig-paragraph\">\u00abLes derni\u00e8res heures ont montr\u00e9 que la Russie n\u2019avait pas envie d\u2019un cessez-le-feu et (que) s\u2019il n\u2019y a pas une pression accrue des Europ\u00e9ens et des Am\u00e9ricains pour obtenir ce r\u00e9sultat, il ne sera pas spontan\u00e9\u00bb, a-t-il dit, en r\u00e9f\u00e9rence \u00e0 de nouvelles sanctions, en ouverture d\u2019un sommet de la Communaut\u00e9 politique europ\u00e9enne (CPE) \u00e0 Tirana.<\/p>\n<p>\n        13:42\n            <\/p>\n<p class=\"fig-live-post__title\" role=\"heading\" aria-level=\"3\">Zelensky regrette que Poutine ait \u00abeu peur\u00bb de se rendre en Turquie<\/p>\n<p class=\"fig-paragraph\">Volodymyr Zelensky regrette que Vladimir Poutine ait \u00abeu peur\u00bb de se rendre en Turquie, en marge du sommet de la Communaut\u00e9 politique europ\u00e9enne sur la place Skanderbeg \u00e0 Tirana. Le pr\u00e9sident ukrainien a appel\u00e9 \u00e0 une \u00abr\u00e9action forte\u00bb de la communaut\u00e9 internationale en cas d\u2019\u00e9chec des pourparlers avec la Russie pr\u00e9vus \u00e0 Istanbul.<\/p>\n<p class=\"fig-body-link\">\n            \u00c0 lire aussi<br \/>\n        <a class=\"fig-body-link__link fig-premium-mark\" href=\"http:\/\/www.lefigaro.fr\/vox\/monde\/l-editorial-de-philippe-gelie-entre-poutine-et-zelensky-un-concours-de-beaute-20250514\" data-fig-type=\"Article\" data-gtm-custom-categorie=\"navigation\" data-gtm-custom-action=\"crossclick\" data-gtm-custom-label=\"Contextuel\" data-gtm-event=\"customEventSPE\" data-fig-domain=\"LEFIGARO\" target=\"_blank\" rel=\"noopener\">L\u2019\u00e9ditorial de Philippe G\u00e9lie\u00a0: \u00abEntre Poutine et Zelensky, un concours de beaut\u00e9\u00bb<br \/>\n    <\/a>\n<\/p>\n<p class=\"fig-paragraph\">\u00abS\u2019il s\u2019av\u00e8re que la d\u00e9l\u00e9gation russe n\u2019est l\u00e0 que pour les apparences et ne peut aboutir \u00e0 aucun r\u00e9sultat aujourd\u2019hui, alors tout le monde devra r\u00e9pondre\u00bb, a-t-il d\u00e9clar\u00e9 depuis Tirana. \u00abIl doit y avoir une r\u00e9action forte, y compris des sanctions\u00bb, a-t-il ajout\u00e9.<\/p>\n<p>\n        12:58\n            <\/p>\n<p class=\"fig-live-post__title\" role=\"heading\" aria-level=\"3\">Ankara r\u00e9clame un cessez-le-feu \u00abd\u00e8s que possible\u00bb<\/p>\n<p class=\"fig-paragraph\">La Turquie a r\u00e9clam\u00e9 ce vendredi un cessez-le-feu \u00abd\u00e8s que possible\u00bb en Ukraine \u00e0 l\u2019ouverture des premiers pourparlers \u00e0 Istanbul entre Kiev et Moscou, sous m\u00e9diation turque.<\/p>\n<p class=\"fig-paragraph\">\u00abIl est d\u2019une importance cruciale qu\u2019un cessez-le-feu soit mis en \u0153uvre d\u00e8s que possible\u00bb, a d\u00e9clar\u00e9 le ministre turc des Affaires \u00e9trang\u00e8res Hakan Fidan en affirmant que \u00abchaque jour de retard entra\u00eene de nouvelles pertes humaines\u00bb.<\/p>\n<p>\n        12:44\n            <\/p>\n<p class=\"fig-live-post__title\" role=\"heading\" aria-level=\"3\">D\u00e9but des pourparlers entre Russes et Ukrainiens \u00e0 Istanbul<\/p>\n<p class=\"fig-paragraph\">Les pourparlers directs entre Russes et Ukrainiens ont commenc\u00e9 vendredi \u00e0 Istanbul, une premi\u00e8re depuis les premi\u00e8res semaines ayant suivi le lancement de l\u2019invasion russe de l\u2019Ukraine en 2022, a annonc\u00e9 la diplomatie ukrainienne.<\/p>\n<p class=\"fig-body-link\">\n            \u00c0 lire aussi<br \/>\n        <a class=\"fig-body-link__link\" href=\"http:\/\/www.lefigaro.fr\/international\/russie-un-monument-a-la-gloire-de-staline-reinstalle-dans-le-metro-de-moscou-20250515\" data-fig-type=\"NewsFlash\" data-gtm-custom-categorie=\"navigation\" data-gtm-custom-action=\"crossclick\" data-gtm-custom-label=\"Contextuel\" data-gtm-event=\"customEventSPE\" data-fig-domain=\"LEFIGARO\" target=\"_blank\" rel=\"noopener\">Russie\u00a0: un monument \u00e0 la gloire de Staline r\u00e9install\u00e9 dans le m\u00e9tro de Moscou<br \/>\n    <\/a>\n<\/p>\n<p class=\"fig-paragraph\">\u00abLes deux parties sont sur place\u00bb, a indiqu\u00e9 le porte-parole de la diplomatie, Gueorgi\u00ef Tykhy, en publiant une photo des responsables russes et ukrainiens assis \u00e0 la table, face-\u00e0-face. La t\u00e9l\u00e9vision russe d\u2019\u00c9tat a, de son c\u00f4t\u00e9, publi\u00e9 la prise de parole d\u2019un m\u00e9diateur turc en ouverture de la r\u00e9union.<\/p>\n<p>\n        12:22\n            <\/p>\n<p class=\"fig-live-post__title\" role=\"heading\" aria-level=\"3\">Kiev accuse Moscou de bloquer la participation am\u00e9ricaine aux n\u00e9gociations \u00e0 Istanbul<\/p>\n<p class=\"fig-paragraph\">Un haut responsable ukrainien a accus\u00e9 la Russie de bloquer la participation am\u00e9ricaine aux n\u00e9gociations entre Kiev et Moscou ce vendredi \u00e0 Istanbul.<\/p>\n<p class=\"fig-body-link\">\n            \u00c0 lire aussi<br \/>\n        <a class=\"fig-body-link__link\" href=\"http:\/\/www.lefigaro.fr\/actualite-france\/macron-s-entretient-pour-la-premiere-fois-avec-leon-xiv-et-evoque-avec-lui-la-paix-en-ukraine-et-a-gaza-20250515\" data-fig-type=\"NewsFlash\" data-gtm-custom-categorie=\"navigation\" data-gtm-custom-action=\"crossclick\" data-gtm-custom-label=\"Contextuel\" data-gtm-event=\"customEventSPE\" data-fig-domain=\"LEFIGARO\" target=\"_blank\" rel=\"noopener\">Macron s\u2019entretient pour la premi\u00e8re fois avec L\u00e9on XIV et \u00e9voque avec lui la paix en Ukraine et \u00e0 Gaza<br \/>\n    <\/a>\n<\/p>\n<p class=\"fig-paragraph\">\u00abIls exigent litt\u00e9ralement que les Am\u00e9ricains ne soient pr\u00e9sents \u00e0 aucune r\u00e9union\u00bb, a affirm\u00e9 \u00e0 l\u2019AFP ce responsable, s\u2019exprimant sous le couvert d\u2019anonymat. \u00abC\u2019est vraiment de l\u2019arrogance ultime. Personne ne s\u2019y attendait\u00bb, a-t-il ajout\u00e9.<\/p>\n<p>\n        12:06\n            <\/p>\n<p class=\"fig-live-post__title\" role=\"heading\" aria-level=\"3\">Rubio demande que \u00able massacre cesse\u00bb en Ukraine<\/p>\n<p class=\"fig-paragraph\">\u00abLe massacre doit cesser\u00bb en Ukraine, a d\u00e9clar\u00e9 vendredi le secr\u00e9taire d\u2019\u00c9tat am\u00e9ricain\u00a0<a href=\"http:\/\/www.lefigaro.fr\/international\/guerre-en-ukraine-le-kremlin-refuse-de-commenter-la-proposition-de-zelensky-d-une-rencontre-avec-poutine-a-istanbul-20250513\" data-fig-type=\"NewsFlash\" data-gtm-custom-categorie=\"navigation\" data-gtm-custom-action=\"crossclick\" data-gtm-custom-label=\"Contextuel\" data-gtm-event=\"customEventSPE\" data-fig-domain=\"LEFIGARO\" target=\"_blank\" rel=\"noopener\">Marco Rubio<\/a>\u00a0avant des pourparlers entre Moscou et Kiev \u00e0 Istanbul, selon des propos rapport\u00e9s par une responsable am\u00e9ricaine.<\/p>\n<p class=\"fig-paragraph\">Lors d\u2019une r\u00e9union \u00e0 Istanbul ce vendredi matin entre le chef de la diplomatie am\u00e9ricaine et ses homologues ukrainien et turc, les trois parties ont \u00abdiscut\u00e9 de l\u2019importance de rechercher une issue pacifique \u00e0 la guerre entre la Russie et l\u2019Ukraine\u00bb et Marco Rubio a \u00abr\u00e9it\u00e9r\u00e9 la position am\u00e9ricaine selon laquelle le massacre doit cesser\u00bb, a indiqu\u00e9 la porte-parole du d\u00e9partement d\u2019\u00c9tat, Tammy Bruce.<\/p>\n<p>    Le ministre turc des Affaires \u00e9trang\u00e8res Hakan Fidan discute avec le secr\u00e9taire d\u2019\u00c9tat am\u00e9ricain Marco Rubio.<br \/>\n                Arda Kucukkaya\/Turkish Foreign M \/ REUTERS<\/p>\n<p>\n        12:03\n            <\/p>\n<p class=\"fig-live-post__title\" role=\"heading\" aria-level=\"3\">Une rencontre Poutine-Trump sur l\u2019Ukraine \u00abcertainement n\u00e9cessaire\u00bb, estime le Kremlin<\/p>\n<p class=\"fig-paragraph\">Une rencontre sur l\u2019Ukraine entre les pr\u00e9sidents russe et am\u00e9ricain,\u00a0<a href=\"http:\/\/www.lefigaro.fr\/international\/a-moscou-vladimir-poutine-met-en-scene-la-fin-de-son-isolement-lors-de-la-grande-parade-de-la-victoire-20250509\" data-fig-type=\"Article\" data-gtm-custom-categorie=\"navigation\" data-gtm-custom-action=\"crossclick\" data-gtm-custom-label=\"Contextuel\" data-gtm-event=\"customEventSPE\" data-fig-domain=\"LEFIGARO\" target=\"_blank\" rel=\"noopener\">Vladimir Poutine\u00a0<\/a>et\u00a0<a href=\"http:\/\/www.lefigaro.fr\/flash-actu\/nous-avons-fait-plus-que-la-france-pour-gagner-la-guerre-devant-ses-soldats-donald-trump-tacle-les-celebrations-du-8-mai-20250516\" data-fig-type=\"NewsFlash\" data-gtm-custom-categorie=\"navigation\" data-gtm-custom-action=\"crossclick\" data-gtm-custom-label=\"Contextuel\" data-gtm-event=\"customEventSPE\" data-fig-domain=\"LEFIGARO\" target=\"_blank\" rel=\"noopener\">Donald Trump<\/a>, est \u00abcertainement n\u00e9cessaire\u00bb, a dit vendredi le Kremlin, peu avant des premiers pourparlers russo-ukrainiens depuis le printemps 2022, attendus \u00e0 Istanbul.<\/p>\n<p class=\"fig-paragraph\">\u00abUne telle rencontre est certainement n\u00e9cessaire\u00bb, a d\u00e9clar\u00e9 le porte-parole de la pr\u00e9sidence russe, Dmitri Peskov, lors de son briefing quotidien. \u00abLes contacts entre les pr\u00e9sidents Poutine et Trump sont extr\u00eamement importants dans le contexte du r\u00e8glement de la crise ukrainienne\u00bb, a-t-il ajout\u00e9.<\/p>\n<p>\n        11:55\n            <\/p>\n<p class=\"fig-live-post__title\" role=\"heading\" aria-level=\"3\">D\u00e9but d\u2019une rencontre \u00e0 Istanbul entre repr\u00e9sentants russes et am\u00e9ricains<\/p>\n<p class=\"fig-paragraph\">\u00c0 Istanbul, une nouvelle r\u00e9union a commenc\u00e9 entre les repr\u00e9sentants de la Russie et des \u00c9tats-Unis, selon un responsable am\u00e9ricain.<\/p>\n<p>\n        11:35\n            <\/p>\n<p class=\"fig-live-post__title\" role=\"heading\" aria-level=\"3\">L\u2019Ukraine veut n\u00e9gocier une rencontre Zelensky-Poutine avec la Russie<\/p>\n<p class=\"fig-paragraph\">L\u2019Ukraine esp\u00e8re pouvoir n\u00e9gocier une rencontre directe entre le pr\u00e9sident Volodymyr Zelensky et son homologue russe\u00a0<a href=\"http:\/\/www.lefigaro.fr\/international\/vladimir-poutine-limoge-le-chef-des-forces-terrestres-de-l-armee-russe-20250515\" data-fig-type=\"NewsFlash\" data-gtm-custom-categorie=\"navigation\" data-gtm-custom-action=\"crossclick\" data-gtm-custom-label=\"Contextuel\" data-gtm-event=\"customEventSPE\" data-fig-domain=\"LEFIGARO\" target=\"_blank\" rel=\"noopener\">Vladimir Poutine<\/a>\u00a0lors des pourparlers pr\u00e9vus entre les deux parties \u00e0 Istanbul vendredi, a indiqu\u00e9 \u00e0 l\u2019AFP une source diplomatique ukrainienne.<\/p>\n<p class=\"fig-body-link\">\n            \u00c0 lire aussi<br \/>\n        <a class=\"fig-body-link__link fig-premium-mark\" href=\"http:\/\/www.lefigaro.fr\/international\/zelensky-met-poutine-au-defi-de-negocier-face-a-face-20250514\" data-fig-type=\"Article\" data-gtm-custom-categorie=\"navigation\" data-gtm-custom-action=\"crossclick\" data-gtm-custom-label=\"Contextuel\" data-gtm-event=\"customEventSPE\" data-fig-domain=\"LEFIGARO\" target=\"_blank\" rel=\"noopener\">Ukraine\u00a0: Poutine se d\u00e9robe au face \u00e0 face propos\u00e9 par Zelensky<br \/>\n    <\/a>\n<\/p>\n<p class=\"fig-paragraph\">\u00abComme nous comprenons qu\u2019il (Vladimir Poutine, NDLR) est le seul \u00e0 prendre des d\u00e9cisions, une \u00e9ventuelle rencontre entre le pr\u00e9sident Zelensky et Poutine sera \u00e9galement inscrite \u00e0 l\u2019ordre du jour de la d\u00e9l\u00e9gation ukrainienne\u00bb, a expliqu\u00e9 cette source sous le couvert de l\u2019anonymat.<\/p>\n<p>\n        11:25\n            <\/p>\n<p class=\"fig-live-post__title\" role=\"heading\" aria-level=\"3\">Von der Leyen veut accro\u00eetre la pression jusqu\u2019\u00e0 ce que Poutine soit \u00abpr\u00eat\u00bb pour la paix<\/p>\n<p class=\"fig-paragraph\">La pr\u00e9sidente de la Commission europ\u00e9enne, Ursula von der Leyen, a promis ce vendredi d\u2019accro\u00eetre la pression sur Moscou jusqu\u2019\u00e0 ce que le pr\u00e9sident russe Vladimir Poutine soit \u00abpr\u00eat pour la paix\u00bb dans les discussions avec l\u2019Ukraine.<\/p>\n<p class=\"fig-body-link\">\n            \u00c0 lire aussi<br \/>\n        <a class=\"fig-body-link__link fig-premium-mark\" href=\"http:\/\/www.lefigaro.fr\/international\/guerre-en-ukraine-giorgia-meloni-appelle-l-europe-au-sang-froid-20250304\" data-fig-type=\"Article\" data-gtm-custom-categorie=\"navigation\" data-gtm-custom-action=\"crossclick\" data-gtm-custom-label=\"Contextuel\" data-gtm-event=\"customEventSPE\" data-fig-domain=\"LEFIGARO\" target=\"_blank\" rel=\"noopener\">Guerre en Ukraine: Giorgia Meloni appelle l\u2019Europe au \u00absang-froid\u00bb<br \/>\n    <\/a>\n<\/p>\n<p class=\"fig-paragraph\">Le pr\u00e9sident ukrainien Volodymyr Zelensky \u00ab\u00e9tait pr\u00eat \u00e0 une rencontre. Le pr\u00e9sident Poutine ne s\u2019est pas pr\u00e9sent\u00e9. Cela d\u00e9montre une chose: le pr\u00e9sident Poutine ne veut pas la paix\u00bb, a-t-elle d\u00e9clar\u00e9 puis Tirana. \u00abNous voulons la paix et nous devons accro\u00eetre la pression jusqu\u2019\u00e0 ce que le pr\u00e9sident Poutine soit pr\u00eat pour cela\u00bb, a-t-elle ajout\u00e9, \u00e9voquant de nouvelles sanctions en pr\u00e9paration.<\/p>\n<p>\n        11:04\n            <\/p>\n<p class=\"fig-live-post__title\" role=\"heading\" aria-level=\"3\">L\u2019Ukraine doute que les n\u00e9gociateurs russes \u00e0 Istanbul aient un \u00abr\u00e9el pouvoir de d\u00e9cision\u00bb<\/p>\n<p class=\"fig-paragraph\">L\u2019Ukraine doute que les n\u00e9gociateurs russes \u00e0 Istanbul aient un \u00abr\u00e9el pouvoir de d\u00e9cision\u00bb, a indiqu\u00e9 \u00e0 l\u2019AFP un haut responsable ukrainien peu avant le d\u00e9but des premiers pourparlers directs entre deux bellig\u00e9rants depuis le printemps 2022, quelques semaines apr\u00e8s le lancement de l\u2019invasion russe.<\/p>\n<p class=\"fig-body-link\">\n            \u00c0 lire aussi<br \/>\n        <a class=\"fig-body-link__link fig-premium-mark\" href=\"http:\/\/www.lefigaro.fr\/vox\/monde\/l-editorial-de-philippe-gelie-russie-etats-unis-europe-le-grand-jeu-diplomatique-20250511\" data-fig-type=\"Article\" data-gtm-custom-categorie=\"navigation\" data-gtm-custom-action=\"crossclick\" data-gtm-custom-label=\"Contextuel\" data-gtm-event=\"customEventSPE\" data-fig-domain=\"LEFIGARO\" target=\"_blank\" rel=\"noopener\">L\u2019\u00e9ditorial de Philippe G\u00e9lie\u00a0: \u00ab\u00a0Russie, \u00c9tats-Unis, Europe, le grand jeu diplomatique\u00a0\u00bb<br \/>\n    <\/a>\n<\/p>\n<p class=\"fig-paragraph\">Le pr\u00e9sident russe Vladimir \u00abPoutine a envoy\u00e9 \u00e0 Istanbul des personnes qui n\u2019ont aucun r\u00e9el pouvoir de d\u00e9cision\u00bb, a d\u00e9nonc\u00e9 ce responsable sous couvert de l\u2019anonymat aupr\u00e8s de l\u2019AFP. \u00abMais si la d\u00e9l\u00e9gation russe dispose tout de m\u00eame de certaines pr\u00e9rogatives, elle ne pourra le prouver qu\u2019en acceptant de prendre des mesures concr\u00e8tes, notamment un cessez-le-feu\u00bb, a-t-il ajout\u00e9.<\/p>\n<p>\n        11:00\n            <\/p>\n<p class=\"fig-live-post__title\" role=\"heading\" aria-level=\"3\">Fin de la rencontre \u00e0 Istanbul entre Ukrainiens, Turcs et Am\u00e9ricains<\/p>\n<p class=\"fig-paragraph\">Apr\u00e8s une heure de discussions, la premi\u00e8re r\u00e9union entre l\u2019Ukraine, les \u00c9tats-Unis et la Turquie, vient de prendre fin, selon des sources au sein du minist\u00e8re turc des Affaires \u00e9trang\u00e8res. Dans une demi-heure, un second rendez-vous entre l\u2019Ukraine, la Russie et la Turquie va se tenir.<\/p>\n<p>\n        10:55\n            <\/p>\n<p class=\"fig-live-post__title\" role=\"heading\" aria-level=\"3\">L\u2019Ukraine annonce la perte d\u2019un nouvel avion de combat F-16<\/p>\n<p class=\"fig-paragraph\">L\u2019Ukraine a rapport\u00e9 ce vendredi avoir perdu un avion de combat de conception am\u00e9ricaine\u00a0<a href=\"http:\/\/www.lefigaro.fr\/flash-eco\/washington-approuve-la-vente-a-l-ukraine-de-pieces-pour-f-16-20250502\" data-fig-type=\"NewsFlash\" data-gtm-custom-categorie=\"navigation\" data-gtm-custom-action=\"crossclick\" data-gtm-custom-label=\"Contextuel\" data-gtm-event=\"customEventSPE\" data-fig-domain=\"LEFIGARO\" target=\"_blank\" rel=\"noopener\">F-16<\/a>, pr\u00e9cieux mat\u00e9riel militaire livr\u00e9 par les Occidentaux, deuxi\u00e8me perte officiellement reconnue d\u2019un appareil de ce type depuis leur obtention. Ce F-16 \u00abeffectuait une mission de d\u00e9fense contre une attaque a\u00e9rienne ennemie\u00bb dans la nuit de jeudi \u00e0 vendredi lorsqu\u2019il \u00aba \u00e9t\u00e9 perdu\u00bb, a expliqu\u00e9 l\u2019arm\u00e9e de l\u2019air ukrainienne sur Telegram.<\/p>\n<p class=\"fig-paragraph\">Selon elle, le pilote a \u00abd\u00e9truit trois cibles a\u00e9riennes et s\u2019attaquait \u00e0 la quatri\u00e8me \u00e0 l\u2019aide d\u2019un canon embarqu\u00e9\u00bb mais a \u00e9t\u00e9 confront\u00e9 \u00e0 une \u00absituation d\u2019urgence \u00e0 bord\u00bb et a d\u00fb s\u2019\u00e9jecter de l\u2019appareil. \u00abLe pilote a \u00e9t\u00e9 rapidement retrouv\u00e9 et \u00e9vacu\u00e9\u00bb et se trouve en bonne sant\u00e9, a-t-elle ajout\u00e9.<\/p>\n<p class=\"fig-body-link\">\n            \u00c0 lire aussi<br \/>\n        <a class=\"fig-body-link__link fig-premium-mark\" href=\"http:\/\/www.lefigaro.fr\/international\/guerre-en-ukraine-des-negociations-sur-le-point-de-s-ouvrir-a-istanbul-dans-l-incertitude-20250515\" data-fig-type=\"Article\" data-gtm-custom-categorie=\"navigation\" data-gtm-custom-action=\"crossclick\" data-gtm-custom-label=\"Contextuel\" data-gtm-event=\"customEventSPE\" data-fig-domain=\"LEFIGARO\" target=\"_blank\" rel=\"noopener\">Guerre en Ukraine: des n\u00e9gociations sur le point de s\u2019ouvrir \u00e0 Istanbul, dans l\u2019incertitude<br \/>\n    <\/a>\n<\/p>\n<p class=\"fig-paragraph\">L\u2019arm\u00e9e de l\u2019air ukrainienne a affirm\u00e9 dans un communiqu\u00e9 s\u00e9par\u00e9 que la Russie avait lanc\u00e9 sur l\u2019Ukraine \u00ab112 drones d\u2019attaques\u00bb et de divers autres types, continuant ses attaques malgr\u00e9 un ultimatum europ\u00e9en et am\u00e9ricain lanc\u00e9 lundi. L\u2019arm\u00e9e de l\u2019air a expliqu\u00e9 avoir abattu 73 de ces drones dans l\u2019est, le nord, le sud et le centre du pays.<\/p>\n<p class=\"fig-paragraph\">L\u2019Ukraine avait d\u00e9j\u00e0 annonc\u00e9 fin ao\u00fbt la perte d\u2019un premier F-16, qui s\u2019\u00e9tait \u00e9cras\u00e9 en repoussant une attaque de missiles russes, tuant son pilote form\u00e9 aux \u00c9tats-Unis. La Russie avait de son c\u00f4t\u00e9 revendiqu\u00e9 mi-avril avoir abattu un deuxi\u00e8me F-16 sans que cela soit confirm\u00e9 par les Ukrainiens. L\u2019arm\u00e9e de l\u2019air ukrainienne avait toutefois annonc\u00e9 la mort d\u2019un de ses pilotes, Pavlo Ivanov, lors d\u2019une mission de combat dans un F-16.<\/p>\n<p class=\"fig-paragraph\">Kiev a re\u00e7u en ao\u00fbt 2024 ces avions de combat apr\u00e8s les avoir r\u00e9clam\u00e9s \u00e0 cor et \u00e0 cri aux Occidentaux pendant plus de deux ans. Ces appareils ont \u00e9t\u00e9 pr\u00e9sent\u00e9s comme le joyau de la couronne dans la liste du mat\u00e9riel militaire que l\u2019Ukraine a demand\u00e9 \u00e0 ses alli\u00e9s.<\/p>\n<p>\n        10:39\n            <\/p>\n<p class=\"fig-live-post__title\" role=\"heading\" aria-level=\"3\">La priorit\u00e9 de Kiev est d\u2019obtenir de la Russie un \u00abcessez-le-feu inconditionnel\u00bb<\/p>\n<p class=\"fig-paragraph\">La priorit\u00e9 de Kiev est d\u2019obtenir de Moscou un \u00abcessez-le-feu inconditionnel\u00bb, a d\u00e9clar\u00e9 le chef du cabinet de la pr\u00e9sidence ukrainienne ce vendredi avant des pourparlers avec la Russie \u00e0 Istanbul, les premiers depuis le printemps 2022.<\/p>\n<p class=\"fig-body-link\">\n            \u00c0 lire aussi<br \/>\n        <a class=\"fig-body-link__link fig-premium-mark\" href=\"http:\/\/www.lefigaro.fr\/international\/vladimir-poutine-soupconne-kiev-de-vouloir-gacher-son-9-mai-20250504\" data-fig-type=\"Article\" data-gtm-custom-categorie=\"navigation\" data-gtm-custom-action=\"crossclick\" data-gtm-custom-label=\"Contextuel\" data-gtm-event=\"customEventSPE\" data-fig-domain=\"LEFIGARO\" target=\"_blank\" rel=\"noopener\">Vladimir Poutine soup\u00e7onne Kiev de vouloir g\u00e2cher \u00abson\u00bb 9\u00a0mai<br \/>\n    <\/a>\n<\/p>\n<p class=\"fig-paragraph\">\u00abLa d\u00e9l\u00e9gation ukrainienne est \u00e0 Istanbul aujourd\u2019hui pour parvenir \u00e0 un cessez-le-feu inconditionnel\u00a0: c\u2019est notre priorit\u00e9\u00bb, a indiqu\u00e9 Andri\u00ef Iermak, bras droit de Volodymyr Zelensky, sur le r\u00e9seau social X.<\/p>\n<p>\n        10:24\n            <\/p>\n<p class=\"fig-live-post__title\" role=\"heading\" aria-level=\"3\">Poutine a fait une \u00aberreur\u00bb en envoyant une \u00e9quipe de \u00absecond rang\u00bb<\/p>\n<p class=\"fig-paragraph\">\u00c0 son tour, le secr\u00e9taire g\u00e9n\u00e9ral de l\u2019Otan\u00a0<a href=\"http:\/\/www.lefigaro.fr\/mark-rutte-le-chef-de-l-otan-affirme-etre-convaincu-que-l-alliance-va-durer-avec-les-etats-unis-20250402\" data-fig-type=\"NewsFlash\" data-gtm-custom-categorie=\"navigation\" data-gtm-custom-action=\"crossclick\" data-gtm-custom-label=\"Contextuel\" data-gtm-event=\"customEventSPE\" data-fig-domain=\"LEFIGARO\" target=\"_blank\" rel=\"noopener\">Mark Rutte<\/a>\u00a0s\u2019est exprim\u00e9 ce vendredi matin et consid\u00e8re que le pr\u00e9sident russe Vladimir Poutine a fait une \u00aberreur\u00bb en envoyant une \u00e9quipe de \u00absecond rang\u00bb participer aux pourparlers avec l\u2019Ukraine en Turquie.<\/p>\n<p class=\"fig-body-link\">\n            \u00c0 lire aussi<br \/>\n        <a class=\"fig-body-link__link fig-premium-mark\" href=\"http:\/\/www.lefigaro.fr\/international\/les-europeens-creent-un-tribunal-special-pour-juger-le-crime-d-agression-de-la-russie-contre-l-ukraine-20250509\" data-fig-type=\"Article\" data-gtm-custom-categorie=\"navigation\" data-gtm-custom-action=\"crossclick\" data-gtm-custom-label=\"Contextuel\" data-gtm-event=\"customEventSPE\" data-fig-domain=\"LEFIGARO\" target=\"_blank\" rel=\"noopener\">Les Europ\u00e9ens cr\u00e9ent un tribunal sp\u00e9cial pour juger le crime d\u2019agression de la Russie contre l\u2019Ukraine<br \/>\n    <\/a>\n<\/p>\n<p class=\"fig-paragraph\">\u00abJe pense que Poutine a fait une \u00e9norme erreur\u00bb, a-t-il d\u00e9clar\u00e9 \u00e0 son arriv\u00e9e au sommet de la Communaut\u00e9 politique europ\u00e9enne \u00e0 Tirana. \u00abIl sait tr\u00e8s bien que la balle est dans son camp, qu\u2019il est en difficult\u00e9 et qu\u2019il a fait une \u00e9norme erreur\u00bb, a-t-il poursuivi. \u00abJe pense que toute la pression est d\u00e9sormais sur Poutine\u00bb, a-t-il ajout\u00e9.<\/p>\n<p>\n        10:22\n            <\/p>\n<p class=\"fig-live-post__title\" role=\"heading\" aria-level=\"3\">Il est \u00abclair\u00bb que la Russie \u00abne veut pas la paix\u00bb, d\u00e9clare la chef de la diplomatie de l\u2019UE<\/p>\n<p class=\"fig-paragraph\">La chef de la diplomatie europ\u00e9enne, Kaja Kallas, a estim\u00e9 ce vendredi que les derniers rebondissements dans les discussions sur l\u2019Ukraine d\u00e9montraient que la Russie ne veut pas la paix, appelant \u00e0 \u00abmettre la pression\u00bb sur Moscou. \u00abNous voyons clairement que la Russie ne veut pas la paix et que tous les autres la veulent\u00bb, a-t-elle d\u00e9clar\u00e9 \u00e0 son arriv\u00e9e au sommet de la Communaut\u00e9 politique europ\u00e9enne \u00e0 Tirana.<\/p>\n<p class=\"fig-body-link\">\n            \u00c0 lire aussi<br \/>\n        <a class=\"fig-body-link__link fig-premium-mark\" href=\"http:\/\/www.lefigaro.fr\/international\/guerre-en-ukraine-a-l-elysee-l-europe-tente-de-desolidariser-les-etats-unis-de-la-russie-20250417\" data-fig-type=\"Article\" data-gtm-custom-categorie=\"navigation\" data-gtm-custom-action=\"crossclick\" data-gtm-custom-label=\"Contextuel\" data-gtm-event=\"customEventSPE\" data-fig-domain=\"LEFIGARO\" target=\"_blank\" rel=\"noopener\">Guerre en Ukraine\u00a0: \u00e0 l\u2019\u00c9lys\u00e9e, l\u2019Europe tente de d\u00e9solidariser les \u00c9tats-Unis de la Russie<br \/>\n    <\/a>\n<\/p>\n<p class=\"fig-paragraph\">Alors qu\u2019une r\u00e9union va se tenir \u00e0 la mi-journ\u00e9e entre la Russie, la Turquie et l\u2019Ukraine, Vladimir Poutine a d\u00e9cid\u00e9 de ne pas participer \u00e0 ce rendez-vous.<\/p>\n<p>\n        10:00\n            <\/p>\n<p class=\"fig-live-post__title\" role=\"heading\" aria-level=\"3\">D\u00e9but d\u2019une rencontre \u00e0 Istanbul entre Ukrainiens, Turcs et Am\u00e9ricains<\/p>\n<p class=\"fig-paragraph\">Les d\u00e9l\u00e9gations am\u00e9ricaine, ukrainienne et turque ont entam\u00e9 une r\u00e9union \u00e0 Istanbul, selon une source du minist\u00e8re turc des affaires \u00e9trang\u00e8res, dans le cadre des efforts visant \u00e0 parvenir \u00e0 un accord pour mettre un terme \u00e0 la guerre entre la Russie et l\u2019Ukraine.<\/p>\n<p class=\"fig-paragraph\">Les discussions, men\u00e9es par le ministre turc des Affaires \u00e9trang\u00e8res Hakan Fidan, r\u00e9unissent c\u00f4t\u00e9 am\u00e9ricain le secr\u00e9taire d\u2019\u00c9tat\u00a0<a href=\"http:\/\/www.lefigaro.fr\/international\/marco-rubio-secretaire-de-tout-et-couteau-suisse-de-donald-trump-20250505\" data-fig-type=\"Article\" data-gtm-custom-categorie=\"navigation\" data-gtm-custom-action=\"crossclick\" data-gtm-custom-label=\"Contextuel\" data-gtm-event=\"customEventSPE\" data-fig-domain=\"LEFIGARO\" target=\"_blank\" rel=\"noopener\">Marco Rubio<\/a>, l\u2019ambassadeur des \u00c9tats-Unis \u00e0 Ankara Tom Barrack et le repr\u00e9sentant sp\u00e9cial des \u00c9tats-Unis pour l\u2019Ukraine\u00a0<a href=\"http:\/\/www.lefigaro.fr\/international\/qui-est-le-general-keith-kellogg-nomme-par-donald-trump-pour-mettre-fin-a-la-guerre-en-ukraine-en-100-jours-20250124\" data-fig-type=\"Article\" data-gtm-custom-categorie=\"navigation\" data-gtm-custom-action=\"crossclick\" data-gtm-custom-label=\"Contextuel\" data-gtm-event=\"customEventSPE\" data-fig-domain=\"LEFIGARO\" target=\"_blank\" rel=\"noopener\">Keith Kellogg<\/a>. C\u00f4t\u00e9 ukrainien sont pr\u00e9sents le chef de l\u2019administration pr\u00e9sidentielle Andri\u00ef Iermak et les ministres de la D\u00e9fense et des Affaires \u00e9trang\u00e8res, Roustem Oumerov et Andri\u00ef Sybiga, selon ces sources du minist\u00e8re turc des affaires \u00e9trang\u00e8res.<\/p>\n<p>\n        09:59\n            <\/p>\n<p class=\"fig-live-post__title\" role=\"heading\" aria-level=\"3\">Les Ukrainiens ont rencontr\u00e9 des responsables europ\u00e9ens avant les pourparlers avec la Russie<\/p>\n<p class=\"fig-paragraph\">De hauts responsables ukrainiens ont rencontr\u00e9 ce vendredi \u00e0 Istanbul des repr\u00e9sentants s\u00e9curitaires europ\u00e9ens, avant les pourparlers pr\u00e9vus avec la Russie dont les Europ\u00e9ens sont exclus, a indiqu\u00e9 \u00e0 l\u2019AFP une source au sein de la d\u00e9l\u00e9gation ukrainienne.<\/p>\n<p class=\"fig-paragraph\">Cette rencontre a eu lieu entre les ministres ukrainiens de la D\u00e9fense Roustem Oumerov, des Affaires \u00e9trang\u00e8res Andri\u00ef Sybiga et le chef de l\u2019administration pr\u00e9sidentielle ukrainienne Andri\u00ef Iermak d\u2019un c\u00f4t\u00e9, et des conseillers \u00e0 la s\u00e9curit\u00e9 fran\u00e7ais, allemand et britannique, ainsi que l\u2019\u00e9missaire am\u00e9ricain<a href=\"http:\/\/www.lefigaro.fr\/international\/qui-est-le-general-keith-kellogg-nomme-par-donald-trump-pour-mettre-fin-a-la-guerre-en-ukraine-en-100-jours-20250124\" data-fig-type=\"Article\" data-gtm-custom-categorie=\"navigation\" data-gtm-custom-action=\"crossclick\" data-gtm-custom-label=\"Contextuel\" data-gtm-event=\"customEventSPE\" data-fig-domain=\"LEFIGARO\" target=\"_blank\" rel=\"noopener\">\u00a0Keith Kellogg<\/a>\u00a0de l\u2019autre, a indiqu\u00e9 cette source.<\/p>\n<p>\n        09:58\n            <\/p>\n<p class=\"fig-live-post__title\" role=\"heading\" aria-level=\"3\">Trump dit qu\u2019il verra Poutine \u00abd\u00e8s qu\u2019il sera possible d\u2019organiser\u00bb une rencontre<\/p>\n<p class=\"fig-paragraph\">Le pr\u00e9sident am\u00e9ricain a d\u00e9clar\u00e9 ce vendredi qu\u2019il rencontrera le dirigeant russe Vladimir Poutine \u00abd\u00e8s qu\u2019il sera possible d\u2019organiser\u00bb un rendez-vous.<\/p>\n<p class=\"fig-paragraph\">Il a par ailleurs indiqu\u00e9 qu\u2019il rentrerait \u00e0 Washington apr\u00e8s avoir achev\u00e9 sa tourn\u00e9e dans le Golfe, notamment pour faire la connaissance du gar\u00e7on auquel sa fille Tiffany Trump vient de donner naissance. \u00abVoyons ce qui se passe avec la Russie et l\u2019Ukraine\u00bb, a-t-il dit.<\/p>\n<p>    Le pr\u00e9sident am\u00e9ricain Donald Trump a pris la parole lors d\u2019un forum d\u2019affaires au Qasr Al Watan, \u00e0 Abu Dhabi, ce vendredi 16 mai.<br \/>\n                Amr Alfiky \/ REUTERS<\/p>\n<p>\n        09:39\n            <\/p>\n<p class=\"fig-live-post__title\" role=\"heading\" aria-level=\"3\">La Chine esp\u00e8re un accord de paix \u00abjuste\u00bb et \u00abdurable\u00bb<\/p>\n<p class=\"fig-paragraph\">La Chine a dit ce vendredi esp\u00e9rer un accord de paix \u00abjuste\u00bb et \u00abdurable\u00bb entre la Russie et l\u2019Ukraine, au moment o\u00f9 Moscou et Kiev s\u2019appr\u00eatent \u00e0 tenir \u00e0 Istanbul leurs premi\u00e8res n\u00e9gociations directes depuis 2022.<\/p>\n<p class=\"fig-body-link\">\n            \u00c0 lire aussi<br \/>\n        <a class=\"fig-body-link__link fig-premium-mark\" href=\"https:\/\/www.lefigaro.fr\/international\/russie-ukraine-chine-les-avertissements-du-patron-de-la-cia-20240131\" data-fig-type=\"Article\" data-gtm-custom-categorie=\"navigation\" data-gtm-custom-action=\"crossclick\" data-gtm-custom-label=\"Contextuel\" data-gtm-event=\"customEventSPE\" data-fig-domain=\"LEFIGARO\" target=\"_blank\" rel=\"noopener\">Russie, Ukraine, Chine&#8230; Les avertissements du patron de la CIA<br \/>\n    <\/a>\n<\/p>\n<p class=\"fig-paragraph\">\u00abNous esp\u00e9rons que toutes les parties concern\u00e9es poursuivent les pourparlers et les n\u00e9gociations en vue d\u2019aboutir \u00e0 un accord de paix juste, durable et contraignant, acceptable pour toutes les parties, afin de parvenir \u00e0 un r\u00e8glement politique de la crise ukrainienne\u00bb, a d\u00e9clar\u00e9 lors d\u2019un point presse r\u00e9gulier Lin Jian, un porte-parole du minist\u00e8re chinois des Affaires \u00e9trang\u00e8res.<\/p>\n<p>\n        09:31\n            <\/p>\n<p class=\"fig-live-post__title\" role=\"heading\" aria-level=\"3\">Plusieurs voitures arrivent au palais de Dolmabah\u00e7e \u00e0 Istanbul<\/p>\n<p class=\"fig-paragraph\">Dans 15 minutes, une premi\u00e8re r\u00e9union entre l\u2019Ukraine, la Turquie et les \u00c9tats-Unis va se tenir au palais de Dolmabah\u00e7e \u00e0 Istanbul. Des premi\u00e8res voitures noires, un v\u00e9hicule blind\u00e9 mais aussi deux minibus blancs ont \u00e9t\u00e9 aper\u00e7us par les journalistes pr\u00e9sents sur place.<\/p>\n<p>    Le personnel de s\u00e9curit\u00e9 veille au grain alors que des v\u00e9hicules arrivent au bureau de travail de Dolmabahce de la pr\u00e9sidence turque.<br \/>\n                Maxim Shemetov \/ REUTERS<\/p>\n<p>\n        08:43\n            <\/p>\n<p class=\"fig-live-post__title\" role=\"heading\" aria-level=\"3\">Marco Rubio arrive \u00e0 Istanbul avant des discussions entre Russes et Ukrainiens<\/p>\n<p class=\"fig-paragraph\">Le secr\u00e9taire d\u2019\u00c9tat am\u00e9ricain Marco Rubio est bien arriv\u00e9 \u00e0 Istanbul alors qu\u2019une r\u00e9union doit se tenir dans une heure entre Ukrainiens, Turcs et Am\u00e9ricains.<\/p>\n<p class=\"fig-paragraph\">\u00c0 11h30, une autre r\u00e9union entre l\u2019Ukraine, la Russie et la Turquie sera \u00e9galement organis\u00e9e. Ainsi, Marco Rubio ne participera pas \u00e0 cette deuxi\u00e8me partie des discussions.<\/p>\n<p>\n        08:34\n            <\/p>\n<p class=\"fig-live-post__title\" role=\"heading\" aria-level=\"3\">Reporters sans fronti\u00e8res d\u00e9nonce le bombardement \u00abd\u00e9lib\u00e9r\u00e9\u00bb par la Russie d\u2019h\u00f4tels h\u00e9bergeant des journalistes<\/p>\n<p class=\"fig-paragraph\">Les ONG\u00a0<a href=\"http:\/\/www.lefigaro.fr\/secteur\/high-tech\/diffusion-de-fausses-informations-reporters-sans-frontieres-porte-plainte-contre-le-reseau-social-x-20241114\" data-fig-type=\"NewsFlash\" data-gtm-custom-categorie=\"navigation\" data-gtm-custom-action=\"crossclick\" data-gtm-custom-label=\"Contextuel\" data-gtm-event=\"customEventSPE\" data-fig-domain=\"LEFIGARO\" target=\"_blank\" rel=\"noopener\">Reporters sans fronti\u00e8res<\/a>\u00a0(RSF) et Truth Hounds ont d\u00e9nonc\u00e9 ce vendredi la \u00abstrat\u00e9gie d\u00e9lib\u00e9r\u00e9e\u00bb de la Russie consistant, selon elles, \u00e0 bombarder les h\u00f4tels ukrainiens o\u00f9 logent des journalistes pour les \u00abfaire taire\u00bb, des attaques \u00abconstitutives de crimes de guerre\u00bb.<\/p>\n<p class=\"fig-paragraph\">Entre f\u00e9vrier 2022, au d\u00e9but de<a href=\"http:\/\/www.lefigaro.fr\/actualite-france\/le-patron-de-la-gendarmerie-n-exclut-pas-un-conflit-arme-sur-le-sol-francais-lie-a-la-guerre-en-ukraine-20250128\" data-fig-type=\"Article\" data-gtm-custom-categorie=\"navigation\" data-gtm-custom-action=\"crossclick\" data-gtm-custom-label=\"Contextuel\" data-gtm-event=\"customEventSPE\" data-fig-domain=\"LEFIGARO\" target=\"_blank\" rel=\"noopener\">\u00a0l\u2019invasion russe de l\u2019Ukraine<\/a>, et mi-mars 2025, 31 frappes russes ont touch\u00e9 25 h\u00f4tels, selon un rapport publi\u00e9 par RSF et Truth Hounds, organisation ukrainienne qui documente les crimes de guerre dans son pays. Seul l\u2019un de ces h\u00f4tels, situ\u00e9s en \u00abmajorit\u00e9 dans des r\u00e9gions proches du front\u00bb comme \u00e0 Kharkiv (nord-est), Donetsk (est), Dnipro (centre), Odessa (sud) et Kiev, \u00ab\u00e9tait utilis\u00e9 par l\u2019arm\u00e9e\u00bb, assurent les deux organisations dans un communiqu\u00e9. \u00abLes autres h\u00e9bergeaient des civils\u00bb, dont \u00ab25 journalistes et professionnels de l\u2019information\u00bb qui \u00abse sont retrouv\u00e9s sous les bombardements\u00bb.<\/p>\n<p class=\"fig-body-link\">\n            \u00c0 lire aussi<br \/>\n        <a class=\"fig-body-link__link fig-premium-mark\" href=\"http:\/\/www.lefigaro.fr\/international\/guerre-en-ukraine-rsf-accuse-l-armee-russe-de-cibler-les-hotels-ou-resident-les-journalistes-20250516\" data-fig-type=\"Article\" data-gtm-custom-categorie=\"navigation\" data-gtm-custom-action=\"crossclick\" data-gtm-custom-label=\"Contextuel\" data-gtm-event=\"customEventSPE\" data-fig-domain=\"LEFIGARO\" target=\"_blank\" rel=\"noopener\">Guerre en Ukraine\u00a0: RSF accuse l\u2019arm\u00e9e russe de cibler les h\u00f4tels o\u00f9 r\u00e9sident les journalistes<br \/>\n    <\/a>\n<\/p>\n<p class=\"fig-paragraph\">L\u2019un d\u2019eux, le Britannique Ryan Evans, conseiller s\u00e9curit\u00e9 travaillant avec des journalistes de Reuters, a ainsi perdu la vie en ao\u00fbt \u00e0 Kramatorsk (Est), et au moins sept ont \u00e9t\u00e9 bless\u00e9s. La plupart de ces frappes sont survenues la nuit, quand les h\u00f4tels sont les plus fr\u00e9quent\u00e9s. En outre, au moins quinze d\u2019entre elles ont \u00ab\u00e9t\u00e9 effectu\u00e9es avec des missiles russes de type Iskander 9K720, connus pour leur pr\u00e9cision\u00bb, soulignent RSF et Truth Hounds, pointant un \u00abciblage m\u00e9thodique et coordonn\u00e9\u00bb.<\/p>\n<p class=\"fig-paragraph\">Le rapport d\u00e9nonce aussi \u00ables campagnes de d\u00e9sinformation\u00bb du Kremlin, qui assure viser des \u00abbases militaires\u00bb et des \u00abmercenaires\u00bb. Ces attaques \u00abne sont ni accidentelles ni al\u00e9atoires\u00bb et \u00abvisent \u00e0 r\u00e9duire la couverture journalistique de la guerre\u00bb, assure Pauline Maufrais, charg\u00e9e de zone Ukraine pour RSF, cit\u00e9e dans le communiqu\u00e9. \u00abEn ciblant des infrastructures civiles, elles violent le droit international humanitaire et sont constitutives de crimes de guerre\u00bb, poursuit Pauline Maufrais, appelant \u00e0 traduire les responsables en justice.<\/p>\n<p class=\"fig-paragraph\">D\u2019apr\u00e8s RSF, treize journalistes ont \u00e9t\u00e9 tu\u00e9s depuis 2022 parce qu\u2019ils couvraient l\u2019invasion russe, dont douze sur le territoire ukrainien. Dans son classement 2025 sur la libert\u00e9 de la presse, l\u2019Ukraine et la Russie figurent respectivement en 62e et 171e positions sur 180 pays.<\/p>\n<p>        08:21<br \/>\n                                    <img   class=\"fig-img fig-live-post__picto\" alt=\"picto\"\/><\/p>\n<p class=\"fig-live-post__title\" role=\"heading\" aria-level=\"3\">\u00abImaginer que Poutine r\u00e9ponde \u00e0 une \u00ab\u00a0convocation\u00a0\u00bb illustre une m\u00e9connaissance profonde des r\u00e9alit\u00e9s russes\u00bb<\/p>\n<p class=\"fig-paragraph\">La pr\u00e9sence du pr\u00e9sident russe aux premi\u00e8res n\u00e9gociations russo-ukrainiennes directes depuis 2022 \u00abn\u2019a jamais \u00e9t\u00e9 s\u00e9rieusement envisag\u00e9e \u00e0 Moscou\u00bb, analyse le sp\u00e9cialiste de la Russie Arnaud Dubien.<\/p>\n<p class=\"fig-paragraph\"><strong>LE FIGARO.- Poutine a propos\u00e9 le 11 mai \u00e0 Zelensky des n\u00e9gociations directes entre Kiev et Moscou. Mais alors que celles-ci se concr\u00e9tisent, il refuse d\u2019y participer. Pourquoi\u00a0?<\/strong><\/p>\n<p class=\"fig-paragraph\"><strong>Arnaud DUBIEN.-<\/strong>\u00a0La pr\u00e9sence de Vladimir Poutine \u00e0 Istanbul pour des pourparlers avec son homologue ukrainien n\u2019a jamais \u00e9t\u00e9 s\u00e9rieusement envisag\u00e9e \u00e0 Moscou (ni d\u2019ailleurs, je pense, par Volodymyr Zelensky et ses soutiens europ\u00e9ens). En proposant des pourparlers directs, le pr\u00e9sident russe souhaitait couper l\u2019herbe sous le pied de l\u2019Ukraine\u00a0: il savait que refuser de telles discussions serait pratiquement impossible, d\u2019autant que les Am\u00e9ricains en avaient fait un de leurs objectifs.<\/p>\n<p class=\"fig-paragraph\">Imaginer que Poutine, qui a syst\u00e9matiquement refus\u00e9 tout contact avec Zelensky depuis le sommet de Paris en d\u00e9cembre 2019, puisse se rendre \u00e0 une\u00a0\u00abconvocation\u00bb\u00a0&#8211;\u00a0<a href=\"http:\/\/www.lefigaro.fr\/international\/guerre-en-ukraine-quelles-nouvelles-sanctions-les-europeens-pourraient-ils-imposer-a-la-russie-20250514\" target=\"_blank\" data-fig-type=\"Article\" rel=\"noopener\" data-gtm-custom-categorie=\"navigation\" data-gtm-custom-action=\"crossclick\" data-gtm-custom-label=\"Contextuel\" data-gtm-event=\"customEventSPE\" data-fig-domain=\"LEFIGARO\">assortie de surcro\u00eet de menaces de sanctions europ\u00e9ennes<\/a>\u00a0s\u2019il n\u2019obtemp\u00e9rait pas \u2013 illustre une m\u00e9connaissance profonde des r\u00e9alit\u00e9s russes, des usages diplomatiques et, plus fondamentalement, des rapports de force actuels. Le seul cas de figure qui aurait pu faire changer le Kremlin d\u2019avis \u00e9tait la perspective d\u2019un entretien avec Trump, sans Zelensky. C\u2019est la seule chose qui int\u00e9resse Moscou.<\/p>\n<p class=\"fig-body-cta-link\" data-module=\"fig-cta-link\" data-context=\"was @visible\">\n    <a class=\"fig-body-cta-link__link\" href=\"https:\/\/www.lefigaro.fr\/international\/pourparlers-a-istanbul-imaginer-que-poutine-reponde-a-une-convocation-illustre-une-meconnaissance-profonde-des-realites-russes-20250516\" data-js-gtm=\"{&quot;event&quot;:&quot;customEventGA4&quot;,&quot;eventName&quot;:&quot;click_navigation&quot;,&quot;button_action&quot;:&quot;crossclick&quot;,&quot;feature&quot;:&quot;Contextuel_bouton&quot;,&quot;feature_details&quot;:&quot;ENTRETIEN AVEC ARNAUD DUBIEN&quot;,&quot;link_url&quot;:&quot;https:\\\/\\\/www.lefigaro.fr\\\/international\\\/pourparlers-a-istanbul-imaginer-que-poutine-reponde-a-une-convocation-illustre-une-meconnaissance-profonde-des-realites-russes-20250516&quot;}\" target=\"_blank\" rel=\"noopener\"><br \/>\n                ENTRETIEN AVEC ARNAUD DUBIEN<br \/>\n    <\/a>\n<\/p>\n<p>\n        08:09\n            <\/p>\n<p class=\"fig-live-post__title\" role=\"heading\" aria-level=\"3\">La r\u00e9union Ukraine-Russie-Turquie d\u00e9marrera \u00e0 11h30 \u00e0 Istanbul<\/p>\n<p class=\"fig-paragraph\">Ce vendredi, la r\u00e9union trilat\u00e9rale entre l\u2019Ukraine, la Russie et la Turquie commencera \u00e0 11h30 heure fran\u00e7aise (12h30 heure d\u2019Istanbul), selon plusieurs sources au sein du minist\u00e8re turc des Affaires \u00e9trang\u00e8res.<\/p>\n<p class=\"fig-body-link\">\n            \u00c0 lire aussi<br \/>\n        <a class=\"fig-body-link__link fig-premium-mark\" href=\"http:\/\/www.lefigaro.fr\/international\/trois-ans-apres-l-echec-des-negociations-en-turquie-vers-une-nouvelle-rencontre-poutine-zelensky-20250512\" data-fig-type=\"Article\" data-gtm-custom-categorie=\"navigation\" data-gtm-custom-action=\"crossclick\" data-gtm-custom-label=\"Contextuel\" data-gtm-event=\"customEventSPE\" data-fig-domain=\"LEFIGARO\" target=\"_blank\" rel=\"noopener\">Trois ans apr\u00e8s l\u2019\u00e9chec des n\u00e9gociations en Turquie, vers une nouvelle rencontre Poutine-Zelensky\u00a0?<br \/>\n    <\/a>\n<\/p>\n<p class=\"fig-paragraph\">Une autre r\u00e9union doit avoir lieu auparavant, \u00e0 partir de 9h45 heure fran\u00e7aise (10h45 heure locale), entre Ukrainiens, Turcs et Am\u00e9ricains dans le m\u00eame palais de Dolmabah\u00e7e \u00e0 Istanbul, d\u2019apr\u00e8s ces sources.<\/p>\n<p>        08:00<br \/>\n                                    <img   class=\"fig-img fig-live-post__picto\" alt=\"picto\"\/><\/p>\n<p class=\"fig-live-post__title\" role=\"heading\" aria-level=\"3\">\u00abJe souhaite que ces discussions puissent avancer aujourd\u2019hui, mais j\u2019ai peu d\u2019espoir\u00bb, d\u00e9clare Jean-No\u00ebl Barrot<\/p>\n<p class=\"fig-paragraph\">Invit\u00e9 ce vendredi matin sur le plateau de T\u00e9l\u00e9matin sur France 2, le ministre des Affaires \u00e9trang\u00e8res,\u00a0<a href=\"http:\/\/www.lefigaro.fr\/international\/jean-noel-barrot-condamne-de-maniere-tres-ferme-le-plan-israelien-prevoyant-la-conquete-de-gaza-20250506\" data-fig-type=\"NewsFlash\" data-gtm-custom-categorie=\"navigation\" data-gtm-custom-action=\"crossclick\" data-gtm-custom-label=\"Contextuel\" data-gtm-event=\"customEventSPE\" data-fig-domain=\"LEFIGARO\" target=\"_blank\" rel=\"noopener\">Jean-No\u00ebl Barrot<\/a>, s\u2019est exprim\u00e9 au sujet des pourparlers qui se tiendront en Turquie. \u00abJe souhaite que ces discussions puissent avancer aujourd\u2019hui, mais j\u2019ai peu d\u2019espoir\u00bb, a d\u00e9clar\u00e9 le chef de la diplomatie fran\u00e7aise, compte tenu de l\u2019absence de Vladimir Poutine. Aussi, \u00abon ne peut pas n\u00e9gocier sereinement sous les bombes\u00bb, a-t-il ajout\u00e9.<\/p>\n<p class=\"fig-body-link\">\n            \u00c0 lire aussi<br \/>\n        <a class=\"fig-body-link__link fig-premium-mark\" href=\"http:\/\/www.lefigaro.fr\/international\/guerre-en-ukraine-les-occidentaux-unis-pour-contraindre-la-russie-au-cessez-le-feu-20250511\" data-fig-type=\"Article\" data-gtm-custom-categorie=\"navigation\" data-gtm-custom-action=\"crossclick\" data-gtm-custom-label=\"Contextuel\" data-gtm-event=\"customEventSPE\" data-fig-domain=\"LEFIGARO\" target=\"_blank\" rel=\"noopener\">Guerre en Ukraine\u00a0: les Occidentaux unis pour contraindre la Russie au cessez-le-feu<br \/>\n    <\/a>\n<\/p>\n<p class=\"fig-paragraph\">Jean-No\u00ebl Barrot \u00e9tait pr\u00e9sent \u00abtoute la journ\u00e9e hier pour d\u00e9fendre le camp de la paix, c\u2019est-\u00e0-dire celui de l\u2019Ukraine\u00bb, a-t-il ajout\u00e9. Pour lui, il est important que la situation puisse avancer rapidement. \u00abJ\u2019appelle les Europ\u00e9ens \u00e0 b\u00e2tir des sanctions dissuasives si Vladimir Poutine continue \u00e0 faire de l\u2019antijeu et \u00e0 tra\u00eener les pieds\u00bb, a invit\u00e9 le ministre. Avant de poursuivre\u00a0: \u00abCe qui est clair, ce que nous esp\u00e9rions, c\u2019est que Vladimir Poutine ait pu accepter \u00e0 son tour d\u2019entrer dans la discussion. Il l\u2019a refus\u00e9, nous allons l\u2019y contraindre.\u00bb<\/p>\n<p class=\"fig-paragraph\">Le chef de la diplomatie a affirm\u00e9 que de lourdes sanctions ont \u00e9t\u00e9 mises en place depuis le d\u00e9but de la guerre, emp\u00eachant Vladimir Poutine \u00abde ne se saisir de l\u2019Ukraine comme il le souhaitait\u00bb. Mais d\u2019autres doivent \u00eatre adopt\u00e9es pour faire avancer le conflit. \u00abIl nous faut aller beaucoup plus loin\u00bb, a assur\u00e9 Jean-No\u00ebl Barrot, indiquant que le s\u00e9nateur am\u00e9ricain Lindsey Graham pr\u00e9voit \u00abdes droits de douane de 500% sur les importations de p\u00e9trole russe\u00bb.<\/p>\n<p>\n        07:32\n            <\/p>\n<p class=\"fig-live-post__title\" role=\"heading\" aria-level=\"3\">Pourquoi cette rencontre se tient en Turquie ?<\/p>\n<p class=\"fig-paragraph\">La Turquie, en tant que membre de l\u2019Otan, conserve un lien important avec les Occidentaux mais elle recherche \u00e9galement un \u00e9quilibre avec Moscou, notamment dans les domaines \u00e9nerg\u00e9tique et s\u00e9curitaire. Ce pays partage avec la Russie plusieurs projets gaziers, comme les gazoducs Blue Stream et Turkstream.<\/p>\n<p class=\"fig-paragraph\">Cependant, son pr\u00e9sident,\u00a0<a href=\"http:\/\/www.lefigaro.fr\/international\/boycotts-manifestations-lettres-ouvertes-en-turquie-cette-nouvelle-generation-qui-n-adhere-pas-au-narratif-d-erdogan-20250406\" data-fig-type=\"Article\" data-gtm-custom-categorie=\"navigation\" data-gtm-custom-action=\"crossclick\" data-gtm-custom-label=\"Contextuel\" data-gtm-event=\"customEventSPE\" data-fig-domain=\"LEFIGARO\" target=\"_blank\" rel=\"noopener\">Recep Tayyip Erdogan<\/a>, a plusieurs fois r\u00e9it\u00e9r\u00e9 son attachement \u00e0 l\u2019int\u00e9grit\u00e9 territoriale de l\u2019Ukraine. La Turquie avait accueilli des pourparlers directs entre Russes et Ukrainiens en mars 2022 mais sans aucun r\u00e9sultat, puis des discussions sous m\u00e9diation de l\u2019ONU sur la question des exportations de c\u00e9r\u00e9ales ukrainiennes via la mer Noire.<\/p>\n<p>\n        07:22\n            <\/p>\n<p class=\"fig-live-post__title\" role=\"heading\" aria-level=\"3\">\u00c0 quoi s\u2019attendre lors de ces discussions ?<\/p>\n<p class=\"fig-paragraph\">Le secr\u00e9taire d\u2019\u00c9tat am\u00e9ricain Marco Rubio a d\u00e9clar\u00e9 ce jeudi soir ne pas nourrir \u00abde grandes attentes\u00bb concernant la r\u00e9union, la repr\u00e9sentation russe n\u2019\u00e9tant \u00abpas au niveau que nous esp\u00e9rions\u00bb.<\/p>\n<p class=\"fig-paragraph\">Le conseiller diplomatique de Vladimir Poutine, Iouri Ouchakov, a d\u00e9clar\u00e9 mercredi s\u2019attendre \u00e0 des pourparlers centr\u00e9s sur des questions \u00abpolitiques\u00bb et \u00abtechniques\u00bb.<\/p>\n<p class=\"fig-body-link\">\n            \u00c0 lire aussi<br \/>\n        <a class=\"fig-body-link__link fig-premium-mark\" href=\"http:\/\/www.lefigaro.fr\/international\/guerre-en-ukraine-a-l-elysee-l-europe-tente-de-desolidariser-les-etats-unis-de-la-russie-20250417\" data-fig-type=\"Article\" data-gtm-custom-categorie=\"navigation\" data-gtm-custom-action=\"crossclick\" data-gtm-custom-label=\"Contextuel\" data-gtm-event=\"customEventSPE\" data-fig-domain=\"LEFIGARO\" target=\"_blank\" rel=\"noopener\">Guerre en Ukraine\u00a0: \u00e0 l\u2019\u00c9lys\u00e9e, l\u2019Europe tente de d\u00e9solidariser les \u00c9tats-Unis de la Russie<br \/>\n    <\/a>\n<\/p>\n<p class=\"fig-paragraph\"><a href=\"http:\/\/www.lefigaro.fr\/international\/combattants-chinois-en-ukraine-volodymyr-zelensky-appelle-a-une-reponse-de-l-occident-20250409\" data-fig-type=\"Article\" data-gtm-custom-categorie=\"navigation\" data-gtm-custom-action=\"crossclick\" data-gtm-custom-label=\"Contextuel\" data-gtm-event=\"customEventSPE\" data-fig-domain=\"LEFIGARO\" target=\"_blank\" rel=\"noopener\">Volodymyr Zelensky<\/a>\u00a0a quant \u00e0 lui qualifi\u00e9 jeudi de \u00abpure fa\u00e7ade\u00bb la d\u00e9l\u00e9gation russe avant d\u2019\u00eatre trait\u00e9 en retour de \u00abclown\u00bb par la diplomatie russe. Le pr\u00e9sident ukrainien a pr\u00e9cis\u00e9 que ses n\u00e9gociateurs auraient \u00abun mandat pour un cessez-le-feu\u00bb et le chef de la d\u00e9l\u00e9gation russe a pr\u00e9cis\u00e9 avoir \u00abtoutes les pr\u00e9rogatives\u00bb pour prendre des d\u00e9cisions. Il a aussi insist\u00e9 sur le fait que son pays consid\u00e9rait que les nouveaux pourparlers devaient s\u2019inscrire dans \u00abla suite\u00bb de premi\u00e8res n\u00e9gociations bilat\u00e9rales entre Russes et Ukrainiens au B\u00e9larus puis en Turquie en 2022, qui avaient \u00e9chou\u00e9.<\/p>\n<p>\n        07:13\n            <\/p>\n<p class=\"fig-live-post__title\" role=\"heading\" aria-level=\"3\">Quelle est la position des parties qui participent aux pourparlers ce vendredi ?<\/p>\n<p class=\"fig-paragraph\">Kiev, ses alli\u00e9s europ\u00e9ens et Washington d\u00e9sirent un cessez-le-feu total et inconditionnel de 30 jours avant de possibles n\u00e9gociations.<\/p>\n<p class=\"fig-paragraph\">Samedi,\u00a0<a href=\"http:\/\/www.lefigaro.fr\/international\/donald-trump-sous-l-influence-de-vladimir-poutine-un-historien-accuse-20250514\" data-fig-type=\"Article\" data-gtm-custom-categorie=\"navigation\" data-gtm-custom-action=\"crossclick\" data-gtm-custom-label=\"Contextuel\" data-gtm-event=\"customEventSPE\" data-fig-domain=\"LEFIGARO\" target=\"_blank\" rel=\"noopener\">Vladimir Poutine<\/a>\u00a0n\u2019a \u00abpas exclu\u00bb qu\u2019une tr\u00eave soit \u00e9voqu\u00e9e dans ces discussions mais a soulign\u00e9 que celles-ci devraient porter sur \u00ables causes profondes du conflit\u00bb. Le n\u00e9gociateur russe Vladimir Medinski a assur\u00e9 jeudi \u00eatre pr\u00eat \u00e0 de \u00abpossibles compromis\u00bb, sans les d\u00e9tailler.<\/p>\n<p class=\"fig-body-link\">\n            \u00c0 lire aussi<br \/>\n        <a class=\"fig-body-link__link fig-premium-mark\" href=\"http:\/\/www.lefigaro.fr\/international\/zelensky-met-poutine-au-defi-de-negocier-face-a-face-20250514\" data-fig-type=\"Article\" data-gtm-custom-categorie=\"navigation\" data-gtm-custom-action=\"crossclick\" data-gtm-custom-label=\"Contextuel\" data-gtm-event=\"customEventSPE\" data-fig-domain=\"LEFIGARO\" target=\"_blank\" rel=\"noopener\">Ukraine\u00a0: Poutine se d\u00e9robe au face \u00e0 face propos\u00e9 par Zelensky<br \/>\n    <\/a>\n<\/p>\n<p class=\"fig-paragraph\">Avant cela, la Russie s\u2019\u00e9tait montr\u00e9e r\u00e9ticente \u00e0 accepter un cessez-le-feu prolong\u00e9, estimant qu\u2019il permettrait \u00e0 Kiev de se renforcer en recevant des armes occidentales, alors que l\u2019arm\u00e9e russe a l\u2019avantage sur le front. Le Kremlin maintient depuis le d\u00e9but de l\u2019invasion des revendications maximalistes\u00a0: que l\u2019Ukraine renonce \u00e0 rejoindre l\u2019Otan, abandonne quatre de ses r\u00e9gions partiellement contr\u00f4l\u00e9es par la Russie, en plus de la Crim\u00e9e annex\u00e9e en 2014, et que cessent les livraisons d\u2019armes occidentales.<\/p>\n<p class=\"fig-paragraph\">Des exigences inacceptables pour l\u2019Ukraine, qui demande depuis des mois des \u00abgaranties de s\u00e9curit\u00e9\u00bb solides, via une adh\u00e9sion \u00e0 l\u2019Otan ou le d\u00e9ploiement d\u2019un contingent militaire europ\u00e9en, pour dissuader les Russes de l\u2019envahir \u00e0 nouveau.<\/p>\n<p>        07:02<br \/>\n                                    <img   class=\"fig-img fig-live-post__picto\" alt=\"picto\"\/><\/p>\n<p class=\"fig-live-post__title\" role=\"heading\" aria-level=\"3\">Le choix significatif de Vladimir Medinski, id\u00e9ologue du Kremlin, pour mener la d\u00e9l\u00e9gation russe \u00e0 Istanbul<\/p>\n<p class=\"fig-paragraph\">Refusant de se rendre aux\u00a0<a href=\"http:\/\/www.lefigaro.fr\/international\/guerre-en-ukraine-des-negociations-sur-le-point-de-s-ouvrir-a-istanbul-dans-l-incertitude-20250515\" target=\"_blank\" data-fig-type=\"Article\" rel=\"noopener\" data-gtm-custom-categorie=\"navigation\" data-gtm-custom-action=\"crossclick\" data-gtm-custom-label=\"Contextuel\" data-gtm-event=\"customEventSPE\" data-fig-domain=\"LEFIGARO\">pourparlers de paix russo-ukrainiens<\/a>\u00a0organis\u00e9s \u00e0 Istanbul, Vladimir Poutine se fait repr\u00e9senter par un quatuor d\u2019\u00e9missaires. Une \u00e9quipe de n\u00e9gociateurs,\u00a0<a href=\"https:\/\/www.lefigaro.fr\/international\/ukraine-russie-guerre-en-direct-poutine-trump-zelensky-turquie-istanbul-pourparlers-paix-20250515\" target=\"_blank\" data-fig-type=\"Live\" rel=\"noopener\" data-gtm-custom-categorie=\"navigation\" data-gtm-custom-action=\"crossclick\" data-gtm-custom-label=\"Contextuel\" data-gtm-event=\"customEventSPE\" data-fig-domain=\"LEFIGARO\">qualifi\u00e9e de\u00a0\u00abpure fa\u00e7ade\u00bb<\/a> par Volodymyr Zelensky, qui esp\u00e9rait la pr\u00e9sence de son rival \u00e0 la table des n\u00e9gociations. Face \u00e0 ce qu\u2019il a jug\u00e9 comme un affront, le pr\u00e9sident ukrainien a d\u00e9cid\u00e9 de snober lui aussi ce rendez-vous. La d\u00e9l\u00e9gation russe, compos\u00e9e d\u2019un vice-ministre des affaires \u00e9trang\u00e8res, d\u2019un vice-ministre de la D\u00e9fense et du chef du service de renseignement militaire russe, est men\u00e9e par un fid\u00e8le parmi les fid\u00e8les du Kremlin, Vladimir Medinski. Il avait d\u00e9j\u00e0 dirig\u00e9\u00a0<a href=\"https:\/\/www.lefigaro.fr\/vox\/monde\/renaud-girard-le-recentrage-diplomatique-de-la-turquie-20220404\" target=\"_blank\" data-fig-type=\"Article\" rel=\"noopener\" data-gtm-custom-categorie=\"navigation\" data-gtm-custom-action=\"crossclick\" data-gtm-custom-label=\"Contextuel\" data-gtm-event=\"customEventSPE\" data-fig-domain=\"LEFIGARO\">les premi\u00e8res tentatives de n\u00e9gociations \u00e0 Istanbul<\/a>\u00a0entre la Russie et l\u2019Ukraine en mars 2022, apr\u00e8s un mois de guerre.<\/p>\n<p class=\"fig-body-cta-link\" data-module=\"fig-cta-link\" data-context=\"was @visible\">\n    <a class=\"fig-body-cta-link__link\" href=\"https:\/\/www.lefigaro.fr\/international\/le-choix-significatif-de-vladimir-medinski-ideologue-du-kremlin-pour-mener-la-delegation-russe-a-istanbul-20250515\" data-js-gtm=\"{&quot;event&quot;:&quot;customEventGA4&quot;,&quot;eventName&quot;:&quot;click_navigation&quot;,&quot;button_action&quot;:&quot;crossclick&quot;,&quot;feature&quot;:&quot;Contextuel_bouton&quot;,&quot;feature_details&quot;:&quot;LE CHOIX DE VLADIMIR MEDINSKI&quot;,&quot;link_url&quot;:&quot;https:\\\/\\\/www.lefigaro.fr\\\/international\\\/le-choix-significatif-de-vladimir-medinski-ideologue-du-kremlin-pour-mener-la-delegation-russe-a-istanbul-20250515&quot;}\" target=\"_blank\" rel=\"noopener\"><br \/>\n                LE CHOIX DE VLADIMIR MEDINSKI<br \/>\n    <\/a>\n<\/p>\n<p>\n        06:52\n            <\/p>\n<p class=\"fig-live-post__title\" role=\"heading\" aria-level=\"3\">Poutine doit \u00abpayer le prix de son refus de la paix\u00bb, menace Starmer<\/p>\n<p class=\"fig-paragraph\">Le premier ministre britannique\u00a0<a href=\"http:\/\/www.lefigaro.fr\/international\/sous-pression-sur-l-immigration-keir-starmer-promet-de-reprendre-le-controle-des-frontieres-britanniques-20250512\" data-fig-type=\"Article\" data-gtm-custom-categorie=\"navigation\" data-gtm-custom-action=\"crossclick\" data-gtm-custom-label=\"Contextuel\" data-gtm-event=\"customEventSPE\" data-fig-domain=\"LEFIGARO\" target=\"_blank\" rel=\"noopener\">Keir Starmer<\/a>\u00a0a affirm\u00e9 que le pr\u00e9sident russe Vladimir Poutine devait \u00abpayer le prix de son refus de la paix\u00bb avec l\u2019Ukraine, avant un sommet de la Communaut\u00e9 politique europ\u00e9enne (CPE) ce vendredi en Albanie.<\/p>\n<p class=\"fig-paragraph\">\u00abLes tactiques de Poutine consistant \u00e0 tergiverser et \u00e0 retarder les choses, tout en continuant \u00e0 tuer et \u00e0 provoquer des effusions de sang \u00e0 travers l\u2019Ukraine, sont intol\u00e9rables\u00bb, a d\u00e9clar\u00e9 Keir Starmer dans un communiqu\u00e9 en amont de ce sommet, qui r\u00e9unit \u00e0 Tirana les membres de l\u2019Union europ\u00e9enne et 20 autres pays du continent. Il se tient \u00e9galement au moment o\u00f9 des pourparlers doivent avoir lieu \u00e0 Istanbul en Turquie entre des repr\u00e9sentants russes et ukrainiens.<\/p>\n<p class=\"fig-body-link\">\n            \u00c0 lire aussi<br \/>\n        <a class=\"fig-body-link__link fig-premium-mark\" href=\"http:\/\/www.lefigaro.fr\/international\/guerre-en-ukraine-le-royaume-uni-veut-etre-un-pont-entre-les-etats-unis-et-l-europe-20250225\" data-fig-type=\"Article\" data-gtm-custom-categorie=\"navigation\" data-gtm-custom-action=\"crossclick\" data-gtm-custom-label=\"Contextuel\" data-gtm-event=\"customEventSPE\" data-fig-domain=\"LEFIGARO\" target=\"_blank\" rel=\"noopener\">Guerre en Ukraine\u00a0: le Royaume-Uni veut \u00eatre un pont entre les \u00c9tats-Unis et l\u2019Europe<br \/>\n    <\/a>\n<\/p>\n<p class=\"fig-paragraph\">\u00c0 Tirana, o\u00f9 Volodymyr Zelensky sera pr\u00e9sent selon Paris, les alli\u00e9s de Kiev discuteront de la mani\u00e8re d\u2019\u00abaccro\u00eetre la pression sur le Kremlin (&#8230;) apr\u00e8s que le pr\u00e9sident russe a esquiv\u00e9 les pourparlers de paix organis\u00e9s par les \u00c9tats-Unis\u00bb, selon\u00a0<a href=\"http:\/\/www.lefigaro.fr\/international\/la-serie-adolescence-qui-fait-un-carton-sur-netflix-s-invite-a-downing-street-et-dans-les-ecoles-britanniques-20250331\" data-fig-type=\"Article\" data-gtm-custom-categorie=\"navigation\" data-gtm-custom-action=\"crossclick\" data-gtm-custom-label=\"Contextuel\" data-gtm-event=\"customEventSPE\" data-fig-domain=\"LEFIGARO\" target=\"_blank\" rel=\"noopener\">Downing Street<\/a>. \u00abUn cessez-le-feu total et inconditionnel doit \u00eatre conclu et si la Russie ne veut pas venir \u00e0 la table des n\u00e9gociations, alors Poutine devra en payer le prix\u00bb, a insist\u00e9 Keir Starmer.<\/p>\n<p class=\"fig-paragraph\">Londres \u00e9voque notamment une \u00abvaste campagne de sanctions\u00bb, visant le secteur \u00e9nerg\u00e9tique russe \u00abdans les semaines \u00e0 venir\u00bb si Moscou n\u2019accepte pas un cessez-le-feu. Une menace \u00e9galement brandie par la France. Ces derniers jours, l\u2019Union europ\u00e9enne et le Royaume-Uni ont \u00e9tendu leurs\u00a0<a href=\"http:\/\/www.lefigaro.fr\/international\/guerre-en-ukraine-quelles-nouvelles-sanctions-les-europeens-pourraient-ils-imposer-a-la-russie-20250514\" data-fig-type=\"Article\" data-gtm-custom-categorie=\"navigation\" data-gtm-custom-action=\"crossclick\" data-gtm-custom-label=\"Contextuel\" data-gtm-event=\"customEventSPE\" data-fig-domain=\"LEFIGARO\" target=\"_blank\" rel=\"noopener\">sanctions\u00a0<\/a>contre les p\u00e9troliers de la \u00abflotte fant\u00f4me\u00bb utilis\u00e9e par la Russie pour exporter ses hydrocarbures en contournant les sanctions d\u00e9j\u00e0 existantes.<\/p>\n<p>\n        06:46\n            <\/p>\n<p class=\"fig-live-post__title\" role=\"heading\" aria-level=\"3\">Russes et Ukrainiens \u00e0 Istanbul pour de possibles pourparlers sous m\u00e9diation turque<\/p>\n<p class=\"fig-paragraph\">Moscou et Kiev doivent tenir ce vendredi \u00e0 Istanbul de premi\u00e8res n\u00e9gociations directes sur la guerre en Ukraine depuis le printemps 2022, mais en l\u2019absence de\u00a0<a href=\"http:\/\/www.lefigaro.fr\/international\/guerre-en-ukraine-vladimir-poutine-absent-de-la-delegation-russe-en-vue-des-pourparlers-a-istanbul-20250514\" data-fig-type=\"NewsFlash\" data-gtm-custom-categorie=\"navigation\" data-gtm-custom-action=\"crossclick\" data-gtm-custom-label=\"Contextuel\" data-gtm-event=\"customEventSPE\" data-fig-domain=\"LEFIGARO\" target=\"_blank\" rel=\"noopener\">Vladimir Poutine<\/a>, les espoirs de progr\u00e8s sont jug\u00e9s minces. Le secr\u00e9taire d\u2019\u00c9tat am\u00e9ricain\u00a0<a href=\"http:\/\/www.lefigaro.fr\/international\/marco-rubio-secretaire-de-tout-et-couteau-suisse-de-donald-trump-20250505\" data-fig-type=\"Article\" data-gtm-custom-categorie=\"navigation\" data-gtm-custom-action=\"crossclick\" data-gtm-custom-label=\"Contextuel\" data-gtm-event=\"customEventSPE\" data-fig-domain=\"LEFIGARO\" target=\"_blank\" rel=\"noopener\">Marco Rubio<\/a>\u00a0a d\u00e9clar\u00e9 jeudi soir ne pas nourrir \u00abde grandes attentes\u00bb concernant la r\u00e9union, reconnaissant que la repr\u00e9sentation russe n\u2019est \u00abpas au niveau que nous esp\u00e9rions\u00bb.<\/p>\n<p class=\"fig-paragraph\"><a href=\"http:\/\/www.lefigaro.fr\/international\/les-bonnes-affaires-de-donald-trump-au-moyen-orient-20250515\" data-fig-type=\"Article\" data-gtm-custom-categorie=\"navigation\" data-gtm-custom-action=\"crossclick\" data-gtm-custom-label=\"Contextuel\" data-gtm-event=\"customEventSPE\" data-fig-domain=\"LEFIGARO\" target=\"_blank\" rel=\"noopener\">Donald Trump<\/a>, qui s\u2019\u00e9tait dit pr\u00eat \u00e0 se rendre \u00e0 Istanbul si le dirigeant russe en faisait autant, a lui estim\u00e9 que \u00abrien ne se passera (&#8230;) tant que [Vladimir Poutine] et moi ne serons pas ensemble\u00bb. Le pr\u00e9sident ukrainien\u00a0<a href=\"http:\/\/www.lefigaro.fr\/vox\/monde\/l-editorial-de-philippe-gelie-entre-poutine-et-zelensky-un-concours-de-beaute-20250514\" data-fig-type=\"Article\" data-gtm-custom-categorie=\"navigation\" data-gtm-custom-action=\"crossclick\" data-gtm-custom-label=\"Contextuel\" data-gtm-event=\"customEventSPE\" data-fig-domain=\"LEFIGARO\" target=\"_blank\" rel=\"noopener\">Volodymyr Zelensky<\/a>, qui avait lui aussi dit vouloir rencontrer Vladimir Poutine \u00e0 Istanbul, a accus\u00e9 Moscou de ne pas prendre \u00abau s\u00e9rieux\u00bb ces pourparlers.<\/p>\n<p class=\"fig-paragraph\">La d\u00e9l\u00e9gation russe est emmen\u00e9e par un conseiller de second plan de Vladimir Poutine, Vladimir Medinski, ex-ministre de la Culture, et comprend \u00e9galement les vice-ministres des Affaires \u00e9trang\u00e8res et de la D\u00e9fense, ainsi que des repr\u00e9sentants de l\u2019arm\u00e9e. Vladimir Poutine avait propos\u00e9 des n\u00e9gociations directes entre les deux pays. Mais, mis au d\u00e9fi par Volodymyr Zelensky de se rendre en personne \u00e0 Istanbul pour n\u00e9gocier avec lui, le pr\u00e9sident russe n\u2019a pas fait le d\u00e9placement.<\/p>\n<p class=\"fig-body-link\">\n            \u00c0 lire aussi<br \/>\n        <a class=\"fig-body-link__link fig-premium-mark\" href=\"http:\/\/www.lefigaro.fr\/international\/guerre-en-ukraine-des-negociations-sur-le-point-de-s-ouvrir-a-istanbul-dans-l-incertitude-20250515\" data-fig-type=\"Article\" data-gtm-custom-categorie=\"navigation\" data-gtm-custom-action=\"crossclick\" data-gtm-custom-label=\"Contextuel\" data-gtm-event=\"customEventSPE\" data-fig-domain=\"LEFIGARO\" target=\"_blank\" rel=\"noopener\">Guerre en Ukraine: des n\u00e9gociations sur le point de s\u2019ouvrir \u00e0 Istanbul, dans l\u2019incertitude<br \/>\n    <\/a>\n<\/p>\n<p class=\"fig-paragraph\">Dans ce contexte, Volodymyr Zelensky, qui est en Turquie, a d\u00e9l\u00e9gu\u00e9 pour les discussions son ministre de la D\u00e9fense Roustem Oumerov et un vice-ministre des Affaires \u00e9trang\u00e8res, qui \u00abauront un mandat pour un cessez-le-feu\u00bb. Donald Trump, qui pousse les bellig\u00e9rants \u00e0 conclure la paix au plus vite, a r\u00e9p\u00e9t\u00e9 jeudi qu\u2019il pourrait se rendre \u00abvendredi\u00bb en Turquie en cas de progr\u00e8s dans les discussions.<\/p>\n<p class=\"fig-paragraph\">Jeudi soir, une source au minist\u00e8re turc des Affaires \u00e9trang\u00e8res a annonc\u00e9 l\u2019organisation de rencontres au format trilat\u00e9ral. \u00abDes n\u00e9gociations trilat\u00e9rales entre les \u00c9tats-Unis, l\u2019Ukraine, la Turquie\u00bb, d\u2019une part, et entre \u00abla F\u00e9d\u00e9ration de Russie, l\u2019Ukraine et la Turquie\u00bb auront lieu \u00e0 la place des pourparlers en t\u00eate \u00e0 t\u00eate entre Russes et Ukrainiens, a affirm\u00e9 cette source.<\/p>\n<p>\n        06:43\n            <\/p>\n<p class=\"fig-live-post__title\" role=\"heading\" aria-level=\"3\">Bienvenue dans ce direct<\/p>\n<p class=\"fig-paragraph\">Bonjour \u00e0 tous et bienvenue dans ce direct consacr\u00e9 \u00e0 la\u00a0<a href=\"http:\/\/www.lefigaro.fr\/international\/dossier\/guerre-en-ukraine-les-reportages-du-figaro\" data-fig-type=\"Topic\" data-gtm-custom-categorie=\"navigation\" data-gtm-custom-action=\"crossclick\" data-gtm-custom-label=\"Contextuel\" data-gtm-event=\"customEventSPE\" data-fig-domain=\"LEFIGARO\" target=\"_blank\" rel=\"noopener\">guerre en Ukraine<\/a>. Des r\u00e9unions trilat\u00e9rales auront lieu ce vendredi \u00e0 Istanbul entre Turcs, Ukrainiens et Russes d\u2019une part, et Turcs, Am\u00e9ricains et Ukrainiens de l\u2019autre.<\/p>\n<p>                Les publications appara\u00eetront ici<\/p>\n<p>        Fermer<\/p>\n","protected":false},"excerpt":{"rendered":"Samedi 17 mai 07:12 Ce live est d\u00e9sormais termin\u00e9 Retrouvez toute l\u2019actualit\u00e9 li\u00e9e \u00e0 la guerre en Ukraine&hellip;\n","protected":false},"author":2,"featured_media":197082,"comment_status":"","ping_status":"","sticky":false,"template":"","format":"standard","meta":{"footnotes":""},"categories":[1590],"tags":[259,11,260,1777,674,131,14,261,12,262,132,220,135,134],"class_list":{"0":"post-197081","1":"post","2":"type-post","3":"status-publish","4":"format-standard","5":"has-post-thumbnail","7":"category-ukraine","8":"tag-actualite-internationale","9":"tag-actualites","10":"tag-affaires-etrangeres","11":"tag-eu","12":"tag-europe","13":"tag-guerre-en-ukraine","14":"tag-international","15":"tag-ministere-des-affaires-etrangeres","16":"tag-news","17":"tag-politique-etrangere","18":"tag-russie","19":"tag-ukraine","20":"tag-vladimir-poutine","21":"tag-volodymyr-zelensky"},"share_on_mastodon":{"url":"https:\/\/pubeurope.com\/@fr\/114730134653950914","error":""},"_links":{"self":[{"href":"https:\/\/www.europesays.com\/fr\/wp-json\/wp\/v2\/posts\/197081","targetHints":{"allow":["GET"]}}],"collection":[{"href":"https:\/\/www.europesays.com\/fr\/wp-json\/wp\/v2\/posts"}],"about":[{"href":"https:\/\/www.europesays.com\/fr\/wp-json\/wp\/v2\/types\/post"}],"author":[{"embeddable":true,"href":"https:\/\/www.europesays.com\/fr\/wp-json\/wp\/v2\/users\/2"}],"replies":[{"embeddable":true,"href":"https:\/\/www.europesays.com\/fr\/wp-json\/wp\/v2\/comments?post=197081"}],"version-history":[{"count":0,"href":"https:\/\/www.europesays.com\/fr\/wp-json\/wp\/v2\/posts\/197081\/revisions"}],"wp:featuredmedia":[{"embeddable":true,"href":"https:\/\/www.europesays.com\/fr\/wp-json\/wp\/v2\/media\/197082"}],"wp:attachment":[{"href":"https:\/\/www.europesays.com\/fr\/wp-json\/wp\/v2\/media?parent=197081"}],"wp:term":[{"taxonomy":"category","embeddable":true,"href":"https:\/\/www.europesays.com\/fr\/wp-json\/wp\/v2\/categories?post=197081"},{"taxonomy":"post_tag","embeddable":true,"href":"https:\/\/www.europesays.com\/fr\/wp-json\/wp\/v2\/tags?post=197081"}],"curies":[{"name":"wp","href":"https:\/\/api.w.org\/{rel}","templated":true}]}}