{"id":197083,"date":"2025-06-23T01:41:10","date_gmt":"2025-06-23T01:41:10","guid":{"rendered":"https:\/\/www.europesays.com\/fr\/197083\/"},"modified":"2025-06-23T01:41:10","modified_gmt":"2025-06-23T01:41:10","slug":"walid-sadi-aux-usa-pour-le-congres-de-la-fifa","status":"publish","type":"post","link":"https:\/\/www.europesays.com\/fr\/197083\/","title":{"rendered":"Walid Sadi aux USA pour le Congr\u00e8s de la FIFA"},"content":{"rendered":"<p style=\"text-align: justify;\"><strong>Le pr\u00e9sident de la F\u00e9d\u00e9ration alg\u00e9rienne de football (FAF), Walid Sadi, rejoindra ce dimanche les \u00c9tats-Unis, en compagnie du secr\u00e9taire g\u00e9n\u00e9ral, Nadir Bouzened, o\u00f9 ils doivent participer au sommet de la F\u00e9d\u00e9ration internationale de football (FIFA).<\/strong><\/p>\n<p style=\"text-align: justify;\">Au programme de ce sommet de l\u2019instance f\u00e9d\u00e9rale internationale figurent, entre autres, les nouvelles r\u00e9glementations et les innovations technologiques, ainsi que l\u2019organisation de la prochaine \u00e9dition de la <strong>Coupe du monde 2026<\/strong> qui sera organis\u00e9e conjointement par les <strong>\u00c9tats-Unis<\/strong>, le <strong>Canada<\/strong> et le <strong>Mexique<\/strong>.<\/p>\n<p style=\"text-align: justify;\">Quant \u00e0 la pr\u00e9sence du pr\u00e9sident et du secr\u00e9taire g\u00e9n\u00e9ral de la <strong>FAF<\/strong>, c\u2019est l\u2019occasion, entre autres, de renforcer la pr\u00e9sence de l\u2019<strong>Alg\u00e9rie<\/strong> sur la sc\u00e8ne internationale, ainsi que de renforcer ses partenariats avec d\u2019autres f\u00e9d\u00e9rations.<\/p>\n<p style=\"text-align: justify;\">Enfin, \u00e0 noter que le pr\u00e9sident de la <strong>FAF<\/strong> sera de retour au pays mercredi prochain.<\/p>\n<p><strong>LIRE EGALEMENT<\/strong> : <strong><a href=\"https:\/\/lagazettedufennec.com\/al-ahli-un-changement-dentraineur-en-vue-pour-mahrez\/\" target=\"_blank\" rel=\"noopener\">Al-Ahli : un changement d\u2019entra\u00eeneur en vue pour Mahrez ?<\/a><\/strong><\/p>\n","protected":false},"excerpt":{"rendered":"Le pr\u00e9sident de la F\u00e9d\u00e9ration alg\u00e9rienne de football (FAF), Walid Sadi, rejoindra ce dimanche les \u00c9tats-Unis, en compagnie&hellip;\n","protected":false},"author":2,"featured_media":197084,"comment_status":"","ping_status":"","sticky":false,"template":"","format":"standard","meta":{"footnotes":""},"categories":[1589],"tags":[11,33679,73,1866,2269,12,33680,33681,1864,1865,1863,308,33682],"class_list":{"0":"post-197083","1":"post","2":"type-post","3":"status-publish","4":"format-standard","5":"has-post-thumbnail","7":"category-etats-unis","8":"tag-actualites","9":"tag-algu00e9rie-fifa","10":"tag-etats-unis","11":"tag-etats-unis-damerique","12":"tag-fifa","13":"tag-news","14":"tag-sadi","15":"tag-sadi-fifa","16":"tag-united-states","17":"tag-united-states-of-america","18":"tag-us","19":"tag-usa","20":"tag-walid-sadi"},"share_on_mastodon":{"url":"https:\/\/pubeurope.com\/@fr\/114730139204799296","error":""},"_links":{"self":[{"href":"https:\/\/www.europesays.com\/fr\/wp-json\/wp\/v2\/posts\/197083","targetHints":{"allow":["GET"]}}],"collection":[{"href":"https:\/\/www.europesays.com\/fr\/wp-json\/wp\/v2\/posts"}],"about":[{"href":"https:\/\/www.europesays.com\/fr\/wp-json\/wp\/v2\/types\/post"}],"author":[{"embeddable":true,"href":"https:\/\/www.europesays.com\/fr\/wp-json\/wp\/v2\/users\/2"}],"replies":[{"embeddable":true,"href":"https:\/\/www.europesays.com\/fr\/wp-json\/wp\/v2\/comments?post=197083"}],"version-history":[{"count":0,"href":"https:\/\/www.europesays.com\/fr\/wp-json\/wp\/v2\/posts\/197083\/revisions"}],"wp:featuredmedia":[{"embeddable":true,"href":"https:\/\/www.europesays.com\/fr\/wp-json\/wp\/v2\/media\/197084"}],"wp:attachment":[{"href":"https:\/\/www.europesays.com\/fr\/wp-json\/wp\/v2\/media?parent=197083"}],"wp:term":[{"taxonomy":"category","embeddable":true,"href":"https:\/\/www.europesays.com\/fr\/wp-json\/wp\/v2\/categories?post=197083"},{"taxonomy":"post_tag","embeddable":true,"href":"https:\/\/www.europesays.com\/fr\/wp-json\/wp\/v2\/tags?post=197083"}],"curies":[{"name":"wp","href":"https:\/\/api.w.org\/{rel}","templated":true}]}}