{"id":197087,"date":"2025-06-23T01:43:07","date_gmt":"2025-06-23T01:43:07","guid":{"rendered":"https:\/\/www.europesays.com\/fr\/197087\/"},"modified":"2025-06-23T01:43:07","modified_gmt":"2025-06-23T01:43:07","slug":"lallemagne-ecarte-litalie-au-terme-dun-match-fou-et-rejoint-la-france-en-demi-finales-de-leuro-espoirs-lequipe","status":"publish","type":"post","link":"https:\/\/www.europesays.com\/fr\/197087\/","title":{"rendered":"L&#039;Allemagne \u00e9carte l&#039;Italie au terme d&#039;un match fou et rejoint la France en demi-finales de l&#039;Euro Espoirs &#8211; L&#039;\u00c9quipe"},"content":{"rendered":"<ol>\n<li><a href=\"https:\/\/news.google.com\/rss\/articles\/CBMi7gFBVV95cUxNMzlwTHIzZlpXWWktQ0piaU9BTnpNU0dVb3BPWVV4b0UydzZGREY2MWtzVWtLMWpXaEtXeDc1aGMzOGVaMDBjOVFzOGNkd2JfTGIzNURXNW1rcGNOWkx1djZiWW9tS3hKYlNnOVRETGIyLWRIS0UwbGtRNFpWcVpxUzIyRGhibGJSQXVsS0NkeEswc19IUkVwX0xwRGJqVVA5REEzbTVpRWFCbmNJLXBoM1ZKdFAxTjVIVnd6em43VUFZdXJSRng4MXBvZXhuQ2t3eU93NGYzOVJvN2VzQUZaQ0Q3OGtxcG5QZ1FJYlhn?oc=5\" target=\"_blank\" rel=\"nofollow noopener\">L&rsquo;Allemagne \u00e9carte l&rsquo;Italie au terme d&rsquo;un match fou et rejoint la France en demi-finales de l&rsquo;Euro Espoirs<\/a>&nbsp;&nbsp;L&rsquo;\u00c9quipe<\/li>\n<li><a href=\"https:\/\/news.google.com\/rss\/articles\/CBMic0FVX3lxTE96cDBBWlJ2RDZIZGRiV184NnBLc3FjT2NOWklkc0FJejVodjBvYnM4MC1SaFZQMlhLdV9rWENaYmI2RzFreXprUnpRcUZLWHdScEhuNmg3bGxacGVDVXZkYVJfanpPeGZ5ZlJ0cjNSUzlHVWM?oc=5\" target=\"_blank\" rel=\"nofollow noopener\">Allemagne \/ Italie<\/a>&nbsp;&nbsp;CANAL+<\/li>\n<li><a href=\"https:\/\/news.google.com\/rss\/articles\/CBMiigFBVV95cUxPOHNnckVLNkhQVXE2YTdXdHhvSnRxNmlENXI4Wk04dnJtdmNUcmpDSFB4YW9uODBmNS1VT2pKUEhKLW1mOEFGZVh1WnhwY1Y3WmpjeXU0Y0FaQm92T0poNmZUWTFtb3NON3pvWUcyZjlSSE9JbTcweUUtZjFFZVdCYlFfTlVycllIRkE?oc=5\" target=\"_blank\" rel=\"nofollow noopener\">R\u00e9sultat Allemagne U21 &#8211; Italie U21 (3-2) Quarts de finale de Euro U21 2025 Slovakia 22\/06<\/a>&nbsp;&nbsp;Foot Mercato<\/li>\n<li><a href=\"https:\/\/news.google.com\/rss\/articles\/CBMiqgFBVV95cUxPRzlqd0xPMmhXODFnNUkyMTVIX1BBT3YwZDV3V1l6Wkl4ZXZfN0J5Z1dBekV6cGd5NkRLTVRDX2owWDRfcWhralpfa0w5ZkNMY3NxS1poa3hLbzdfYlJ3aHFaM0loUzc3QnJlNWpQbWMyVFFWcWRlQlNZTnV5Rk1qWnVwQXVmYi1hXzZlZFdpOWY3S241cGotOFlxS2RsQ19Hc1BzNkUyNnA5UQ?oc=5\" target=\"_blank\" rel=\"nofollow noopener\">Allemagne Espoirs &#8211; Italie Espoirs en direct &#8211; Euro Espoirs : Football Scores &amp; R\u00e9sultats &#8211; 22\/06\/2025<\/a>&nbsp;&nbsp;Eurosport<\/li>\n<li><a href=\"https:\/\/news.google.com\/rss\/articles\/CBMi0AFBVV95cUxNNlh1R19hYUdINW5nVnoyN1RGQTZXYnlMejVxNXNUY3RYN2xqV29VWUVkTXd2NERWQ2Jrc0ctSk5BMTU3RWl6bjA3dTNxUFJwXy1uRjRRM18zZUVlV2t0aC1qbnlFR0lrM2FuWTZVSzJfR25pSVphY2NaRmMwZmplNGxpZ0tCUW0tNWFBd2VqZWhIVTJSV1pyb3VWY2NnV0hvYXdpQ2x2ekZ5czFrck5JMnlEX2xTa0tfN0gzQTllc1gtLW9hb0s1eF85cWFZdUhJ?oc=5\" target=\"_blank\" rel=\"nofollow noopener\">Euro Espoirs : R\u00e9duite \u00e0 9, l&rsquo;Italie s&rsquo;\u00e9croule face \u00e0 l&rsquo;Allemagne !<\/a>&nbsp;&nbsp;Orange Actualit\u00e9s | Sports<\/li>\n<\/ol>\n","protected":false},"excerpt":{"rendered":"L&rsquo;Allemagne \u00e9carte l&rsquo;Italie au terme d&rsquo;un match fou et rejoint la France en demi-finales de l&rsquo;Euro Espoirs&nbsp;&nbsp;L&rsquo;\u00c9quipe Allemagne&hellip;\n","protected":false},"author":2,"featured_media":197088,"comment_status":"","ping_status":"","sticky":false,"template":"","format":"standard","meta":{"footnotes":""},"categories":[1587],"tags":[11,672,1804,1805,1803,1777,674,1801,12,1802],"class_list":{"0":"post-197087","1":"post","2":"type-post","3":"status-publish","4":"format-standard","5":"has-post-thumbnail","7":"category-allemagne","8":"tag-actualites","9":"tag-allemagne","10":"tag-bundesrepublik-deutschland","11":"tag-de","12":"tag-deutschland","13":"tag-eu","14":"tag-europe","15":"tag-germany","16":"tag-news","17":"tag-republique-federale-dallemagne"},"share_on_mastodon":{"url":"","error":""},"_links":{"self":[{"href":"https:\/\/www.europesays.com\/fr\/wp-json\/wp\/v2\/posts\/197087","targetHints":{"allow":["GET"]}}],"collection":[{"href":"https:\/\/www.europesays.com\/fr\/wp-json\/wp\/v2\/posts"}],"about":[{"href":"https:\/\/www.europesays.com\/fr\/wp-json\/wp\/v2\/types\/post"}],"author":[{"embeddable":true,"href":"https:\/\/www.europesays.com\/fr\/wp-json\/wp\/v2\/users\/2"}],"replies":[{"embeddable":true,"href":"https:\/\/www.europesays.com\/fr\/wp-json\/wp\/v2\/comments?post=197087"}],"version-history":[{"count":0,"href":"https:\/\/www.europesays.com\/fr\/wp-json\/wp\/v2\/posts\/197087\/revisions"}],"wp:featuredmedia":[{"embeddable":true,"href":"https:\/\/www.europesays.com\/fr\/wp-json\/wp\/v2\/media\/197088"}],"wp:attachment":[{"href":"https:\/\/www.europesays.com\/fr\/wp-json\/wp\/v2\/media?parent=197087"}],"wp:term":[{"taxonomy":"category","embeddable":true,"href":"https:\/\/www.europesays.com\/fr\/wp-json\/wp\/v2\/categories?post=197087"},{"taxonomy":"post_tag","embeddable":true,"href":"https:\/\/www.europesays.com\/fr\/wp-json\/wp\/v2\/tags?post=197087"}],"curies":[{"name":"wp","href":"https:\/\/api.w.org\/{rel}","templated":true}]}}