{"id":19709,"date":"2025-04-12T11:35:14","date_gmt":"2025-04-12T11:35:14","guid":{"rendered":"https:\/\/www.europesays.com\/fr\/19709\/"},"modified":"2025-04-12T11:35:14","modified_gmt":"2025-04-12T11:35:14","slug":"voici-jusqua-quand-declarer-vos-revenus-en-ligne","status":"publish","type":"post","link":"https:\/\/www.europesays.com\/fr\/19709\/","title":{"rendered":"voici jusqu&rsquo;\u00e0 quand d\u00e9clarer vos revenus en ligne"},"content":{"rendered":"<p>            Par<br \/>\n        <strong><br \/>\n            <a href=\"https:\/\/actu.fr\/auteur\/ludivine-caporal\" title=\"Consulter tous les articles de Ludivine Caporal\" target=\"_blank\" rel=\"noopener\">Ludivine Caporal<\/a><br \/>\n        <\/strong><\/p>\n<p>        Publi\u00e9 le<\/p>\n<p>            12 avr. 2025 \u00e0 6h12        <\/p>\n<p>La campagne de d\u00e9claration de l\u2019imp\u00f4t sur le revenu est lanc\u00e9e. Le service de d\u00e9claration en ligne s\u2019est ouvert ce jeudi 10\u00a0avril 2025 et le restera plusieurs semaines.<\/p>\n<p class=\" wall-content\">Mais comme chaque ann\u00e9e, des dates limites sont fix\u00e9es <a href=\"https:\/\/actu.fr\/economie\/carte-impots-2025-voici-les-dates-limites-pour-declarer-vos-revenus-departement-par-departement_62490676.html\" target=\"_blank\" rel=\"noopener\">par d\u00e9partement et par zone<\/a>. Selon votre lieu de r\u00e9sidence, vous ne disposez donc pas du <strong>m\u00eame d\u00e9lai<\/strong> pour r\u00e9aliser cette d\u00e9marche. Voici tout ce qu\u2019il faut savoir si vous habitez dans le <a href=\"https:\/\/actu.fr\/auvergne-rhone-alpes\/rhone_69\" target=\"_blank\" rel=\"noopener\">Rh\u00f4ne<\/a>.<\/p>\n<p>Jusqu\u2019\u00e0 juin pour les contribuables du Rh\u00f4ne<\/p>\n<p class=\" wall-content\">Trois zones sont d\u00e9finies pour la campagne\u2009:<\/p>\n<ul class=\" wall-content\">\n<li>D\u00e9partements 1 \u00e0 19 et non-r\u00e9sidents\u2009: jeudi 22 mai 2025 \u00e0 23h59,<\/li>\n<li>D\u00e9partements 20 \u00e0 54\u2009: mercredi 28 mai 2025 \u00e0 23h59,<\/li>\n<li>D\u00e9partements 55 \u00e0 976\u2009: jeudi 5 juin 2025 \u00e0 23h59.<\/li>\n<\/ul>\n<p class=\" wall-content\">Les contribuables du Rh\u00f4ne (69) disposent ainsi du <strong>d\u00e9lai le plus long<\/strong> pour r\u00e9aliser leur d\u00e9claration en ligne, soit jusqu\u2019au <strong>jeudi 5\u00a0juin 2025<\/strong>. Mais pass\u00e9 cette date, des p\u00e9nalit\u00e9s s\u2019appliqueront avec une majoration du montant de votre <a href=\"https:\/\/actu.fr\/tag\/impots\" target=\"_blank\" rel=\"noopener\">imp\u00f4t<\/a> d\u00fb.<\/p>\n<p>Vid\u00e9os : en ce moment sur Actu10\u2009% de p\u00e9nalit\u00e9s d\u00e8s le lendemain<\/p>\n<p class=\" wall-content\">Pour les d\u00e9partements 55 \u00e0 97\u2009:<\/p>\n<ul class=\" wall-content\">\n<li>10\u2009% de p\u00e9nalit\u00e9s \u00e0 partir du 6\u00a0juin 2025<\/li>\n<li>20\u2009% dans les 30\u00a0jours suivant la mise en demeure<\/li>\n<li>40\u2009% dans les 30\u00a0jours apr\u00e8s la r\u00e9ception de la mise en demeure<\/li>\n<\/ul>\n<p class=\" wall-content\">\u00c0 noter que ceux ne disposant pas d\u2019un acc\u00e8s \u00e0 Internet peuvent toujours faire une d\u00e9claration papier. Les formulaires devront n\u00e9anmoins \u00eatre d\u00e9pos\u00e9s le mardi 20\u00a0mai 2025 \u00e0 23h59 au plus tard.<\/p>\n<p class=\" wall-content\">Suivez toute l\u2019actualit\u00e9 de vos villes et m\u00e9dias favoris en vous inscrivant \u00e0 <a href=\"https:\/\/moncompte.actu.fr\" title=\"D\u00e9couvez Mon Actu\" rel=\"nofollow noopener\" data-trk=\"{&quot;cta&quot;:{&quot;action&quot;:&quot;https:\\\/\\\/moncompte.actu.fr&quot;,&quot;category&quot;:&quot;mon compte&quot;,&quot;from&quot;:&quot;article footer&quot;,&quot;name&quot;:&quot;Mon actu&quot;,&quot;type&quot;:&quot;cta&quot;}}\" target=\"_blank\">Mon Actu<\/a>.<\/p>\n","protected":false},"excerpt":{"rendered":"Par Ludivine Caporal Publi\u00e9 le 12 avr. 2025 \u00e0 6h12 La campagne de d\u00e9claration de l\u2019imp\u00f4t sur le&hellip;\n","protected":false},"author":2,"featured_media":19710,"comment_status":"","ping_status":"","sticky":false,"template":"","format":"standard","meta":{"footnotes":""},"categories":[1889],"tags":[1111,11,2430,1777,674,1011,27,342,2428,12,25,104],"class_list":{"0":"post-19709","1":"post","2":"type-post","3":"status-publish","4":"format-standard","5":"has-post-thumbnail","7":"category-lyon","8":"tag-actu","9":"tag-actualites","10":"tag-auvergne-rhone-alpes","11":"tag-eu","12":"tag-europe","13":"tag-fr","14":"tag-france","15":"tag-impots","16":"tag-lyon","17":"tag-news","18":"tag-republique-francaise","19":"tag-societe"},"share_on_mastodon":{"url":"https:\/\/pubeurope.com\/@fr\/114324787948327657","error":""},"_links":{"self":[{"href":"https:\/\/www.europesays.com\/fr\/wp-json\/wp\/v2\/posts\/19709","targetHints":{"allow":["GET"]}}],"collection":[{"href":"https:\/\/www.europesays.com\/fr\/wp-json\/wp\/v2\/posts"}],"about":[{"href":"https:\/\/www.europesays.com\/fr\/wp-json\/wp\/v2\/types\/post"}],"author":[{"embeddable":true,"href":"https:\/\/www.europesays.com\/fr\/wp-json\/wp\/v2\/users\/2"}],"replies":[{"embeddable":true,"href":"https:\/\/www.europesays.com\/fr\/wp-json\/wp\/v2\/comments?post=19709"}],"version-history":[{"count":0,"href":"https:\/\/www.europesays.com\/fr\/wp-json\/wp\/v2\/posts\/19709\/revisions"}],"wp:featuredmedia":[{"embeddable":true,"href":"https:\/\/www.europesays.com\/fr\/wp-json\/wp\/v2\/media\/19710"}],"wp:attachment":[{"href":"https:\/\/www.europesays.com\/fr\/wp-json\/wp\/v2\/media?parent=19709"}],"wp:term":[{"taxonomy":"category","embeddable":true,"href":"https:\/\/www.europesays.com\/fr\/wp-json\/wp\/v2\/categories?post=19709"},{"taxonomy":"post_tag","embeddable":true,"href":"https:\/\/www.europesays.com\/fr\/wp-json\/wp\/v2\/tags?post=19709"}],"curies":[{"name":"wp","href":"https:\/\/api.w.org\/{rel}","templated":true}]}}