{"id":197091,"date":"2025-06-23T01:45:12","date_gmt":"2025-06-23T01:45:12","guid":{"rendered":"https:\/\/www.europesays.com\/fr\/197091\/"},"modified":"2025-06-23T01:45:12","modified_gmt":"2025-06-23T01:45:12","slug":"les-preuves-de-la-trahison-democratique","status":"publish","type":"post","link":"https:\/\/www.europesays.com\/fr\/197091\/","title":{"rendered":"les preuves de la trahison d\u00e9mocratique"},"content":{"rendered":"\n<p>Dans son livre intitul\u00e9 Les preuves de la trahison d\u00e9mocratique, Andr\u00e9 Bonnet revient sur l\u2019un des plus grandes scandales d\u00e9mocratiques de ces derni\u00e8res d\u00e9cennies. Malgr\u00e9 l\u2019euphorie de la caste m\u00e9diatique et politique pour l\u2019avanc\u00e9e de l\u2019agenda f\u00e9d\u00e9raliste de Bruxelles, les Fran\u00e7ais avaient vot\u00e9 en 2005 contre le trait\u00e9 \u00e9tablissant une Constitution pour l\u2019Europe, allant \u00e0 contre-courant de la doxa. Depuis vingt ans, aucun nouveau&#8230;<\/p>\n","protected":false},"excerpt":{"rendered":"Dans son livre intitul\u00e9 Les preuves de la trahison d\u00e9mocratique, Andr\u00e9 Bonnet revient sur l\u2019un des plus grandes&hellip;\n","protected":false},"author":2,"featured_media":197092,"comment_status":"","ping_status":"","sticky":false,"template":"","format":"standard","meta":{"footnotes":""},"categories":[1586],"tags":[11,251,1777,674,1779,1011,27,3246,12,33683,25,1778,364],"class_list":{"0":"post-197091","1":"post","2":"type-post","3":"status-publish","4":"format-standard","5":"has-post-thumbnail","7":"category-europe","8":"tag-actualites","9":"tag-culture","10":"tag-eu","11":"tag-europe","12":"tag-european-union","13":"tag-fr","14":"tag-france","15":"tag-idees","16":"tag-news","17":"tag-referendum-de-2005","18":"tag-republique-francaise","19":"tag-ue","20":"tag-union-europeenne"},"share_on_mastodon":{"url":"https:\/\/pubeurope.com\/@fr\/114730154315319681","error":""},"_links":{"self":[{"href":"https:\/\/www.europesays.com\/fr\/wp-json\/wp\/v2\/posts\/197091","targetHints":{"allow":["GET"]}}],"collection":[{"href":"https:\/\/www.europesays.com\/fr\/wp-json\/wp\/v2\/posts"}],"about":[{"href":"https:\/\/www.europesays.com\/fr\/wp-json\/wp\/v2\/types\/post"}],"author":[{"embeddable":true,"href":"https:\/\/www.europesays.com\/fr\/wp-json\/wp\/v2\/users\/2"}],"replies":[{"embeddable":true,"href":"https:\/\/www.europesays.com\/fr\/wp-json\/wp\/v2\/comments?post=197091"}],"version-history":[{"count":0,"href":"https:\/\/www.europesays.com\/fr\/wp-json\/wp\/v2\/posts\/197091\/revisions"}],"wp:featuredmedia":[{"embeddable":true,"href":"https:\/\/www.europesays.com\/fr\/wp-json\/wp\/v2\/media\/197092"}],"wp:attachment":[{"href":"https:\/\/www.europesays.com\/fr\/wp-json\/wp\/v2\/media?parent=197091"}],"wp:term":[{"taxonomy":"category","embeddable":true,"href":"https:\/\/www.europesays.com\/fr\/wp-json\/wp\/v2\/categories?post=197091"},{"taxonomy":"post_tag","embeddable":true,"href":"https:\/\/www.europesays.com\/fr\/wp-json\/wp\/v2\/tags?post=197091"}],"curies":[{"name":"wp","href":"https:\/\/api.w.org\/{rel}","templated":true}]}}