{"id":197093,"date":"2025-06-23T01:46:11","date_gmt":"2025-06-23T01:46:11","guid":{"rendered":"https:\/\/www.europesays.com\/fr\/197093\/"},"modified":"2025-06-23T01:46:11","modified_gmt":"2025-06-23T01:46:11","slug":"en-iran-khamenei-et-une-grande-partie-des-forces-du-cgri-nont-plus-la-capacite-ni-la-volonte-de-resoudre-cette-crise-liberation","status":"publish","type":"post","link":"https:\/\/www.europesays.com\/fr\/197093\/","title":{"rendered":"En Iran, \u00abKhamenei et une grande partie des forces du CGRI n\u2019ont plus la capacit\u00e9 ni la volont\u00e9 de r\u00e9soudre cette crise\u00bb \u2013 Lib\u00e9ration"},"content":{"rendered":"<p class=\"sc-ksZaOG ehjQrN text-element\">Apr\u00e8s plusieurs jours de sp\u00e9culations, les Etats-Unis sont donc officiellement entr\u00e9s dans le conflit entre l\u2019Iran et Isra\u00ebl. Cette intervention militaire marque une escalade dramatique dans la trajectoire de la g\u00e9opolitique au Moyen-Orient et dans les relations tendues entre les Etats-Unis et l\u2019Iran depuis pr\u00e8s d\u2019un demi-si\u00e8cle. Un point de non-retour, un peu comme apr\u00e8s <a href=\"https:\/\/www.liberation.fr\/planete\/2020\/01\/03\/iran-qassem-soleimani-infatigable-exportateur-de-la-revolution-islamique_1771585\/\" target=\"_blank\" rel=\"noopener\" title=\"https:\/\/www.liberation.fr\/planete\/2020\/01\/03\/iran-qassem-soleimani-infatigable-exportateur-de-la-revolution-islamique_1771585\/\">l\u2019assassinat du g\u00e9n\u00e9ral iranien Qassem Soleimani<\/a>, tu\u00e9 en 2020 par un drone am\u00e9ricain en Irak. Mais cette fois-ci, \u00e0 une \u00e9chelle beaucoup plus grande.<\/p>\n<p class=\"sc-ksZaOG ehjQrN text-element\">Le guide supr\u00eame iranien Ali Khamenei, largement absent de la sc\u00e8n<\/p>\n","protected":false},"excerpt":{"rendered":"Apr\u00e8s plusieurs jours de sp\u00e9culations, les Etats-Unis sont donc officiellement entr\u00e9s dans le conflit entre l\u2019Iran et Isra\u00ebl.&hellip;\n","protected":false},"author":2,"featured_media":197094,"comment_status":"","ping_status":"","sticky":false,"template":"","format":"standard","meta":{"footnotes":""},"categories":[2],"tags":[11,1011,27,3019,4884,31951,12,25],"class_list":{"0":"post-197093","1":"post","2":"type-post","3":"status-publish","4":"format-standard","5":"has-post-thumbnail","7":"category-actualites","8":"tag-actualites","9":"tag-fr","10":"tag-france","11":"tag-iran","12":"tag-iran-etats-unis","13":"tag-iran-israel-guerre","14":"tag-news","15":"tag-republique-francaise"},"share_on_mastodon":{"url":"https:\/\/pubeurope.com\/@fr\/114730158271167988","error":""},"_links":{"self":[{"href":"https:\/\/www.europesays.com\/fr\/wp-json\/wp\/v2\/posts\/197093","targetHints":{"allow":["GET"]}}],"collection":[{"href":"https:\/\/www.europesays.com\/fr\/wp-json\/wp\/v2\/posts"}],"about":[{"href":"https:\/\/www.europesays.com\/fr\/wp-json\/wp\/v2\/types\/post"}],"author":[{"embeddable":true,"href":"https:\/\/www.europesays.com\/fr\/wp-json\/wp\/v2\/users\/2"}],"replies":[{"embeddable":true,"href":"https:\/\/www.europesays.com\/fr\/wp-json\/wp\/v2\/comments?post=197093"}],"version-history":[{"count":0,"href":"https:\/\/www.europesays.com\/fr\/wp-json\/wp\/v2\/posts\/197093\/revisions"}],"wp:featuredmedia":[{"embeddable":true,"href":"https:\/\/www.europesays.com\/fr\/wp-json\/wp\/v2\/media\/197094"}],"wp:attachment":[{"href":"https:\/\/www.europesays.com\/fr\/wp-json\/wp\/v2\/media?parent=197093"}],"wp:term":[{"taxonomy":"category","embeddable":true,"href":"https:\/\/www.europesays.com\/fr\/wp-json\/wp\/v2\/categories?post=197093"},{"taxonomy":"post_tag","embeddable":true,"href":"https:\/\/www.europesays.com\/fr\/wp-json\/wp\/v2\/tags?post=197093"}],"curies":[{"name":"wp","href":"https:\/\/api.w.org\/{rel}","templated":true}]}}