{"id":197117,"date":"2025-06-23T02:01:18","date_gmt":"2025-06-23T02:01:18","guid":{"rendered":"https:\/\/www.europesays.com\/fr\/197117\/"},"modified":"2025-06-23T02:01:18","modified_gmt":"2025-06-23T02:01:18","slug":"un-mort-des-retrouvailles-ce-qui-vous-attend-dans-lultime-saison-de-la-serie","status":"publish","type":"post","link":"https:\/\/www.europesays.com\/fr\/197117\/","title":{"rendered":"Un mort, des retrouvailles\u2026 Ce qui vous attend dans l&rsquo;ultime saison de la s\u00e9rie"},"content":{"rendered":"<p>La saison 3 de La Brea n&rsquo;est pas encore disponible sur Netflix. Pour les plus impatients, T\u00e9l\u00e9-Loisirs vous r\u00e9v\u00e8le ce qui vous attend dans la saison finale de la s\u00e9rie qui cartonne sur la plateforme de streaming.<\/p>\n<p>Alors que <a href=\"https:\/\/www.programme-tv.net\/news\/series-tv\/379953-la-brea-saison-2-on-a-la-date-d-arrivee-sur-netflix\/\" data-api-deeplink=\"teleloisirs:\/\/news\/379953\" target=\"_blank\" rel=\"noopener\">la saison 2 de La Brea vient d&rsquo;\u00eatre ajout\u00e9e<\/a> au catalogue de <a href=\"https:\/\/www.programme-tv.net\/guide-netflix\/\" target=\"_blank\" rel=\"noopener\"><b>Netflix<\/b><\/a>, tous les regards se tournent vers sa troisi\u00e8me salve, qui n&rsquo;a pas encore de date de sortie sur la plateforme de streaming. Compos\u00e9e uniquement de six \u00e9pisodes, l&rsquo;ultime chapitre de La Brea apporte son lot de rebondissements. <b>Attention, la suite de cet article contient des spoilers sur la saison 3 de <\/b><b>La Brea<\/b>. Apr\u00e8s un combat intense entre deux Spinosaures, <b>les fans devront faire face \u00e0 la mort d&rsquo;un personnage pr\u00e9sent depuis la saison 1<\/b>. Apr\u00e8s avoir fait semblant de trahir ses amis, Levi Delgado a expliqu\u00e9 \u00e0 Scott qu&rsquo;il s&rsquo;est infiltr\u00e9 dans la base militaire de Maya pour tenter de retrouver Eve et de se faire pardonner aupr\u00e8s de Gavin et des autres pour tout ce qu&rsquo;il a fait. Mais lorsque Levi apprend que les soldats tentent d&rsquo;\u00e9liminer Gavin, il se met imm\u00e9diatement \u00e0 couvert et court sauver son ami. Il y parvient et indique par la m\u00eame occasion \u00e0 Gavin o\u00f9 il peut trouver Eve, mais au prix de sa vie. Levi s&rsquo;est en effet pris une balle pour sauver les Harris des hommes de main de Maya.<\/p>\n<p>                        <b>La Brea<\/b><b> saison 3 : un final marqu\u00e9 par ces retrouvailles que l&rsquo;on attendait tous <\/b><\/p>\n<p>La Brea ne se termine pas en bain de sang, bien au contraire. <b>Tout est bien qui finit bien pour Eve qui retrouve Gavin, Josh et Izzy dans le Los Angeles de 2021<\/b>. Josh a aussi droit \u00e0 une fin heureuse apr\u00e8s qu&rsquo;il retrouve Riley en convalescence \u00e0 l&rsquo;h\u00f4pital et lui avoue enfin qu&rsquo;il l&rsquo;aime depuis que leurs regards se sont crois\u00e9s. En ce qui concerne Scott, il renoue avec l&rsquo;amour de sa vie, son ex Emily. Veronica et Lucas sont plus heureux que jamais alors qu&rsquo;ils regardent la premi\u00e8re \u00e9chographie de leur b\u00e9b\u00e9.<\/p>\n<p><b>La Brea <\/b><b>: voici pourquoi vous ne verrez pas la saison 4 sur Netflix<\/b><\/p>\n<p>Contrairement \u00e0 ce que l&rsquo;on pourrait penser, La Brea ne connaissait plus autant le succ\u00e8s outre-Atlantique. En raison de ses audiences d\u00e9clinantes, <a href=\"https:\/\/www.programme-tv.net\/news\/series-tv\/366194-malgre-son-annulation-et-sa-note-catastrophique-cette-serie-de-science-fiction-passe-numero-2-du-top-netflix\/\" data-api-deeplink=\"teleloisirs:\/\/news\/366194\" target=\"_blank\" rel=\"noopener\">la s\u00e9rie a \u00e9t\u00e9 annul\u00e9e par la cha\u00eene NBC<\/a>. Malgr\u00e9 une saison 2 en demi-teinte, La Brea a eu droit \u00e0 une troisi\u00e8me et derni\u00e8re salve plus courte. Celle-ci s&rsquo;est d&rsquo;ailleurs conclue avec un double \u00e9pisode qui n&rsquo;avait rassembl\u00e9 que 2 millions de curieux aux \u00c9tats-Unis.<\/p>\n<p>Article \u00e9crit en collaboration avec 6M\u00e9dias<\/p>\n","protected":false},"excerpt":{"rendered":"La saison 3 de La Brea n&rsquo;est pas encore disponible sur Netflix. Pour les plus impatients, T\u00e9l\u00e9-Loisirs vous&hellip;\n","protected":false},"author":2,"featured_media":197118,"comment_status":"","ping_status":"","sticky":false,"template":"","format":"standard","meta":{"footnotes":""},"categories":[1356],"tags":[244,58,59,1011,27,33687,33684,33685,33686,127,1722,129,252,1364],"class_list":{"0":"post-197117","1":"post","2":"type-post","3":"status-publish","4":"format-standard","5":"has-post-thumbnail","7":"category-television","8":"tag-commentaire","9":"tag-divertissement","10":"tag-entertainment","11":"tag-fr","12":"tag-france","13":"tag-la-brea","14":"tag-la-brea-02112022-211000-tf1","15":"tag-la-brea-02112022-224500-tf1","16":"tag-la-brea-51979466","17":"tag-netflix","18":"tag-pub-streaming-netflix","19":"tag-svod","20":"tag-television","21":"tag-tv"},"share_on_mastodon":{"url":"https:\/\/pubeurope.com\/@fr\/114730217221562144","error":""},"_links":{"self":[{"href":"https:\/\/www.europesays.com\/fr\/wp-json\/wp\/v2\/posts\/197117","targetHints":{"allow":["GET"]}}],"collection":[{"href":"https:\/\/www.europesays.com\/fr\/wp-json\/wp\/v2\/posts"}],"about":[{"href":"https:\/\/www.europesays.com\/fr\/wp-json\/wp\/v2\/types\/post"}],"author":[{"embeddable":true,"href":"https:\/\/www.europesays.com\/fr\/wp-json\/wp\/v2\/users\/2"}],"replies":[{"embeddable":true,"href":"https:\/\/www.europesays.com\/fr\/wp-json\/wp\/v2\/comments?post=197117"}],"version-history":[{"count":0,"href":"https:\/\/www.europesays.com\/fr\/wp-json\/wp\/v2\/posts\/197117\/revisions"}],"wp:featuredmedia":[{"embeddable":true,"href":"https:\/\/www.europesays.com\/fr\/wp-json\/wp\/v2\/media\/197118"}],"wp:attachment":[{"href":"https:\/\/www.europesays.com\/fr\/wp-json\/wp\/v2\/media?parent=197117"}],"wp:term":[{"taxonomy":"category","embeddable":true,"href":"https:\/\/www.europesays.com\/fr\/wp-json\/wp\/v2\/categories?post=197117"},{"taxonomy":"post_tag","embeddable":true,"href":"https:\/\/www.europesays.com\/fr\/wp-json\/wp\/v2\/tags?post=197117"}],"curies":[{"name":"wp","href":"https:\/\/api.w.org\/{rel}","templated":true}]}}